{"id":1326,"date":"2019-10-20T18:39:34","date_gmt":"2019-10-20T16:39:34","guid":{"rendered":"http:\/\/parafia.scinawa.info\/?p=1326"},"modified":"2019-10-20T18:40:21","modified_gmt":"2019-10-20T16:40:21","slug":"intencje-mszalne-20-10-27-10-2019","status":"publish","type":"post","link":"http:\/\/parafia.scinawa.info\/index.php\/2019\/10\/20\/intencje-mszalne-20-10-27-10-2019\/","title":{"rendered":"INTENCJE MSZALNE 20.10. \u2013 27.10. 2019"},"content":{"rendered":"\n<p>&nbsp;<strong><em>20.10. \u2013 NIEDZIELA&nbsp; <\/em><\/strong><\/p>\n\n\n\n<p><strong>&nbsp;8.oo <\/strong><\/p>\n\n\n\n<p><strong>1) <\/strong>++ rodzic\u00f3w: Mari\u0119 i Stanis\u0142awa, te\u015bci\u00f3w: Ann\u0119 i Micha\u0142a, m\u0119\u017ca Stefana, brata Henryka, W\u0142adys\u0142awa, ++&nbsp; z rodziny Horaczewskich, Dec\u00f3w, Bartoszewskich \u2013 modli si\u0119 Krystyna z rodzin\u0105<\/p>\n\n\n\n<p><strong>2)<\/strong> + Stanis\u0142awa Chirowskiego \u2013 modli si\u0119 \u017cona z dzie\u0107mi i wnukami<\/p>\n\n\n\n<p><strong>9.3o \u2013<\/strong> zaj. P. Draczy\u0144ska<\/p>\n\n\n\n<p><strong>11.oo \u2013 <\/strong><\/p>\n\n\n\n<p><strong>1) <\/strong>&nbsp;+ W\u0142adys\u0142aw\u0119 Mazurkiewicz \u2013 gregorianka 20<\/p>\n\n\n\n<p><strong>2) <\/strong>&nbsp;++ rodzic\u00f3w: Zofi\u0119 i Jana Ca\u0142ych, dziadk\u00f3w: Rozali\u0119 i Franciszka Ca\u0142ych, Mari\u0119 i Franciszka Krawczyszyn\u00f3w \u2013 modl\u0105 si\u0119 dzieci i wnuki<\/p>\n\n\n\n<p><strong>12.3o<\/strong><\/p>\n\n\n\n<p><strong>1) <\/strong>&nbsp;<strong>+ Jana \u015awi\u0119talskiego \u2013 gregorianka 2<\/strong><\/p>\n\n\n\n<p><strong>2)<\/strong> ++ W\u0142odzimierza Rolewicza, Krystyn\u0119, Les\u0142awa, Jadwig\u0119 i Franciszka Grajk\u00f3w \u2013 modli si\u0119 rodzina<\/p>\n\n\n\n<p><strong>18.oo\n\u2013&nbsp; 1) <\/strong>w 90 rocz.\nurodzin Genowefy Wr\u00f3bel dzi\u0119kczynna z pro\u015bb\u0105 o zdrowie, dary Ducha &nbsp; \u015awi\u0119tego, Bo\u017ce b\u0142ogos\u0142awie\u0144stwo i opiek\u0119 NMP \u2013 modli si\u0119 rodzina &nbsp;<\/p>\n\n\n\n<p><strong>&nbsp;2)<\/strong> ++ rodzic\u00f3w:\nKlementyn\u0119 i Adama, dziadk\u00f3w z obu stron, doktor Zin\u0119 i dusze w czy\u015b\u0107cu\ncierpi\u0105ce<\/p>\n\n\n\n<p><strong><em>21.10.\n\u2013 PONIEDZIA\u0141EK<\/em><\/strong><\/p>\n\n\n\n<p><strong>&nbsp; 7.oo<\/strong><\/p>\n\n\n\n<p><strong>1) <\/strong>&nbsp;++ rodzic\u00f3w: Ma\u0142gorzat\u0119 i J\u00f3zefa, Marie i W\u0142adys\u0142awa oraz siostr\u0119 zakonn\u0105 Gemm\u0119 <\/p>\n\n\n\n<p><strong>2) + Jana \u015awi\u0119talskiego \u2013 gregorianka 3<\/strong><\/p>\n\n\n\n<p><strong>18.oo \u2013 <\/strong><\/p>\n\n\n\n<p><strong>1) <\/strong>&nbsp;+ W\u0142adys\u0142aw\u0119 Mazurkiewicz \u2013 gregorianka 21<\/p>\n\n\n\n<p><strong>2)<\/strong> ++ brata Jana i bratow\u0105 Helen\u0119 z rodziny Mazur\u00f3w &nbsp;<\/p>\n\n\n\n<p><strong><em>22.10.\n&#8211; WTOREK<\/em><\/strong><em><\/em><\/p>\n\n\n\n<p><strong>&nbsp; 7.oo<\/strong><\/p>\n\n\n\n<p><strong>1) <\/strong>&nbsp;+ W\u0142adys\u0142aw\u0119 Mazurkiewicz \u2013 gregorianka 22<\/p>\n\n\n\n<p><strong>2) + Jana \u015awi\u0119talskiego \u2013 gregorianka 4<\/strong><\/p>\n\n\n\n<p><strong>18.oo<\/strong><\/p>\n\n\n\n<p><strong>1) <\/strong>w 15 rocz. \u015bm. taty Stanis\u0142awa Soli\u0144skiego \u2013 modli si\u0119 c\u00f3rka <\/p>\n\n\n\n<p><strong>2)<\/strong> w 60 rocz. urodzin m\u0119\u017ca Paw\u0142a oraz w 5 rocz. urodzin wnuczki Marty dzi\u0119kczynna z pro\u015bb\u0105 o zdrowie, dary Ducha \u015awi\u0119tego, Bo\u017ce b\u0142ogos\u0142awie\u0144stwo i opiek\u0119 NMP&nbsp; \u2013 modli si\u0119 rodzina<\/p>\n\n\n\n<p><strong><em>23.10.\n\u2013 \u015aRODA <\/em><\/strong><\/p>\n\n\n\n<p><strong>&nbsp; 7.oo<\/strong><\/p>\n\n\n\n<p><strong>1) <\/strong>&nbsp;+ W\u0142adys\u0142aw\u0119 Mazurkiewicz \u2013 gregorianka 23<\/p>\n\n\n\n<p><strong> 2) + Jana \u015awi\u0119talskiego \u2013 gregorianka 5<\/strong><\/p>\n\n\n\n<p><strong>18.oo\n\u2013&nbsp; intencja zbiorowa nowennowa:<\/strong><\/p>\n\n\n\n<p><strong>1)<\/strong>\n+ Romana Warcho\u0142a \u2013 modli si\u0119 szwagier z rodzin\u0105<\/p>\n\n\n\n<p><strong>2)<\/strong>\nw intencji wnuczki i wnuk\u00f3w o \u015bwiat\u0142o Ducha \u015awi\u0119tego, Bo\u017ce b\u0142ogos\u0142awie\u0144stwo i\nopiek\u0119 NMP &nbsp; \u2013 modl\u0105 si\u0119 dziadkowie<\/p>\n\n\n\n<p><strong><em>24.10.\n\u2013 CZWARTEK <\/em><\/strong><em>&nbsp;<\/em><\/p>\n\n\n\n<p><strong>7.oo \u2013<\/strong> &nbsp;<strong>+ Jana \u015awi\u0119talskiego \u2013 gregorianka 6<\/strong><\/p>\n\n\n\n<p><strong>18.oo <\/strong><\/p>\n\n\n\n<p><strong>1) <\/strong>&nbsp;+ W\u0142adys\u0142aw\u0119 Mazurkiewicz \u2013 gregorianka 24<\/p>\n\n\n\n<p><strong>2)<\/strong> + Aleksandr\u0119 Knap \u2013 intencja od Teresy i Krzysztofa Kuc\u00f3w<\/p>\n\n\n\n<p><strong>3)<\/strong> ++ rodzic\u00f3w: Jana i Mari\u0119 \u2013 modl\u0105 si\u0119 dzieci z rodzinami<\/p>\n\n\n\n<p><strong><em>25.10.\n\u2013 PI\u0104TEK<\/em><\/strong><\/p>\n\n\n\n<p><strong>7.oo \u2013<\/strong> &nbsp;<\/p>\n\n\n\n<p><strong>1) <\/strong>++ rodzic\u00f3w z obu stron: Marianne i Leona, Jadwig\u0119 i Kazimierza oraz rodze\u0144stwo \u2013 modli si\u0119 rodzina <\/p>\n\n\n\n<p><strong>2) + Jana \u015awi\u0119talskiego \u2013 gregorianka 7<\/strong><\/p>\n\n\n\n<p><strong>18.oo <\/strong><\/p>\n\n\n\n<p><strong>1) <\/strong>&nbsp;+ W\u0142adys\u0142aw\u0119 Mazurkiewicz \u2013 gregorianka 25<\/p>\n\n\n\n<p><strong> 2)<\/strong> &nbsp;+ Stanis\u0142awa w 16 rocz. \u015bm. \u2013 modli si\u0119 \u017cona i syn<\/p>\n\n\n\n<p><strong>3) <\/strong>w 10 rocz. \u015blubu Magdaleny i Jana Stukus\u00f3w dzi\u0119kczynna z pro\u015bb\u0105 o zdrowie, dary Ducha \u015awi\u0119tego, Bo\u017ce b\u0142ogos\u0142awie\u0144stwo i opiek\u0119 NMP \u2013 modli si\u0119 rodzina<\/p>\n\n\n\n<p><strong><em>26.10.\n\u2013 SOBOTA<\/em><\/strong><\/p>\n\n\n\n<p><strong>&nbsp; 7.oo<\/strong><\/p>\n\n\n\n<p><strong>1) <\/strong>&nbsp;+ W\u0142adys\u0142aw\u0119 Mazurkiewicz \u2013 gregorianka 26<\/p>\n\n\n\n<p><strong> 2) + Jana \u015awi\u0119talskiego \u2013 gregorianka 8<\/strong><\/p>\n\n\n\n<p><strong>16.oo\n\u2013<\/strong>\nw 70 rocz. Ko\u0142a Polskiego Zwi\u0105zku W\u0119dkarskiego w \u015acinawie dzi\u0119kczynna z pro\u015bb\u0105 o zdrowie, dary Ducha \u015awi\u0119tego, Bo\u017ce b\u0142ogos\u0142awie\u0144stwo i opiek\u0119 NMP oraz ++ w\u0119dkarzy, dzia\u0142aczy i przyjaci\u00f3\u0142 Ko\u0142a \u2013 modl\u0105 si\u0119 cz\u0142onkowie Ko\u0142a z rodzinami<\/p>\n\n\n\n<p><strong>18.oo<\/strong><\/p>\n\n\n\n<p><strong>1) <\/strong>&nbsp;+ Jerzego oraz ++ rodzic\u00f3w i rodze\u0144stwo \u2013 modli si\u0119 c\u00f3rka z rodzin\u0105<\/p>\n\n\n\n<p><strong> 2)<\/strong> &nbsp;++ dziadk\u00f3w z rodziny Kupczy\u0144skich i Zagrodnych \u2013 modli si\u0119 rodzina<\/p>\n\n\n\n<p><strong><em>27.10.\n\u2013 NIEDZIELA&nbsp; <\/em><\/strong><\/p>\n\n\n\n<p><strong>&nbsp; 8.oo<\/strong><\/p>\n\n\n\n<p><strong>1) <\/strong>&nbsp;++ rodzic\u00f3w: W\u0142adys\u0142awa i Franciszk\u0119 Tomaszkiewicz\u00f3w, Ann\u0119, Franciszka i Zbigniewa So\u015bnickich, siostr\u0119 Helen\u0119, Jana i Romana \u2013 modli si\u0119 rodzina<\/p>\n\n\n\n<p><strong>2)<\/strong> ++ Tomasza w 8 rocz. \u015bm. oraz J\u00f3zef\u0119 i Leona, Mariann\u0119 i Ignacego \u2013 modli si\u0119 rodzina<\/p>\n\n\n\n<p><strong>&nbsp; 9.3o \u2013<\/strong> ++ m\u0119\u017ca Piotra,\nte\u015bci\u00f3w: Ew\u0119 i Kazimierza, brata Krzysztofa i chrzestn\u0105 Ann\u0119 \u2013 modli si\u0119 \u017cona z dzie\u0107mi<\/p>\n\n\n\n<p><strong>11.oo<\/strong><\/p>\n\n\n\n<p><strong> 1) <\/strong>&nbsp;<strong>+ Jana \u015awi\u0119talskiego \u2013 gregorianka 9<\/strong><\/p>\n\n\n\n<p><strong> 2) <\/strong>&nbsp;w 50 rocz. \u015blubu Krystyny i Franciszka Szumnych&nbsp; dzi\u0119kczynna z pro\u015bb\u0105 o zdrowie, dary Ducha \u015awi\u0119tego, Bo\u017ce b\u0142ogos\u0142awie\u0144stwo i opiek\u0119 NMP \u2013 modl\u0105 si\u0119 dzieci z rodzinami<\/p>\n\n\n\n<p><strong>3) <\/strong>w 45 rocz. \u015blubu Urszuli i Zbigniewa Beni\u00f3w dzi\u0119kczynna z pro\u015bb\u0105 o zdrowie, dary Ducha \u015awi\u0119tego, Bo\u017ce b\u0142ogos\u0142awie\u0144stwo i opiek\u0119 NMP \u2013 modli si\u0119 syn Mariusz<\/p>\n\n\n\n<p><strong>12.3o <\/strong><\/p>\n\n\n\n<p><strong>1) <\/strong>&nbsp;++ Filomen\u0119 i Franciszka Trubickich, El\u017cbiet\u0119 Demczak oraz ++ z rodziny Trubickich,Koz\u0142owskich, Kulczyckich i Serafin\u00f3w<\/p>\n\n\n\n<p><strong>2)<\/strong>&nbsp; ++ rodzic\u00f3w: Stefana i Wand\u0119 Mendruni\u00f3w \u2013 modli si\u0119 c\u00f3rka z rodzin\u0105<\/p>\n\n\n\n<p><strong><em>chrzest\npo Mszy: Adam Judzi\u0144ski i Miko\u0142aj Judzi\u0144ski<\/em><\/strong><\/p>\n\n\n\n<p><strong>18.oo <\/strong><\/p>\n\n\n\n<p><strong>1) <\/strong>&nbsp;+ W\u0142adys\u0142aw\u0119 Mazurkiewicz \u2013 gregorianka 27<\/p>\n\n\n\n<p><strong>2)<\/strong> ++ rodzic\u00f3w: Otoli\u0119 w 3 rocz. \u015bm. i Tadeusza w 39 rocz. \u015bm. \u2013 modli si\u0119 c\u00f3rka<\/p>\n","protected":false},"excerpt":{"rendered":"<p>&nbsp;20.10. \u2013 NIEDZIELA&nbsp; &nbsp;8.oo 1) ++ rodzic\u00f3w: Mari\u0119 i Stanis\u0142awa, te\u015bci\u00f3w: Ann\u0119 i Micha\u0142a, m\u0119\u017ca Stefana, brata Henryka, W\u0142adys\u0142awa, ++&nbsp; z rodziny Horaczewskich, Dec\u00f3w, Bartoszewskich \u2013 modli si\u0119 Krystyna z rodzin\u0105 2) + Stanis\u0142awa Chirowskiego \u2013 modli si\u0119 \u017cona z dzie\u0107mi i wnukami 9.3o \u2013 zaj. P. Draczy\u0144ska 11.oo \u2013&#8230; <a class=\"continue-reading-link\" href=\"http:\/\/parafia.scinawa.info\/index.php\/2019\/10\/20\/intencje-mszalne-20-10-27-10-2019\/\">Czytaj dalej <span class=\"meta-nav\">&rarr; <\/span><\/a><\/p>\n","protected":false},"author":1,"featured_media":0,"comment_status":"closed","ping_status":"closed","sticky":false,"template":"","format":"standard","meta":{"footnotes":""},"categories":[39],"tags":[],"class_list":["post-1326","post","type-post","status-publish","format-standard","hentry","category-intencje"],"_links":{"self":[{"href":"http:\/\/parafia.scinawa.info\/index.php\/wp-json\/wp\/v2\/posts\/1326","targetHints":{"allow":["GET"]}}],"collection":[{"href":"http:\/\/parafia.scinawa.info\/index.php\/wp-json\/wp\/v2\/posts"}],"about":[{"href":"http:\/\/parafia.scinawa.info\/index.php\/wp-json\/wp\/v2\/types\/post"}],"author":[{"embeddable":true,"href":"http:\/\/parafia.scinawa.info\/index.php\/wp-json\/wp\/v2\/users\/1"}],"replies":[{"embeddable":true,"href":"http:\/\/parafia.scinawa.info\/index.php\/wp-json\/wp\/v2\/comments?post=1326"}],"version-history":[{"count":2,"href":"http:\/\/parafia.scinawa.info\/index.php\/wp-json\/wp\/v2\/posts\/1326\/revisions"}],"predecessor-version":[{"id":1328,"href":"http:\/\/parafia.scinawa.info\/index.php\/wp-json\/wp\/v2\/posts\/1326\/revisions\/1328"}],"wp:attachment":[{"href":"http:\/\/parafia.scinawa.info\/index.php\/wp-json\/wp\/v2\/media?parent=1326"}],"wp:term":[{"taxonomy":"category","embeddable":true,"href":"http:\/\/parafia.scinawa.info\/index.php\/wp-json\/wp\/v2\/categories?post=1326"},{"taxonomy":"post_tag","embeddable":true,"href":"http:\/\/parafia.scinawa.info\/index.php\/wp-json\/wp\/v2\/tags?post=1326"}],"curies":[{"name":"wp","href":"https:\/\/api.w.org\/{rel}","templated":true}]}}