{"id":1330,"date":"2019-10-12T18:44:00","date_gmt":"2019-10-12T16:44:00","guid":{"rendered":"http:\/\/parafia.scinawa.info\/?p=1330"},"modified":"2019-10-20T18:50:45","modified_gmt":"2019-10-20T16:50:45","slug":"intencje-mszalne-13-10-20-10-2019","status":"publish","type":"post","link":"http:\/\/parafia.scinawa.info\/index.php\/2019\/10\/12\/intencje-mszalne-13-10-20-10-2019\/","title":{"rendered":"INTENCJE MSZALNE 13.10. \u2013 20.10. 2019"},"content":{"rendered":"\n<p>Sk\u0142adaj\u0105c Ofiar\u0119, kt\u00f3ra nam przypomina niezmierzon\u0105 mi\u0142o\u015b\u0107 Twojego Syna, pokornie prosimy Ci\u0119, Bo\u017ce, przyjmij intencje Twoich wiernych i spraw przez dzia\u0142anie Eucharystii, aby w naszych rodzinach wzrasta\u0142a prawdziwa wiara, \u015bwi\u0119to\u015b\u0107 \u017cycia, braterska mi\u0142o\u015b\u0107 i duch modlitwy. Niech Matka Naj\u015bwi\u0119tsza wyprosi \u0142aski, o kt\u00f3re modlili\u015bmy si\u0119 w tej Mszy \u015bw. dla \u2026 Za\u015b zmar\u0142ym \u2026 za kt\u00f3rych odprawiali\u015bmy Msz\u0119 \u015bw.: wieczny odpoczynek racz im da\u0107 Panie (\u2026); niech odpoczywaj\u0105 w pokoju wiecznym. Amen<br><strong> 13.10. \u2013 NIEDZIELA  <\/strong><br> 8.oo<br> 1) ++ W\u0142adys\u0142aw\u0119 w 6 rocz. \u015bm., Kazimier\u0119, J\u00f3zefa, Stanis\u0142awa i ++ rodze\u0144stwo z rodziny Szymczak\u00f3w \u2013 modli si\u0119 rodzina <br> 2) w 45 rocz. urodzin Joanny dzi\u0119kczynna z pro\u015bb\u0105 o zdrowie, dary Ducha \u015awi\u0119tego, Bo\u017ce b\u0142ogos\u0142awie\u0144stwo, opiek\u0119 NMP<br> 9.3o<br> 1) ++ J\u00f3zef\u0119 i Stanis\u0142awa z rodziny Sulim\u00f3w oraz ++ ich rodzic\u00f3w<br> 2) + Jan Jastrz\u0119bski w 1 miesi\u0105c po \u015bm. \u2013 modl\u0105 si\u0119 \u017cona i syn z rodzin\u0105<br> 11.oo \u2013 <br> 1)  + m\u0119\u017ca Czes\u0142awa Kusztelaka w 4 rocz. \u015bm. oraz ++ rodzic\u00f3w: Lucjana i Krystyn\u0119 Zawadzkich, Jana i Franciszk\u0119 Kusztelak\u00f3w \u2013 modli si\u0119 \u017cona z dzie\u0107mi i wnukami<br> 2) ++ rodzic\u00f3w: J\u00f3zef\u0119, Franciszk\u0119 i J\u00f3zefa z rodziny Kucharczyk\u00f3w \u2013 modli si\u0119 c\u00f3rka Bronis\u0142awa <br> 12.30<br> 1)  w 12 rocz. urodzin Katarzyny Pytlarz dzi\u0119kczynna z pro\u015bb\u0105 o zdrowie, dary Ducha \u015awi\u0119tego, Bo\u017ce b\u0142ogos\u0142awie\u0144stwo i opiek\u0119 NMP \u2013 modli si\u0119 rodzina<br> 2)  ++ rodzic\u00f3w: Antonin\u0119 i J\u00f3zefa Grzywacz\u00f3w oraz Katarzyn\u0119 i Franciszka Marusiak\u00f3w<br> 18.oo<br> 1) + W\u0142adys\u0142aw\u0119 Mazurkiewicz \u2013 gregorianka 13 <br> 2) + Aleksandr\u0119 Knap \u2013 intencja od rodziny Knap\u00f3w z Rychwa\u0142du<\/p>\n\n\n\n<p><strong>14.10. \u2013 PONIEDZIA\u0141EK<\/strong><br> 7.oo \u2013  + Halin\u0119 Tymkowsk\u0105 w 11 rocz. \u015bm. \u2013 modli si\u0119 rodzina<br> 18.oo<br> 1)  + W\u0142adys\u0142aw\u0119 Mazurkiewicz \u2013 gregorianka 14<br> 2)  ++ Eugeni\u0119 w 43 rocz. \u015bm. i Ludwika w 38 rocz. \u015bm. z rodziny Spanier\u00f3w oraz Gabriel\u0119 Wypch\u0142o w 1 rocz. \u015bm. <br> 3) + Franciszka Mykietyszyna w 1 rocz. \u015bm. \u2013 modli si\u0119 \u017cona, dzieci i wnuki<\/p>\n\n\n\n<p><strong>15.10. &#8211; WTOREK<\/strong><br> 7.oo \u2013 + W\u0142adys\u0142aw\u0119 Mazurkiewicz \u2013 gregorianka 15<br> 18.oo \u2013  <br> 1) + Jana \u017bebrowskiego w 4 rocz. \u015bm., ++ rodzic\u00f3w: Wiktora i Genowef\u0119 \u017bebrowskich oraz Stanis\u0142awa i Stefanie Rzepeckich \u2013 modli si\u0119 rodzina<br> 2) + m\u0119\u017ca Stanis\u0142awa Kozio\u0142a w 21 rocz. \u015bm. oraz ++ rodzic\u00f3w i siostr\u0119 Zofi\u0119 \u2013 modli si\u0119 rodzina<\/p>\n\n\n\n<p><strong>16.10. \u2013 \u015aRODA <\/strong><br> 7.oo<br> 1) + W\u0142adys\u0142aw\u0119 Mazurkiewicz \u2013 gregorianka 16 <br> 2) ++ rodzic\u00f3w: Zofi\u0119 i Wincentego Zarasi\u00f3w, Regin\u0119 i W\u0142adys\u0142awa Idczak\u00f3w oraz ++ rodze\u0144stwo Janin\u0119, Bronis\u0142aw\u0119 i Zenobi\u0119 Idczak\u00f3w i Krzysztofa Zakrockiego \u2013 modli si\u0119 rodzina<br> 18.oo \u2013  intencja zbiorowa nowennowa:<br> 1) w 20 rocz. \u015blubu Ma\u0142gorzaty i Andrzeja Posmyk\u00f3w dzi\u0119kczynna z pro\u015bb\u0105 o zdrowie, dary Ducha \u015awi\u0119tego, Bo\u017ce b\u0142ogos\u0142awie\u0144stwo i opiek\u0119 NMP \u2013 modli si\u0119 rodzina<br> 2) w 15 rocz. \u015blubu Magdaleny i Jaros\u0142awa Siwak\u00f3w dzi\u0119kczynna z pro\u015bb\u0105 o zdrowie, dary Ducha \u015awi\u0119tego, Bo\u017ce b\u0142ogos\u0142awie\u0144stwo i opiek\u0119 NMP<br> 3) + Paw\u0142a Nimczyka \u2013 30 dzie\u0144 od pogrzebu \u2013 intencja od uczestnik\u00f3w Mszy pogrzebowej<br> 4) + Stefana w 17 rocz. \u015bm.<br> 5) + W\u0142adys\u0142awa Wi\u0119cka w 1 miesi\u0105c po \u015bm. &#8211;  modli si\u0119 c\u00f3rka z dzie\u0107mi<br> 6) w intencji si\u00f3str Jadwi\u017canek z racji patronalnego \u015bwi\u0119ta<\/p>\n\n\n\n<p><strong>17.10. \u2013 CZWARTEK  <\/strong><br> 7.oo \u2013  + W\u0142adys\u0142aw\u0119 Mazurkiewicz \u2013 gregorianka 17<br> 18.oo<br> 1) w 90 rocz. urodzin Ludwiki Kubowskiej dzi\u0119kczynna z pro\u015bb\u0105 o zdrowie, dary Ducha \u015awi\u0119tego, Bo\u017ce b\u0142ogos\u0142awie\u0144stwo i opiek\u0119 NMP <br> 2) + Aleksandr\u0119 Knap \u2013 intencja od Agnieszki Zo\u0144 z rodzin\u0105<\/p>\n\n\n\n<p><strong>18.10. \u2013 PI\u0104TEK<\/strong><br> 7.oo  <br> 18.oo<br> 1) + W\u0142adys\u0142aw\u0119 Mazurkiewicz \u2013 gregorianka 18<br> 2) + Wies\u0142awa Cichut\u0119 w dniu ziemskich urodzin \u2013 modli si\u0119 rodzina  <\/p>\n\n\n\n<p><strong>19.10. \u2013 SOBOTA<\/strong><br> 7.oo \u2013 <br> 18.oo<br> 1) + W\u0142adys\u0142aw\u0119 Mazurkiewicz \u2013 gregorianka 19  <br> 2) + Jana \u015awi\u0119talskiego \u2013 gregorianka 1 <\/p>\n\n\n\n<p><strong>20.10. \u2013 NIEDZIELA<\/strong>  <br> 8.oo<br> 1) ++ rodzic\u00f3w: Mari\u0119 i Stanis\u0142awa, te\u015bci\u00f3w: Ann\u0119 i Micha\u0142a, m\u0119\u017ca Stefana, brata Henryka, W\u0142adys\u0142awa, ++  z rodziny Horaczewskich, Dec\u00f3w, Bartoszewskich \u2013 modli si\u0119 Krystyna z rodzin\u0105<br> 2) + Stanis\u0142awa Chirowskiego \u2013 modli si\u0119 \u017cona z dzie\u0107mi i wnukami<br> 9.3o \u2013 zaj. P. Draczy\u0144ska<br> 11.oo<br> 1)  + W\u0142adys\u0142aw\u0119 Mazurkiewicz \u2013 gregorianka 20<br> 2)  ++ rodzic\u00f3w: Zofi\u0119 i Jana Ca\u0142ych, dziadk\u00f3w: Rozali\u0119 i Franciszka Ca\u0142ych, Mari\u0119 i Franciszka Krawczyszyn\u00f3w \u2013 modl\u0105 si\u0119 dzieci i wnuki<br> 12.3o \u2013 <br> 1)  + Jana \u015awi\u0119talskiego \u2013 gregorianka 2<br> 2) ++ W\u0142odzimierza Rolewicza, Krystyn\u0119, Les\u0142awa, Jadwig\u0119 i Franciszka Grajk\u00f3w \u2013 modli si\u0119 rodzina<br> 18.oo <br> 1) w 90 rocz. urodzin Genowefy Wr\u00f3bel dzi\u0119kczynna z pro\u015bb\u0105 o zdrowie, dary Ducha \u015awi\u0119tego, Bo\u017ce b\u0142ogos\u0142awie\u0144stwo i opiek\u0119 NMP \u2013 modli si\u0119 rodzina  <br> 2) ++ rodzic\u00f3w: Klementyn\u0119 i Adama, dziadk\u00f3w z obu stron, doktor Zin\u0119 i dusze w czy\u015b\u0107cu cierpi\u0105ce<\/p>\n","protected":false},"excerpt":{"rendered":"<p>Sk\u0142adaj\u0105c Ofiar\u0119, kt\u00f3ra nam przypomina niezmierzon\u0105 mi\u0142o\u015b\u0107 Twojego Syna, pokornie prosimy Ci\u0119, Bo\u017ce, przyjmij intencje Twoich wiernych i spraw przez dzia\u0142anie Eucharystii, aby w naszych rodzinach wzrasta\u0142a prawdziwa wiara, \u015bwi\u0119to\u015b\u0107 \u017cycia, braterska mi\u0142o\u015b\u0107 i duch modlitwy. Niech Matka Naj\u015bwi\u0119tsza wyprosi \u0142aski, o kt\u00f3re modlili\u015bmy si\u0119 w tej Mszy \u015bw. dla&#8230; <a class=\"continue-reading-link\" href=\"http:\/\/parafia.scinawa.info\/index.php\/2019\/10\/12\/intencje-mszalne-13-10-20-10-2019\/\">Czytaj dalej <span class=\"meta-nav\">&rarr; <\/span><\/a><\/p>\n","protected":false},"author":1,"featured_media":0,"comment_status":"closed","ping_status":"closed","sticky":false,"template":"","format":"standard","meta":{"footnotes":""},"categories":[39],"tags":[],"class_list":["post-1330","post","type-post","status-publish","format-standard","hentry","category-intencje"],"_links":{"self":[{"href":"http:\/\/parafia.scinawa.info\/index.php\/wp-json\/wp\/v2\/posts\/1330","targetHints":{"allow":["GET"]}}],"collection":[{"href":"http:\/\/parafia.scinawa.info\/index.php\/wp-json\/wp\/v2\/posts"}],"about":[{"href":"http:\/\/parafia.scinawa.info\/index.php\/wp-json\/wp\/v2\/types\/post"}],"author":[{"embeddable":true,"href":"http:\/\/parafia.scinawa.info\/index.php\/wp-json\/wp\/v2\/users\/1"}],"replies":[{"embeddable":true,"href":"http:\/\/parafia.scinawa.info\/index.php\/wp-json\/wp\/v2\/comments?post=1330"}],"version-history":[{"count":1,"href":"http:\/\/parafia.scinawa.info\/index.php\/wp-json\/wp\/v2\/posts\/1330\/revisions"}],"predecessor-version":[{"id":1331,"href":"http:\/\/parafia.scinawa.info\/index.php\/wp-json\/wp\/v2\/posts\/1330\/revisions\/1331"}],"wp:attachment":[{"href":"http:\/\/parafia.scinawa.info\/index.php\/wp-json\/wp\/v2\/media?parent=1330"}],"wp:term":[{"taxonomy":"category","embeddable":true,"href":"http:\/\/parafia.scinawa.info\/index.php\/wp-json\/wp\/v2\/categories?post=1330"},{"taxonomy":"post_tag","embeddable":true,"href":"http:\/\/parafia.scinawa.info\/index.php\/wp-json\/wp\/v2\/tags?post=1330"}],"curies":[{"name":"wp","href":"https:\/\/api.w.org\/{rel}","templated":true}]}}