{"id":1332,"date":"2019-10-12T18:52:16","date_gmt":"2019-10-12T16:52:16","guid":{"rendered":"http:\/\/parafia.scinawa.info\/?p=1332"},"modified":"2019-10-20T18:53:43","modified_gmt":"2019-10-20T16:53:43","slug":"28-niedziela-zwykla-13-10-2019","status":"publish","type":"post","link":"http:\/\/parafia.scinawa.info\/index.php\/2019\/10\/12\/28-niedziela-zwykla-13-10-2019\/","title":{"rendered":"28 Niedziela zwyk\u0142a \u2013 13.10. 2019"},"content":{"rendered":"\n<p><strong>1.<\/strong> Dzi\u015b\nprze\u017cywamy <strong><em>28 Niedziel\u0119 zwyk\u0142\u0105<\/em><\/strong> oraz Niedziel\u0119\npapiesk\u0105. Msze \u015bw. wg\nporz\u0105dku niedzielnego. Jak\nco roku we wszystkich ko\u015bcio\u0142ach Polski zbierane s\u0105 ofiary do puszek\nprzeznaczone na Fundacj\u0119 Jana Paw\u0142a II \u2013 Dzie\u0142o Nowego Tysi\u0105clecia. &nbsp;W naszej\nparafii po ka\u017cdej Mszy \u015bw. mo\u017cna nabywa\u0107 r\u00f3wnie\u017c krem\u00f3wki papieskie po <strong>4.00<\/strong> z\u0142.<\/p>\n\n\n\n<p><strong>2<\/strong><strong>.<\/strong> Msze \u015bw. w tygodniu&nbsp; o <strong>7<sup>00<\/sup><\/strong> i <strong>18<sup>00<\/sup><\/strong>. &nbsp;<\/p>\n\n\n\n<p><strong>3.<\/strong> Codziennie\nspowied\u017a i adoracja Naj\u015bwi\u0119tszego Sakramentu o godz. <strong>17<sup>00<\/sup>,<\/strong><strong>\na R\u00f3\u017caniec o <\/strong><strong>17<sup>30<\/sup><\/strong><strong>.<\/strong><strong><\/strong><\/p>\n\n\n\n<p><strong>4.<\/strong><strong> W ka\u017cdy poniedzia\u0142ek o&nbsp; 17<sup>30<\/sup> nabo\u017ce\u0144stwo do Bo\u017cego\nMi\u0142osierdzia. <\/strong>(Na stoliku\npod ch\u00f3rem znajduj\u0105 si\u0119 kartki, na kt\u00f3rych mo\u017cna wypisywa\u0107 pro\u015bby i\npodzi\u0119kowania, kt\u00f3re b\u0119dziemy poleca\u0107 Bo\u017cemu Mi\u0142osierdziu i NMP Nieustaj\u0105cej Pomocy na Msz\u0119 nowennow\u0105).<\/p>\n\n\n\n<p><strong>5.<\/strong> <strong>W<\/strong><strong> ka\u017cd\u0105\n\u015brod\u0119 Nowenna do NMP Nieustaj\u0105cej Pomocy o godz. 17<sup>30<\/sup>, a o <\/strong><strong>18<sup>00<\/sup> Msza \u015bw. zbiorowa nowennowa. <\/strong><\/p>\n\n\n\n<p><strong>6.<\/strong><strong> <\/strong>W tym tygodniu obchodzimy:<strong><\/strong><\/p>\n\n\n\n<p>&#8211; we wtorek \u2013 wspomnienie \u015bw. Teresy od Jezusa,\ndziewicy i doktora Ko\u015bcio\u0142a<\/p>\n\n\n\n<p>&#8211; w \u015brod\u0119 \u2013 uroczysto\u015b\u0107 \u015bw.\nJadwigi \u015al\u0105skiej \u2013 g\u0142\u00f3wnej Patronki \u015al\u0105ska<\/p>\n\n\n\n<p>&#8211; w czwartek \u2013 wspomnienie \u015bw. Ignacego\nAntioche\u0144skiego, biskupa i m\u0119czennika<\/p>\n\n\n\n<p>&#8211; w pi\u0105tek \u2013 \u015bwi\u0119to \u015bw. \u0141ukasza Ewangelisty <\/p>\n\n\n\n<p><strong>7<\/strong><strong>. <\/strong>W przysz\u0142\u0105 niedziel\u0119 b\u0119dziemy prze\u017cywa\u0107 <strong><em>29 Niedziel\u0119 zwyk\u0142\u0105<\/em><\/strong>. Msze\n\u015bw. wg porz\u0105dku niedzielnego. <\/p>\n\n\n\n<p><strong>8<\/strong><strong>.<\/strong> Kancelaria czynna codziennie po Mszy \u015bw. wieczornej z wyj\u0105tkiem\nniedziel, uroczysto\u015bci i \u015bwi\u0105t.<\/p>\n\n\n\n<p><strong>9<\/strong><strong>.<\/strong> Do nabycia jest prasa katolicka: Niedziela, Go\u015b\u0107 Niedzielny i R\u00f3\u017caniec.\n<\/p>\n\n\n\n<p><strong>10<\/strong><strong>.<\/strong> Dzi\u0119kuj\u0119 wszystkim, kt\u00f3rzy w tym tygodniu sprz\u0105tali \u015bwi\u0105tyni\u0119 i przygotowali\nj\u0105 na nasze spotkanie eucharystyczne.<\/p>\n\n\n\n<p><strong>11<\/strong><strong>.<\/strong> Serdeczne B\u00f3g zap\u0142a\u0107 za ofiary sk\u0142adane na remonty w naszej parafii. <\/p>\n\n\n\n<p><strong>12<\/strong><strong>.<\/strong> Intencje mszalne, obrazki \u2013 pami\u0105tki odprawionej Mszy \u015bw.<\/p>\n\n\n\n<p><strong>13<\/strong><strong>. <\/strong>Zosta\u0142y\nprzygotowane kartki wypominkowe wraz z zaproszeniem do wsp\u00f3lnej modlitwy za\nzmar\u0142ych i planem wypominek, kt\u00f3ry prosz\u0119 zostawi\u0107 sobie w domu. Mo\u017cna je bra\u0107\nze stolika w przedsionku ko\u015bcio\u0142a i zakrystii. Wypisane kartki wypominkowe\nprosz\u0119 sk\u0142ada\u0107 w kopertach z adresem do skarbony pod ambon\u0105.<\/p>\n\n\n\n<p><em>\u017byczymy mi\u0142ego tygodnia i obfitych \u0142ask Bo\u017cych.<\/em><em><\/em><\/p>\n","protected":false},"excerpt":{"rendered":"<p>1. Dzi\u015b prze\u017cywamy 28 Niedziel\u0119 zwyk\u0142\u0105 oraz Niedziel\u0119 papiesk\u0105. Msze \u015bw. wg porz\u0105dku niedzielnego. Jak co roku we wszystkich ko\u015bcio\u0142ach Polski zbierane s\u0105 ofiary do puszek przeznaczone na Fundacj\u0119 Jana Paw\u0142a II \u2013 Dzie\u0142o Nowego Tysi\u0105clecia. &nbsp;W naszej parafii po ka\u017cdej Mszy \u015bw. mo\u017cna nabywa\u0107 r\u00f3wnie\u017c krem\u00f3wki papieskie po 4.00&#8230; <a class=\"continue-reading-link\" href=\"http:\/\/parafia.scinawa.info\/index.php\/2019\/10\/12\/28-niedziela-zwykla-13-10-2019\/\">Czytaj dalej <span class=\"meta-nav\">&rarr; <\/span><\/a><\/p>\n","protected":false},"author":1,"featured_media":0,"comment_status":"closed","ping_status":"closed","sticky":false,"template":"","format":"standard","meta":{"footnotes":""},"categories":[40],"tags":[],"class_list":["post-1332","post","type-post","status-publish","format-standard","hentry","category-ogloszenia-duszpasterskie"],"_links":{"self":[{"href":"http:\/\/parafia.scinawa.info\/index.php\/wp-json\/wp\/v2\/posts\/1332","targetHints":{"allow":["GET"]}}],"collection":[{"href":"http:\/\/parafia.scinawa.info\/index.php\/wp-json\/wp\/v2\/posts"}],"about":[{"href":"http:\/\/parafia.scinawa.info\/index.php\/wp-json\/wp\/v2\/types\/post"}],"author":[{"embeddable":true,"href":"http:\/\/parafia.scinawa.info\/index.php\/wp-json\/wp\/v2\/users\/1"}],"replies":[{"embeddable":true,"href":"http:\/\/parafia.scinawa.info\/index.php\/wp-json\/wp\/v2\/comments?post=1332"}],"version-history":[{"count":1,"href":"http:\/\/parafia.scinawa.info\/index.php\/wp-json\/wp\/v2\/posts\/1332\/revisions"}],"predecessor-version":[{"id":1333,"href":"http:\/\/parafia.scinawa.info\/index.php\/wp-json\/wp\/v2\/posts\/1332\/revisions\/1333"}],"wp:attachment":[{"href":"http:\/\/parafia.scinawa.info\/index.php\/wp-json\/wp\/v2\/media?parent=1332"}],"wp:term":[{"taxonomy":"category","embeddable":true,"href":"http:\/\/parafia.scinawa.info\/index.php\/wp-json\/wp\/v2\/categories?post=1332"},{"taxonomy":"post_tag","embeddable":true,"href":"http:\/\/parafia.scinawa.info\/index.php\/wp-json\/wp\/v2\/tags?post=1332"}],"curies":[{"name":"wp","href":"https:\/\/api.w.org\/{rel}","templated":true}]}}