{"id":1334,"date":"2019-10-20T18:55:15","date_gmt":"2019-10-20T16:55:15","guid":{"rendered":"http:\/\/parafia.scinawa.info\/?p=1334"},"modified":"2019-10-20T18:55:15","modified_gmt":"2019-10-20T16:55:15","slug":"29-niedziela-zwykla-20-10-2019","status":"publish","type":"post","link":"http:\/\/parafia.scinawa.info\/index.php\/2019\/10\/20\/29-niedziela-zwykla-20-10-2019\/","title":{"rendered":"29 Niedziela zwyk\u0142a \u2013 20.10. 2019"},"content":{"rendered":"\n<p><strong>1.<\/strong> Dzi\u015b\nprze\u017cywamy <strong><em>29 Niedziel\u0119 zwyk\u0142\u0105 i zarazem niedziel\u0119 misyjn\u0105<\/em><\/strong>. Msze \u015bw. wg\nporz\u0105dku niedzielnego. Ofiary z sumy przeznaczone s\u0105 na misje.<\/p>\n\n\n\n<p><strong>2<\/strong><strong>.<\/strong> Msze \u015bw. w tygodniu&nbsp; o <strong>7<sup>00<\/sup><\/strong> i <strong>18<sup>00<\/sup><\/strong>. &nbsp;<\/p>\n\n\n\n<p><strong>3.<\/strong> Codziennie\nspowied\u017a i adoracja Naj\u015bwi\u0119tszego Sakramentu o godz. <strong>17<sup>00<\/sup>,<\/strong><strong>\na R\u00f3\u017caniec o <\/strong><strong>17<sup>30<\/sup><\/strong><strong>.<\/strong><strong><\/strong><\/p>\n\n\n\n<p><strong>4.<\/strong><strong> <\/strong>W tym tygodniu obchodzimy:<strong><\/strong><\/p>\n\n\n\n<p>&#8211; we wtorek \u2013 wspomnienie \u015bw. Jana Paw\u0142a II, papie\u017ca<\/p>\n\n\n\n<p><strong>5<\/strong><strong>. <\/strong>W przysz\u0142\u0105 niedziel\u0119\nb\u0119dziemy prze\u017cywa\u0107 <strong>ROCZNIC\u0118 PO\u015aWI\u0118CENIA\nW\u0141ASNEGO KO\u015aCIO\u0141A<\/strong>. Msze \u015bw. wg porz\u0105dku\nniedzielnego.<\/p>\n\n\n\n<p><strong>6<\/strong><strong>.<\/strong> Kancelaria czynna codziennie po Mszy \u015bw. wieczornej z wyj\u0105tkiem\nniedziel, uroczysto\u015bci i \u015bwi\u0105t.<\/p>\n\n\n\n<p><strong>7<\/strong><strong>.<\/strong> Do nabycia jest prasa katolicka: Niedziela, Go\u015b\u0107 Niedzielny i R\u00f3\u017caniec.\n<\/p>\n\n\n\n<p><strong>8<\/strong><strong>.<\/strong> Dzi\u0119kuj\u0119 wszystkim, kt\u00f3rzy w tym tygodniu sprz\u0105tali \u015bwi\u0105tyni\u0119 i\nprzygotowali j\u0105 na nasze spotkanie eucharystyczne.<\/p>\n\n\n\n<p><strong>9<\/strong><strong>.<\/strong> Serdeczne B\u00f3g zap\u0142a\u0107 za ofiary sk\u0142adane na remonty w naszej parafii. <\/p>\n\n\n\n<p><strong>10<\/strong><strong>.<\/strong> Intencje mszalne, obrazki \u2013 pami\u0105tki odprawionej Mszy \u015bw.<\/p>\n\n\n\n<p><strong>11<\/strong><strong>. <\/strong>Zosta\u0142y\nprzygotowane kartki wypominkowe wraz z zaproszeniem do wsp\u00f3lnej modlitwy za\nzmar\u0142ych i planem wypominek, kt\u00f3ry prosz\u0119 zostawi\u0107 sobie w domu. Mo\u017cna je bra\u0107\nze stolika w przedsionku ko\u015bcio\u0142a, pod ambon\u0105 i zakrystii. Wypisane kartki\nwypominkowe prosz\u0119 sk\u0142ada\u0107 w kopertach z adresem do skarbony pod ambon\u0105.<\/p>\n\n\n\n<p><strong>12.<\/strong>\nW poniedzia\u0142ek, 21 pa\u017adziernika na nasz\u0105 parafi\u0119 przypada wieczysta adoracja\nNaj\u015bwi\u0119tszego Sakramentu, kt\u00f3ra b\u0119dzie trwa\u0142a od <strong>7<sup>30<\/sup><\/strong> do <strong>18<sup>00<\/sup><\/strong>. Zach\u0119cam \u017bywy R\u00f3\u017caniec,\ninne grupy i wszystkich wiernych na chwil\u0119 adoracji.<\/p>\n\n\n\n<p><strong><em>Program\nadoracji:<\/em><\/strong><\/p>\n\n\n\n<p><strong>&nbsp; 8.00 &#8211; 9.00 \u2013 I R\u00f3\u017ca \u017ce\u0144ska<\/strong><\/p>\n\n\n\n<p><strong>&nbsp; 9.00 -10.00 \u2013 II R\u00f3\u017ca \u017ce\u0144ska<\/strong><\/p>\n\n\n\n<p><strong>10.00\n-11.00 \u2013 III R\u00f3\u017ca \u017ce\u0144ska<\/strong><\/p>\n\n\n\n<p><strong>11.00\n-12.00 \u2013 IV R\u00f3\u017ca \u017ce\u0144ska<\/strong><\/p>\n\n\n\n<p><strong>12.00\n-13.00 \u2013 V R\u00f3\u017ca \u017ce\u0144ska<\/strong><\/p>\n\n\n\n<p><strong>13.00\n-14.00 \u2013 VI R\u00f3\u017ca \u017ce\u0144ska<\/strong><\/p>\n\n\n\n<p><strong>14.00\n-15.00 \u2013 R\u00f3\u017ca m\u0119ska<\/strong><\/p>\n\n\n\n<p><strong>\u00a0 15.00 -16.00 \u2013 I R\u00f3\u017ca Rodzic\u00f3w za dzieci<\/strong><\/p>\n\n\n\n<p><strong>16.00 -17.00 \u2013\u00a0 II i III R\u00f3\u017ca Rodzic\u00f3w za dzieci<\/strong><\/p>\n\n\n\n<p style=\"text-align:center\"><em>\u017byczymy mi\u0142ego tygodnia i obfitych \u0142ask Bo\u017cych.<\/em><em><\/em><\/p>\n","protected":false},"excerpt":{"rendered":"<p>1. Dzi\u015b prze\u017cywamy 29 Niedziel\u0119 zwyk\u0142\u0105 i zarazem niedziel\u0119 misyjn\u0105. Msze \u015bw. wg porz\u0105dku niedzielnego. Ofiary z sumy przeznaczone s\u0105 na misje. 2. Msze \u015bw. w tygodniu&nbsp; o 700 i 1800. &nbsp; 3. Codziennie spowied\u017a i adoracja Naj\u015bwi\u0119tszego Sakramentu o godz. 1700, a R\u00f3\u017caniec o 1730. 4. W tym tygodniu&#8230; <a class=\"continue-reading-link\" href=\"http:\/\/parafia.scinawa.info\/index.php\/2019\/10\/20\/29-niedziela-zwykla-20-10-2019\/\">Czytaj dalej <span class=\"meta-nav\">&rarr; <\/span><\/a><\/p>\n","protected":false},"author":1,"featured_media":0,"comment_status":"closed","ping_status":"closed","sticky":false,"template":"","format":"standard","meta":{"footnotes":""},"categories":[40],"tags":[],"class_list":["post-1334","post","type-post","status-publish","format-standard","hentry","category-ogloszenia-duszpasterskie"],"_links":{"self":[{"href":"http:\/\/parafia.scinawa.info\/index.php\/wp-json\/wp\/v2\/posts\/1334","targetHints":{"allow":["GET"]}}],"collection":[{"href":"http:\/\/parafia.scinawa.info\/index.php\/wp-json\/wp\/v2\/posts"}],"about":[{"href":"http:\/\/parafia.scinawa.info\/index.php\/wp-json\/wp\/v2\/types\/post"}],"author":[{"embeddable":true,"href":"http:\/\/parafia.scinawa.info\/index.php\/wp-json\/wp\/v2\/users\/1"}],"replies":[{"embeddable":true,"href":"http:\/\/parafia.scinawa.info\/index.php\/wp-json\/wp\/v2\/comments?post=1334"}],"version-history":[{"count":2,"href":"http:\/\/parafia.scinawa.info\/index.php\/wp-json\/wp\/v2\/posts\/1334\/revisions"}],"predecessor-version":[{"id":1349,"href":"http:\/\/parafia.scinawa.info\/index.php\/wp-json\/wp\/v2\/posts\/1334\/revisions\/1349"}],"wp:attachment":[{"href":"http:\/\/parafia.scinawa.info\/index.php\/wp-json\/wp\/v2\/media?parent=1334"}],"wp:term":[{"taxonomy":"category","embeddable":true,"href":"http:\/\/parafia.scinawa.info\/index.php\/wp-json\/wp\/v2\/categories?post=1334"},{"taxonomy":"post_tag","embeddable":true,"href":"http:\/\/parafia.scinawa.info\/index.php\/wp-json\/wp\/v2\/tags?post=1334"}],"curies":[{"name":"wp","href":"https:\/\/api.w.org\/{rel}","templated":true}]}}