{"id":1337,"date":"2019-10-20T18:58:28","date_gmt":"2019-10-20T16:58:28","guid":{"rendered":"http:\/\/parafia.scinawa.info\/?p=1337"},"modified":"2019-10-20T18:58:28","modified_gmt":"2019-10-20T16:58:28","slug":"18-pazdziernika-2019-roku","status":"publish","type":"post","link":"http:\/\/parafia.scinawa.info\/index.php\/2019\/10\/20\/18-pazdziernika-2019-roku\/","title":{"rendered":"18 pa\u017adziernika 2019 roku"},"content":{"rendered":"\n<p><strong>SPRAWY BIE\u017b\u0104CE<\/strong><\/p>\n\n\n\n<ol class=\"wp-block-list\"><li>Zapraszam\nw imieniu ks. Leopolda Rzodkiewicza, wikariusz biskupiego ds. formacji sta\u0142ej\nprezbiter\u00f3w, wszystkich ksi\u0119\u017cy, kt\u00f3rzy przyj\u0119li <strong>\u015bwi\u0119cenia w latach 2005-2010<\/strong>\nna pierwsze spotkanie drugiego roku zaj\u0119\u0107 Studium Formacyjnego Prezbiter\u00f3w tzw.\n<strong>\u201eKurs Proboszczowski\u201d,<\/strong> kt\u00f3ry rozpocznie si\u0119 o godz. 9.30 w kaplicy\nWy\u017cszego Seminarium Duchownego, w najbli\u017csz\u0105 sobot\u0119 <strong>(19 pa\u017adziernika).<\/strong> &nbsp;<\/li><li>Przypominam,\n\u017ce <strong>20 pa\u017adziernika<\/strong> (niedziela) b\u0119dziemy przeprowadzali w swoich\nparafiach coroczne badania niedzielnych praktyk religijnych <strong>(<em>tzw.\ndominicantes i communicantes)<\/em><\/strong>, a tak\u017ce dodatkowo odpowiadali na pytania\ndotycz\u0105ce wydawnictw parafialnych: stron internetowych oraz gazetek\nparafialnych. Prosi\u0142bym, by wszystkie formularze zosta\u0142y dostarczone <br>\n<strong>do 15 listopada, do wydzia\u0142u duszpasterskiego<\/strong>, a najlepiej, je\u017celi jest\ntaka mo\u017cliwo\u015b\u0107, gdyby Ksi\u0119\u017ca Proboszczowie uzupe\u0142nione kwestionariusze\nprzywie\u017ali ze sob\u0105 na spotkania rejonowe <br>\nw przysz\u0142ym tygodniu. W razie potrzeby do\u0142\u0105czam formularz do niniejszych\nkomunikat\u00f3w.<\/li><li><strong>20 pa\u017adziernika<\/strong>\nobchodzimy r\u00f3wnie\u017c tzw. <strong>Niedziel\u0119 Misyjn\u0105<\/strong> ustanowion\u0105 w 1926 roku przez papie\u017ca Piusa XI jako dzie\u0144 solidarno\u015bci\nmodlitewnej i materialnej misyjnego dzie\u0142a Ko\u015bcio\u0142a. <strong>Ofiary sk\u0142adane na tac\u0119 podczas sumy parafialnej<\/strong> we wszystkich parafiach \u015bwiata tworz\u0105 Fundusz Solidarno\u015bciowy\nPapieskiego Dzie\u0142a Rozkrzewiania Wiary. Z zebranych \u015brodk\u00f3w utrzymywani s\u0105\nksi\u0119\u017ca i katecheci pracuj\u0105cych na terenach misyjnych. Prosi\u0142bym o zwr\u00f3cenie\nuwagi, by ta jedna taca ze wspominanej Niedzieli zosta\u0142a przekazana na cele\nmisyjne poprzez wp\u0142at\u0119 w kasie kurialnej.<\/li><li>Zapraszam\nna <strong>spotkania duchowie\u0144stwa w czterech rejonach<\/strong> duszpasterskich, <br>\nw nast\u0119puj\u0105cych terminach:<\/li><li><strong>21 pa\u017adziernika &#8211; <\/strong>rejon jeleniog\u00f3rsko-kamiennog\u00f3rski\n(sala przy parafii <br>\n\u015bw. Erazma i Pankracego);<\/li><li><strong>22 pa\u017adziernika<\/strong> &#8211; rejon boles\u0142awiecko-zgorzelecki\n(sala w Boles\u0142awieckim O\u015brodku Kultury)<\/li><li><strong>23 pa\u017adziernika<\/strong> &#8211; rejon legnicki (Centrum Spotka\u0144\nim. Jana Paw\u0142a II w Legnicy);<\/li><li><strong>24 pa\u017adziernika<\/strong> &#8211; rejon lubi\u0144sko-polkowicki (sala w\nparafii \u015bw. Jana Bosko <br>\nw Lubinie).<\/li><\/ol>\n\n\n\n<p>Wszystkie\nspotkania rozpoczynaj\u0105 si\u0119 o godz. 19.30, a planowane zako\u0144czenie <br>\no godz. 21.00.<\/p>\n\n\n\n<ul class=\"wp-block-list\"><li><strong>26 pa\u017adziernika (sobota)<\/strong> swoj\u0105 sesj\u0119 inauguracyjn\u0105 odb\u0119dzie <strong>Diecezjalna\nSzko\u0142a Liturgiczna<\/strong> im. Ks. Marka Adaszka (DSL). Recepcja b\u0119dzie otwarta o\ngodz. 12.00 w budynku Wy\u017cszego Seminarium Duchownego w Legnicy. Zapraszamy\nwszystkich, kt\u00f3rzy chcieliby jeszcze do\u0142\u0105czy\u0107 do DSL, aby pog\u0142\u0119bi\u0107 swoj\u0105 wiedz\u0119\nliturgiczn\u0105. Szczeg\u00f3\u0142owe informacje na stronie: <a href=\"http:\/\/www.diecezja.legnica.pl\/dsl\">www.diecezja.legnica.pl\/dsl<\/a><\/li><li>Tego dnia <strong>(26 pa\u017adziernika)<\/strong>\nrozpoczyna si\u0119 nowy <strong>kurs na Nadzwyczajnego Szafarza Komunii \u015awi\u0119tej.<\/strong>\nJe\u017celi ksi\u0119\u017c\u0105 Proboszczowie maj\u0105 kandydat\u00f3w do pe\u0142nienia tej funkcji prosz\u0119 <br>\no wype\u0142nienie formularza do\u0142\u0105czonego do tych komunikat\u00f3w oraz oddelegowanie\nkandydata<br>\nna spotkanie, kt\u00f3re b\u0119dzie po\u0142\u0105czone z Diecezjaln\u0105 Szko\u0142\u0105 Liturgiczn\u0105.<\/li><li>W imieniu ks. Tomasza P\u0105zika,\nasystenta diecezjalnego KSM, zapraszam do wzi\u0119cia udzia\u0142u <br>\nw akcji <strong>\u201cPolak z sercem\u201d.<\/strong> Todzia\u0142anie, kt\u00f3rego adresatami s\u0105\nPolacy mieszkaj\u0105cy na Bia\u0142orusi i Ukrainie. Jest to akcja dwutorowa: <strong>zbi\u00f3rka\n\u017cywno\u015bci oraz \u201esms charytatywny\u201d<\/strong>. Wi\u0119cej informacji znajduje si\u0119 na stronie\ndiecezji. Je\u017celi parafie chcia\u0142yby si\u0119 w\u0142\u0105czy\u0107 w powy\u017csze dzie\u0142o bardzo prosz\u0119\no <strong>informacj\u0119 zwrotn\u0105 do 23 pa\u017adziernika<\/strong> poprzez e-mail, sms lub telefon:\n<br>\n609-099-791, 794-571-158 lub <a href=\"mailto:martamurias@gmail.com\">martamurias@gmail.com<\/a>, <a href=\"mailto:asystent.ksmdl@gmail.com\">asystent.ksmdl@gmail.com<\/a>.<\/li><li>Przypominam <strong>Ksi\u0119\u017com Dziekanom<\/strong> o\nz\u0142o\u017ceniu <strong>zam\u00f3wie\u0144<\/strong> do wydzia\u0142u duszpasterskich <br>\nna <strong>kalendarz liturgiczny<\/strong> 2019\/2020 oraz diecezjalny <strong>obrazek kol\u0119dowy<\/strong>,\nkt\u00f3ry zostanie zaprezentowany na spotkaniach rejonowych.<\/li><li>W tym tygodniu nast\u0105pi\u0142y nast\u0119puj\u0105ce <strong>zmiany\npersonalne<\/strong> w diecezji legnickiej: <strong>ks. Przemys\u0142aw Durkalec<\/strong> zosta\u0142\nodwo\u0142any z funkcji proboszcza parafii pw. Matki Bo\u017cej R\u00f3\u017ca\u0144cowej <br>\nw Okmianach i ustanowiony kapelanem Mniszek Zakonu \u015awi\u0119tego Benedykta w\nKrzeszowie; <strong>ks. Piotr Frodyma<\/strong> zosta\u0142 odwo\u0142any z funkcji wikariusza\nparafii pw. \u015awi\u0119tych Aposto\u0142\u00f3w Piotra i Paw\u0142a w Bogatyni i ustanowiony\nproboszczem parafii pw. Matki Bo\u017cej R\u00f3\u017ca\u0144cowej <br>\nw Okmianach. <\/li><\/ul>\n\n\n\n<p><strong>ZAPROSZENIA DIECEZJALNE<\/strong><strong><\/strong><\/p>\n\n\n\n<ul class=\"wp-block-list\"><li>Zapraszam w imieniu ks. Jaros\u0142awa\nKowalczyka, dyrektora wydzia\u0142u katechetycznego, na <strong>sesj\u0119 naukow\u0105 z okazji\n40-lecia adhortacji apostolskiej \u201eCatechesi tradendae\u201d,<\/strong> kt\u00f3ra odb\u0119dzie si\u0119 <strong>22\npa\u017adziernika (wtorek)<\/strong> o godz. 16.00 w Centrum Spotka\u0144 im. Jana Paw\u0142a II w <strong>Legnicy<\/strong>.\nSzczeg\u00f3\u0142owe informacje na stronie wydzia\u0142y katechetycznego. <\/li><li><strong>Rekolekcje,\ndni skupienia:<\/strong><\/li><\/ul>\n\n\n\n<p><strong>&#8211; 26 pa\u017adziernika \u2013<\/strong> <strong>III dzie\u0144 skupienia kobiet diecezji\nlegnickiej <br>\n<\/strong>Na wsp\u00f3lne spotkanie i modlitw\u0119 zaprasza ks. Mariusz Habiniak, dyrektor\nwydzia\u0142u duszpasterstwa rodzin oraz diecezjalne duszpasterstwo kobiet.\nSzczeg\u00f3\u0142owe informacje na stronie diecezji.<\/p>\n\n\n\n<p><strong>&#8211; 26 pa\u017adziernika \u2013<\/strong> <strong>Dzie\u0144 skupienia ma\u0142\u017ce\u0144stw \u201eM\u0119\u017cczyzn\u0105 i\nkobiet\u0105 stworzy\u0142 ich\u201d <br>\n<\/strong>Wydarzenie organizuje o. Tomasz Skibi\u0144ski OFM, nowy proboszcz parafii pw.\nMatki Bo\u017cej Cz\u0119stochowskiej w Legnicy. Zapisy i informacje:\no.tomaszofm@gmail.com<\/p>\n\n\n\n<ul class=\"wp-block-list\"><li><strong>Warsztaty:<\/strong><strong><\/strong><\/li><\/ul>\n\n\n\n<p>&#8211; <strong>26 pa\u017adziernika (Legnica)<\/strong>\n\u2013 <strong>Warsztaty &#8222;ABC wychowania. Kary i nagrody\u201d prowadzone przez dr Beat\u0119\nBochni\u0119.<\/strong> Przyjd\u017a na spotkanie, kt\u00f3re\npoka\u017ce Ci r\u00f3\u017cnice w stosowaniu kar <br>\ni nagr\u00f3d oraz konsekwencji. Podczas warsztat\u00f3w rodzice i wychowawcy b\u0119d\u0105 mogli\nprzyjrze\u0107 si\u0119 swoim metodom i b\u0142\u0119dom wychowawczym. Warsztaty s\u0105 kierowane do\nrodzic\u00f3w <br>\ni wychowawc\u00f3w dzieci w r\u00f3\u017cnym wieku. Warsztaty prowadzi dr Beata\nBochnia &#8211; terapeuta rodzinny, pedagog, absolwentka Krakowskiej Szko\u0142y Terapii\nRodziny, Wroc\u0142awskiej Akademii Tutor\u00f3w, Szko\u0142y Trener\u00f3w Matrik. Szczeg\u00f3\u0142y na\nstronie Specjalistycznej Poradni Rodzinnej im. Jana Paw\u0142a II w Legnicy.<\/p>\n\n\n\n<p><strong>&#8211; 26 pa\u017adziernika (Lubin) \u2013 Warsztaty\ndla rodzic\u00f3w z cyklu: Wychowanie. Temat: &#8222;Jak wspiera\u0107 dziecko w\nrozwoju?&#8221;.<\/strong> Wydarzenie\norganizuje Centrum Formacji Rodziny im. Jana Paw\u0142a II w Lubinie. Szczeg\u00f3\u0142owe\ninformacje i zapisy: www.cfrlubin.pl<\/p>\n\n\n\n<p><strong>ZAPROSZENIA OG\u00d3LNOPOLSKIE<\/strong><\/p>\n\n\n\n<ul class=\"wp-block-list\"><li><strong>24-27\npa\u017adziernika <\/strong>w\nGnie\u017anie odb\u0119dzie si\u0119 <strong>V Kongres Nowej Ewangelizacji pod has\u0142em \u201eRado\u015b\u0107\nmi\u0142o\u015bci\u201d<\/strong>, kt\u00f3ry w ca\u0142o\u015bci b\u0119dzie po\u015bwi\u0119cony rodzinie, by pochyli\u0107\nsi\u0119 nad&nbsp;rodzin\u0105 i&nbsp;podj\u0105\u0107 refleksj\u0119 nad&nbsp;sytuacj\u0105 rodzin\nw&nbsp;dzisiejszym \u015bwiecie. Rejestracja na kongres odbywa si\u0119 poprzez stron\u0119\ninternetow\u0105: <a href=\"http:\/\/www.radoscmilosci.org\">www.radoscmilosci.org<\/a><\/li><li><strong>26\npa\u017adziernika<\/strong> <strong>w\nKrakowie <\/strong>odbywa si\u0119 kolejne wielbienie b\u0119d\u0105ce\ncz\u0119\u015bci\u0105 trasy, kt\u00f3ra <br>\nod kilkunastu miesi\u0119cy &#8211; 6 spotka\u0144 \u2014 w du\u017cych miastach Polski realizuje pomys\u0142\nuwielbienia Boga dominika\u0144skim g\u0142oszeniem S\u0142owa, muzycznym kunsztem\n&#8222;owcowego&#8221; grania i modlitw\u0105 tysi\u0119cy zgromadzonych os\u00f3b, tak, \u017ceby\nka\u017cdy ch\u0119tny, m\u00f3g\u0142 sp\u0119dzi\u0107 ten wiecz\u00f3r, nawo\u0142uj\u0105c Ducha, nas\u0142uchuj\u0105c, z czym\nprzychodzi i unaoczniaj\u0105c Jego z nami bycie! <strong>G\u0142osz\u0105:<\/strong> <br>\no. Adam Szustak OP i o. Tomasz Nowak OP, <strong>muzyczna oprawa:<\/strong> zesp\u00f3\u0142 OWCA.<\/li><li>Rozpocz\u0119\u0142y si\u0119\nju\u017c zapisy na <strong>Og\u00f3lnopolskie Rekolekcje Paschalne dla Ksi\u0119\u017cy<\/strong>, kt\u00f3re\nodb\u0119d\u0105 si\u0119 w Porszewicach (archidiecezja \u0142\u00f3dzka) w dniach <strong>14-17 kwietnia\n2020 roku<\/strong>. Prowadz\u0105cym b\u0119d\u0105: abp Grzegorz Ry\u015b wraz z Zespo\u0142em KEP ds. Nowej\nEwangelizacji. Koszt udzia\u0142u (z pe\u0142nym wy\u017cywieniem i zakwaterowaniem) wynosi:\npok\u00f3j 1-osobowy: 500 z\u0142; pok\u00f3j 2-osobowy: 400 z\u0142; pok\u00f3j 3\/4-osobowy: 350 z\u0142.\nRekolekcje rozpoczn\u0105 si\u0119 14 kwietnia kolacj\u0105 o godz. 18.00, <br>\na zako\u0144cz\u0105 w dniu 17 kwietnia o godz. 16.00. <strong>Szczeg\u00f3\u0142y i zapisy<\/strong> <br>\nna: www.nowaewangelizacja.org<\/li><\/ul>\n\n\n\n<p><strong>Ciekawe\nwydarzenia w ci\u0105gu najbli\u017cszych dni<\/strong><\/p>\n\n\n\n<ul class=\"wp-block-list\"><li><strong>19 pa\u017adziernika | g. 19.00 | Jelenia G\u00f3ra-Cieplice | ko\u015bci\u00f3\u0142\npw. Matki Bo\u017cej Mi\u0142osierdzia<br>\nKoncert \u201eOffertorium musicale\u201d<\/strong> \u2013 arie operowe Mozarta, Wagnera i Pucciniego; arie barokowe (Caccini &#8211; Bach-H\u00e4ndel-\nPergolesi \u2013Vivaldi Scarlatti.- Stradella); per\u0142y\n\u015bwiatowej (w tym romantycznej i wsp\u00f3\u0142czesnej) muzyki sakralnej (w tym nast.\nkompozytor\u00f3w: Schubert, Gounod, Haydn, Mendelson, Dworzak, C. Franc, A. Webber,\nR. Rogers); per\u0142y romantycznej i sakralnej\nmuzyki polskich kompozytor\u00f3w (w tym Moniuszko, Kar\u0142owicz, Maklakiewicz, Ks.\nMicha\u0142 J\u00f3zef Xavery Poniatowski)<\/li><\/ul>\n\n\n\n<ul class=\"wp-block-list\"><li><strong>&nbsp;25 pa\u017adziernika | g. 19.30 | Zgorzelec | ko\u015bci\u00f3\u0142\npw. \u015bw. J\u00f3zefa Robotnika<br>\nNabo\u017ce\u0144stwo TAIZE<\/strong> oraz\nspotkanie organizacyjne dotycz\u0105ce wyjazdu na 42. Europejskie Spotkanie M\u0142odych\ndo Wroc\u0142awia, kt\u00f3re poprowadzi ks. Piotr Kruczyk, diecezjalny koordynator\nwyjazdu na ESM. <\/li><li><strong>25 pa\u017adziernika\n| g. 18.00 | Jelenia G\u00f3ra | ko\u015bci\u00f3\u0142 pw. Podwy\u017cszenia Krzy\u017ca \u015awi\u0119tego<\/strong><br>\n<strong>Konferencja: \u201eZagro\u017cenia wiary katolickiej i mity o \u015bwiadkach Jehowy\u201d. <\/strong>Prowadz\u0105cy:\n<strong>ANDRZEJ WRONKA &#8211;&nbsp;<\/strong>absolwent Papieskiego Wydzia\u0142u Teologicznego w\nSiedlcach. Bierze udzia\u0142 w rekolekcjach konferencjach, sympozjach, audycjach\nczy spotkaniach po\u015bwi\u0119conych tematom m.in. sekt i zagro\u017ce\u0144 wiary. W 2014 roku\nodznaczonych papieskim z\u0142otym medalem \u201eExuli Bene de Ecclesia Merito\u201d za prac\u0119\nna rzecz wiary w\u015br\u00f3d Polonii. Autor publikacji: \u201eCzy\u015bciec i pomoc duszom\nczy\u015b\u0107cowym\u201d, \u201e\u015awiadkowie Jehowy bez mit\u00f3w\u201d, \u201eMagia, wr\u00f3\u017cby, op\u0119tanie\u201d,\n\u201eHomeopatia, energoterapia &#8211; w oparach pseudonauki\u201d. Spotkanie\nrozpocznie si\u0119 bezpo\u015brednio po zako\u0144czeniu Mszy \u015bwi\u0119tego o godz. 18.00 w\nko\u015bciele. Wst\u0119p na konferencj\u0119 <strong>BEZP\u0141ATNY<\/strong>!<\/li><li><strong>26\npa\u017adziernika | g. 18.00 | Jelenia G\u00f3ra | ko\u015bci\u00f3\u0142 pw. Podwy\u017cszenia Krzy\u017ca\n\u015awi\u0119tego<\/strong><br>\n<strong>Konferencja: \u201eCzy\u015bciec i pomoc duszom czy\u015b\u0107cowym\u201d. <\/strong>Prowadz\u0105cy:\n<strong>ANDRZEJ WRONKA. <\/strong>Spotkanie rozpocznie si\u0119\nbezpo\u015brednio po zako\u0144czeniu Mszy \u015bwi\u0119tego o godz. 18.00 w ko\u015bciele. Wst\u0119p na konferencj\u0119 <strong>BEZP\u0141ATNY<\/strong>!<\/li><\/ul>\n","protected":false},"excerpt":{"rendered":"<p>SPRAWY BIE\u017b\u0104CE Zapraszam w imieniu ks. Leopolda Rzodkiewicza, wikariusz biskupiego ds. formacji sta\u0142ej prezbiter\u00f3w, wszystkich ksi\u0119\u017cy, kt\u00f3rzy przyj\u0119li \u015bwi\u0119cenia w latach 2005-2010 na pierwsze spotkanie drugiego roku zaj\u0119\u0107 Studium Formacyjnego Prezbiter\u00f3w tzw. \u201eKurs Proboszczowski\u201d, kt\u00f3ry rozpocznie si\u0119 o godz. 9.30 w kaplicy Wy\u017cszego Seminarium Duchownego, w najbli\u017csz\u0105 sobot\u0119 (19 pa\u017adziernika)&#8230;. <a class=\"continue-reading-link\" href=\"http:\/\/parafia.scinawa.info\/index.php\/2019\/10\/20\/18-pazdziernika-2019-roku\/\">Czytaj dalej <span class=\"meta-nav\">&rarr; <\/span><\/a><\/p>\n","protected":false},"author":1,"featured_media":0,"comment_status":"closed","ping_status":"closed","sticky":false,"template":"","format":"standard","meta":{"footnotes":""},"categories":[41],"tags":[],"class_list":["post-1337","post","type-post","status-publish","format-standard","hentry","category-komunikaty-duszpasterskie"],"_links":{"self":[{"href":"http:\/\/parafia.scinawa.info\/index.php\/wp-json\/wp\/v2\/posts\/1337","targetHints":{"allow":["GET"]}}],"collection":[{"href":"http:\/\/parafia.scinawa.info\/index.php\/wp-json\/wp\/v2\/posts"}],"about":[{"href":"http:\/\/parafia.scinawa.info\/index.php\/wp-json\/wp\/v2\/types\/post"}],"author":[{"embeddable":true,"href":"http:\/\/parafia.scinawa.info\/index.php\/wp-json\/wp\/v2\/users\/1"}],"replies":[{"embeddable":true,"href":"http:\/\/parafia.scinawa.info\/index.php\/wp-json\/wp\/v2\/comments?post=1337"}],"version-history":[{"count":1,"href":"http:\/\/parafia.scinawa.info\/index.php\/wp-json\/wp\/v2\/posts\/1337\/revisions"}],"predecessor-version":[{"id":1338,"href":"http:\/\/parafia.scinawa.info\/index.php\/wp-json\/wp\/v2\/posts\/1337\/revisions\/1338"}],"wp:attachment":[{"href":"http:\/\/parafia.scinawa.info\/index.php\/wp-json\/wp\/v2\/media?parent=1337"}],"wp:term":[{"taxonomy":"category","embeddable":true,"href":"http:\/\/parafia.scinawa.info\/index.php\/wp-json\/wp\/v2\/categories?post=1337"},{"taxonomy":"post_tag","embeddable":true,"href":"http:\/\/parafia.scinawa.info\/index.php\/wp-json\/wp\/v2\/tags?post=1337"}],"curies":[{"name":"wp","href":"https:\/\/api.w.org\/{rel}","templated":true}]}}