{"id":1343,"date":"2019-10-28T19:48:27","date_gmt":"2019-10-28T18:48:27","guid":{"rendered":"http:\/\/parafia.scinawa.info\/?p=1343"},"modified":"2019-10-28T19:48:27","modified_gmt":"2019-10-28T18:48:27","slug":"intencje-mszalne-27-10-03-11-2019","status":"publish","type":"post","link":"http:\/\/parafia.scinawa.info\/index.php\/2019\/10\/28\/intencje-mszalne-27-10-03-11-2019\/","title":{"rendered":"INTENCJE MSZALNE 27.10. \u2013 03.11. 2019"},"content":{"rendered":"\n<p><\/p>\n\n\n\n<p><strong><em>Sk\u0142adaj\u0105c\nOfiar\u0119, kt\u00f3ra nam przypomina niezmierzon\u0105 mi\u0142o\u015b\u0107 Twojego Syna, pokornie prosimy\nCi\u0119, Bo\u017ce, przyjmij intencje Twoich wiernych i spraw przez dzia\u0142anie\nEucharystii, aby w naszych rodzinach wzrasta\u0142a prawdziwa wiara, \u015bwi\u0119to\u015b\u0107 \u017cycia,\nbraterska mi\u0142o\u015b\u0107 i duch modlitwy. <\/em><\/strong><strong>Niech\nMatka Naj\u015bwi\u0119tsza wyprosi \u0142aski, o kt\u00f3re modlili\u015bmy si\u0119 w tej Mszy \u015bw. dla \u2026\nZa\u015b zmar\u0142ym \u2026 za kt\u00f3rych odprawiali\u015bmy Msz\u0119 \u015bw.: wieczny odpoczynek racz im\nda\u0107 Panie (\u2026); niech odpoczywaj\u0105 w pokoju wiecznym. Amen<\/strong><\/p>\n\n\n\n<p>&nbsp;<strong><em>27.10. \u2013 NIEDZIELA&nbsp; <\/em><\/strong><\/p>\n\n\n\n<p><strong>&nbsp; 8.oo \u2013 1) <\/strong>&nbsp;++ rodzic\u00f3w: W\u0142adys\u0142awa i Franciszk\u0119\nTomaszkiewicz\u00f3w, Ann\u0119, Franciszka i Zbigniewa<\/p>\n\n\n\n<p>&nbsp;&nbsp;&nbsp;&nbsp;&nbsp;&nbsp;&nbsp;&nbsp;&nbsp;&nbsp;&nbsp;&nbsp;&nbsp;&nbsp;&nbsp;&nbsp;&nbsp;&nbsp; So\u015bnickich, siostr\u0119 Helen\u0119,\nJana i Romana \u2013 modli si\u0119 rodzina<\/p>\n\n\n\n<p><strong>&nbsp;&nbsp;&nbsp;&nbsp;&nbsp;&nbsp;&nbsp;&nbsp;&nbsp;&nbsp;&nbsp; &nbsp;\n&nbsp;2)<\/strong>\n++ Tomasza w 8 rocz. \u015bm. oraz J\u00f3zef\u0119 i Leona, Mariann\u0119 i Ignacego \u2013 modli si\u0119\nrodzina<\/p>\n\n\n\n<p><strong>&nbsp; 9.3o \u2013<\/strong> <strong>1)<\/strong> ++ m\u0119\u017ca Piotra, te\u015bci\u00f3w: Ew\u0119 i Kazimierza, brata Krzysztofa i\nchrzestn\u0105 Ann\u0119 \u2013 modli si\u0119<\/p>\n\n\n\n<p>&nbsp;&nbsp;&nbsp;&nbsp;&nbsp;&nbsp;&nbsp;&nbsp;&nbsp;&nbsp;&nbsp;&nbsp;&nbsp;&nbsp; \u017cona z dzie\u0107mi<\/p>\n\n\n\n<p>&nbsp;&nbsp;&nbsp;&nbsp;&nbsp;&nbsp;&nbsp;&nbsp;&nbsp;&nbsp;&nbsp; <strong>&nbsp; 2)<\/strong> o zdrowie dla brata Jerzego \u2013 modli\nsi\u0119 siostra z rodzin\u0105<\/p>\n\n\n\n<p><strong>11.oo\n\u2013 1) <\/strong>&nbsp;<strong>+ Jana \u015awi\u0119talskiego \u2013 gregorianka 9<\/strong><\/p>\n\n\n\n<p><strong>&nbsp;&nbsp;&nbsp;&nbsp;&nbsp;&nbsp;&nbsp;&nbsp;&nbsp;&nbsp;&nbsp; &nbsp;\n2) <\/strong>&nbsp;w 50 rocz.\n\u015blubu Krystyny i Franciszka Szumnych&nbsp;\ndzi\u0119kczynna z pro\u015bb\u0105 o zdrowie, dary<\/p>\n\n\n\n<p>&nbsp;&nbsp;&nbsp;&nbsp;&nbsp;&nbsp;&nbsp;&nbsp;&nbsp;&nbsp;&nbsp;&nbsp;&nbsp;&nbsp;&nbsp;&nbsp;&nbsp;&nbsp; Ducha \u015awi\u0119tego, Bo\u017ce\nb\u0142ogos\u0142awie\u0144stwo i opiek\u0119 NMP \u2013 modl\u0105 si\u0119 dzieci z rodzinami<\/p>\n\n\n\n<p>&nbsp;&nbsp;&nbsp;&nbsp;&nbsp;&nbsp;&nbsp;&nbsp;&nbsp;&nbsp;&nbsp; &nbsp; <strong>3) <\/strong>w 45 rocz. \u015blubu Urszuli i Zbigniewa\nBeni\u00f3w dzi\u0119kczynna z pro\u015bb\u0105 o zdrowie, dary<\/p>\n\n\n\n<p>&nbsp;&nbsp;&nbsp;&nbsp;&nbsp;&nbsp;&nbsp;&nbsp;&nbsp;&nbsp;&nbsp;&nbsp;&nbsp;&nbsp;&nbsp;&nbsp;&nbsp;&nbsp; Ducha \u015awi\u0119tego, Bo\u017ce\nb\u0142ogos\u0142awie\u0144stwo i opiek\u0119 NMP \u2013 modli si\u0119 syn Mariusz<\/p>\n\n\n\n<p><strong>12.3o\n\u2013 1) <\/strong>&nbsp;++ Filomen\u0119 i\nFranciszka Trubickich, El\u017cbiet\u0119 Demczak oraz ++ z rodziny Trubickich,<\/p>\n\n\n\n<p>&nbsp; &nbsp;&nbsp;&nbsp;&nbsp;&nbsp;&nbsp;&nbsp;&nbsp;&nbsp;&nbsp;&nbsp;&nbsp;&nbsp;&nbsp;&nbsp;&nbsp;&nbsp;&nbsp;Koz\u0142owskich, Kulczyckich i\nSerafin\u00f3w<\/p>\n\n\n\n<p><strong>&nbsp;&nbsp;&nbsp;&nbsp;&nbsp;&nbsp;&nbsp;&nbsp;&nbsp;&nbsp;&nbsp; &nbsp;\n2)<\/strong>&nbsp; ++ rodzic\u00f3w:\nStefana i Wand\u0119 Mendruni\u00f3w \u2013 modli si\u0119 c\u00f3rka z rodzin\u0105<\/p>\n\n\n\n<p><strong><em>chrzest\npo Mszy: Adam Judzi\u0144ski i Miko\u0142aj Judzi\u0144ski<\/em><\/strong><\/p>\n\n\n\n<p><strong>18.oo\n\u2013&nbsp; 1) <\/strong>&nbsp;+ W\u0142adys\u0142aw\u0119 Mazurkiewicz \u2013 gregorianka 27<\/p>\n\n\n\n<p><strong>&nbsp;&nbsp;&nbsp;&nbsp;&nbsp;&nbsp;&nbsp;&nbsp;&nbsp;&nbsp;&nbsp; &nbsp;\n2)<\/strong> ++ rodzic\u00f3w: Otoli\u0119 w 3 rocz. \u015bm. i Tadeusza w 39\nrocz. \u015bm. \u2013 modli si\u0119 c\u00f3rka<\/p>\n\n\n\n<p><strong><em>28.10.\n\u2013 PONIEDZIA\u0141EK<\/em><\/strong><\/p>\n\n\n\n<p><strong>&nbsp; &nbsp;&nbsp;7.oo\n\u2013 <\/strong>&nbsp;+ Piotra w 4 rocz. \u015bm.<\/p>\n\n\n\n<p><strong>18.oo\n\u2013 1) <\/strong>&nbsp;+ W\u0142adys\u0142aw\u0119\nMazurkiewicz \u2013 gregorianka 28<\/p>\n\n\n\n<p><strong>&nbsp;&nbsp;&nbsp;&nbsp;&nbsp;&nbsp;&nbsp;&nbsp;&nbsp;&nbsp;&nbsp; &nbsp;\n2)<\/strong> &nbsp;&nbsp;<strong>+ Jana\n\u015awi\u0119talskiego \u2013 gregorianka 10<\/strong><\/p>\n\n\n\n<p><strong><em>29.10.\n&#8211; WTOREK<\/em><\/strong><em><\/em><\/p>\n\n\n\n<p><strong>&nbsp; 7.oo \u2013 + Jana \u015awi\u0119talskiego \u2013 gregorianka 11<\/strong><\/p>\n\n\n\n<p><strong>18.oo\n\u2013 <\/strong>&nbsp;<strong>1) <\/strong>&nbsp;+ W\u0142adys\u0142aw\u0119 Mazurkiewicz \u2013 gregorianka 29<\/p>\n\n\n\n<p><strong>&nbsp;&nbsp;&nbsp;&nbsp;&nbsp;&nbsp;&nbsp;&nbsp;&nbsp;&nbsp;&nbsp; &nbsp;\n2)<\/strong> ++ z rodziny Soko\u0142owskich, Ni\u017cnik\u00f3w i S\u0142omi\u0144skich<\/p>\n\n\n\n<p><strong><em>30.10.\n\u2013 \u015aRODA <\/em><\/strong><\/p>\n\n\n\n<p><strong>&nbsp; 7.oo \u20131) <\/strong>&nbsp;+ W\u0142adys\u0142aw\u0119 Mazurkiewicz \u2013 gregorianka 30<\/p>\n\n\n\n<p><strong>&nbsp;&nbsp;&nbsp;&nbsp;&nbsp;&nbsp;&nbsp;&nbsp;&nbsp;&nbsp;&nbsp; &nbsp;\n2) + Jana \u015awi\u0119talskiego \u2013 gregorianka 12<\/strong><\/p>\n\n\n\n<p><strong>18.oo\n\u2013&nbsp; intencja zbiorowa nowennowa:<\/strong><\/p>\n\n\n\n<p><strong>1)<\/strong>\n+ Kazimierza Sempika \u2013 30 dzie\u0144 od pogrzebu \u2013 intencja od uczestnik\u00f3w Mszy pogrzebowej<\/p>\n\n\n\n<p><strong>2)<\/strong>\n+ Krzysztofa Z\u0105bka \u2013 30 dzie\u0144 od pogrzebu \u2013 intencja od uczestnik\u00f3w Mszy pogrzebowej<\/p>\n\n\n\n<p><strong>3)<\/strong>\n++ Miros\u0142awa, Sylwin\u0119, Franciszka i Marysi\u0119 z rodziny Kliks\u00f3w \u2013 modli si\u0119\nrodzina<\/p>\n\n\n\n<p><strong>4)<\/strong>\n+ Janusza Berdzika w 25 rocz. \u015bm. \u2013 modli si\u0119 rodzina<\/p>\n\n\n\n<p><strong><em>31.10.\n\u2013 CZWARTEK <\/em><\/strong><em>&nbsp;<\/em><\/p>\n\n\n\n<p><strong>&nbsp; 7.oo \u2013<\/strong> &nbsp;<strong>+ Jana\n\u015awi\u0119talskiego \u2013 gregorianka 13<\/strong><\/p>\n\n\n\n<p><strong>18.oo\n\u2013 1) <\/strong>&nbsp;w 30 rocz.\nurodzin Przemys\u0142awa i w 37 rocz. urodzin Huberta dzi\u0119kczynna z pro\u015bb\u0105 <\/p>\n\n\n\n<p>&nbsp;&nbsp;&nbsp;&nbsp;&nbsp;&nbsp;&nbsp;&nbsp;&nbsp;&nbsp;&nbsp;&nbsp;&nbsp;&nbsp; o zdrowie, dary Ducha \u015awi\u0119tego,\nBo\u017ce b\u0142ogos\u0142awie\u0144stwo i opiek\u0119 NMP \u2013 modl\u0105 si\u0119 rodzice<\/p>\n\n\n\n<p><strong>&nbsp;&nbsp;&nbsp;&nbsp;&nbsp;&nbsp;&nbsp;&nbsp;&nbsp;&nbsp;&nbsp; &nbsp;\n2)<\/strong> ++ m\u0119\u017ca Romana, rodzic\u00f3w: Mari\u0119 i J\u00f3zefa z rodziny\nWarcho\u0142\u00f3w oraz Piotra, Tekl\u0119, Jana<\/p>\n\n\n\n<p>&nbsp;&nbsp;&nbsp;&nbsp;&nbsp;&nbsp;&nbsp;&nbsp;&nbsp;&nbsp;&nbsp;&nbsp;&nbsp;&nbsp;&nbsp;&nbsp;&nbsp; i Franciszka z rodziny\nBilewicz\u00f3w \u2013 modli si\u0119 rodzina<\/p>\n\n\n\n<p><strong><em>01.11.\n\u2013 PI\u0104TEK<\/em><\/strong><\/p>\n\n\n\n<p><strong>&nbsp;8.oo \u2013 1) <\/strong>++ J\u00f3zefa, Mari\u0119\ni Antoniego Cirog\u00f3w, Karolin\u0119 i Antoniego Ob\u0142oz\u00f3w, Katarzyn\u0119<\/p>\n\n\n\n<p>&nbsp;&nbsp;&nbsp;&nbsp;&nbsp;&nbsp;&nbsp;&nbsp;&nbsp;&nbsp;&nbsp;&nbsp;&nbsp;&nbsp;&nbsp;&nbsp;&nbsp; i Franciszka Bilewicz\u00f3w<\/p>\n\n\n\n<p><strong>&nbsp;&nbsp;&nbsp;&nbsp;&nbsp;&nbsp;&nbsp;&nbsp;&nbsp;&nbsp;&nbsp; &nbsp;2)<\/strong> +m\u0119\u017ca J\u00f3zefa w 5 rocz.\n\u015bm. oraz ++ rodzic\u00f3w i rodze\u0144stwo z obu stron \u2013 modli si\u0119 \u017cona<\/p>\n\n\n\n<p>&nbsp;&nbsp;&nbsp;&nbsp;&nbsp;&nbsp;&nbsp;&nbsp;&nbsp;&nbsp;&nbsp;&nbsp;&nbsp;&nbsp;&nbsp;&nbsp; Eugenia z rodzin\u0105<\/p>\n\n\n\n<p><strong>&nbsp; 9.3o \u2013<\/strong> ++ Ann\u0119 w 18 rocz. \u015bm.\noraz Jadwig\u0119 i Henryka z rodziny Szelig\u00f3w<\/p>\n\n\n\n<p><strong>11.oo\n\u2013 1) <\/strong>&nbsp;+ m\u0119\u017ca\nRyszarda, ++ z rodziny \u017burawskich, Cyglickich, Tadeusza Werk\u0119 oraz + zi\u0119cia <\/p>\n\n\n\n<p>&nbsp;&nbsp;&nbsp;&nbsp;&nbsp;&nbsp;&nbsp;&nbsp;&nbsp;&nbsp;&nbsp;&nbsp;&nbsp;&nbsp;&nbsp;&nbsp;&nbsp;&nbsp; Ryszarda \u2013 modli si\u0119 rodzina<\/p>\n\n\n\n<p><strong>&nbsp;&nbsp;&nbsp;&nbsp;&nbsp;&nbsp;&nbsp;&nbsp;&nbsp;&nbsp;&nbsp; &nbsp;\n2) <\/strong>&nbsp;<strong>) + Jana \u015awi\u0119talskiego \u2013 gregorianka 14<\/strong><\/p>\n\n\n\n<p><strong>13.oo\n\u2013<\/strong>\n<strong>Msza na cmentarzu &#8211; Intencja zbiorowa:<\/strong><\/p>\n\n\n\n<p><strong>1)\n<\/strong>za\nwszystkich zmar\u0142ych spoczywaj\u0105cych na naszym cmentarzu<\/p>\n\n\n\n<p><strong>2)\n<\/strong>+\nZbigniewa So\u015bnickiego w 1 rocz. \u015bm.<\/p>\n\n\n\n<p><strong>3)<\/strong><\/p>\n\n\n\n<p><strong><em>02.11.\n\u2013 SOBOTA<\/em><\/strong><\/p>\n\n\n\n<p><strong>&nbsp;8.oo \u2013 1) <\/strong>++ Henryka Deca,\nBoles\u0142awa Bilewicza oraz ++ z rodziny Olejarnik\u00f3w, Bilewicz\u00f3w i Dec\u00f3w<\/p>\n\n\n\n<p><strong>&nbsp;&nbsp;&nbsp;&nbsp;&nbsp;&nbsp;&nbsp;&nbsp;&nbsp;&nbsp;&nbsp; &nbsp;2)<\/strong> <strong>Intencja zbiorowa:<\/strong><\/p>\n\n\n\n<p><strong>11.oo\n\u2013 1) <\/strong>++ Kazimierza D\u0105browskiego w 10 rocz. \u015bm., Iwett\u0119 w\n3 rocz. \u015bm. oraz <\/p>\n\n\n\n<p>&nbsp;&nbsp;&nbsp;&nbsp;&nbsp;&nbsp;&nbsp;&nbsp;&nbsp;&nbsp;&nbsp;&nbsp;&nbsp;&nbsp;&nbsp;&nbsp; J\u00f3zefa w 10 miesi\u0119cy po \u015bm. \u2013\nmodli si\u0119 rodzina <\/p>\n\n\n\n<p><strong>&nbsp;&nbsp;&nbsp;&nbsp;&nbsp;&nbsp;&nbsp;&nbsp;&nbsp;&nbsp;&nbsp; &nbsp;\n2)<\/strong> <strong>Intencja\nzbiorowa:<\/strong><\/p>\n\n\n\n<p><strong>18.oo\n\u2013 1) <\/strong>&nbsp;intencja\nwygradzaj\u0105ca Niepokalanemu Sercu NMP<\/p>\n\n\n\n<p><strong>&nbsp;&nbsp;&nbsp;&nbsp;&nbsp;&nbsp;&nbsp;&nbsp;&nbsp;&nbsp;&nbsp; &nbsp;\n2)<\/strong> <strong>+ Jana\n\u015awi\u0119talskiego \u2013 gregorianka 15<\/strong> <\/p>\n\n\n\n<p><strong><em>03.11.\n\u2013 NIEDZIELA&nbsp; <\/em><\/strong><\/p>\n\n\n\n<p><strong>&nbsp; 8.oo \u2013 1) + Jana \u015awi\u0119talskiego \u2013 gregorianka 16<\/strong><\/p>\n\n\n\n<p><strong>&nbsp;&nbsp;&nbsp;&nbsp;&nbsp;&nbsp;&nbsp;&nbsp;&nbsp;&nbsp;&nbsp; &nbsp;\n&nbsp;2)<\/strong>\n++ rodzic\u00f3w: Helen\u0119 i J\u00f3zefa Kaczan\u00f3w, te\u015bcia Boles\u0142awa, Henryka Deca oraz <\/p>\n\n\n\n<p>&nbsp;&nbsp;&nbsp;&nbsp;&nbsp;&nbsp;&nbsp;&nbsp;&nbsp;&nbsp;&nbsp;&nbsp;&nbsp;&nbsp;&nbsp;&nbsp;&nbsp;&nbsp; ++ z rodziny Kaczan\u00f3w,\nBilewicz\u00f3w i Jastrz\u0119bskich &nbsp;<\/p>\n\n\n\n<p><strong>&nbsp; 9.3o \u2013<\/strong> ++ z rodziny Kulbid\u00f3w,\nKotopk\u00f3w, M\u0119cik\u00f3w, Pomaszkiewicz\u00f3w, Mark\u00f3w, Wosi\u00f3w, <\/p>\n\n\n\n<p>&nbsp;&nbsp;&nbsp;&nbsp;&nbsp;&nbsp;&nbsp;&nbsp;&nbsp;&nbsp;&nbsp;&nbsp;&nbsp; G\u00f3rniak\u00f3w \u2013 modli si\u0119 rodzina<\/p>\n\n\n\n<p><strong>11.oo\n\u2013 1) <\/strong>&nbsp;++ cz\u0142onk\u00f3w\n\u017bywego R\u00f3\u017ca\u0144ca, a szczeg\u00f3lnie za: Iren\u0119 Godzin\u0119, Adel\u0119 Czuczo\u0142\u0119, Janin\u0119<\/p>\n\n\n\n<p>&nbsp;&nbsp;&nbsp;&nbsp;&nbsp;&nbsp;&nbsp;&nbsp;&nbsp;&nbsp;&nbsp;&nbsp;&nbsp;&nbsp;&nbsp;&nbsp;&nbsp;&nbsp;&nbsp; W\u00f3jcik, Janin\u0119 Rysz oraz ++\nksi\u0119\u017cy, kt\u00f3rzy pracowali w naszej parafii, dusze w czy\u015b\u0107cu <\/p>\n\n\n\n<p>&nbsp;&nbsp;&nbsp;&nbsp;&nbsp;&nbsp;&nbsp;&nbsp;&nbsp;&nbsp;&nbsp;&nbsp;&nbsp;&nbsp;&nbsp;&nbsp;&nbsp; cierpi\u0105ce \u2013 modli si\u0119 \u017bywy\nR\u00f3\u017caniec<\/p>\n\n\n\n<p><strong>&nbsp;&nbsp;&nbsp;&nbsp;&nbsp;&nbsp;&nbsp;&nbsp;&nbsp;&nbsp;&nbsp; &nbsp;\n2) <\/strong>++ c\u00f3rk\u0119, rodzic\u00f3w, braci i siostry z rodziny\nPaw\u0142owskich i Zdobylak\u00f3w \u2013 modli si\u0119 rodzina <\/p>\n\n\n\n<p><strong>12.3o\n\u2013 1) <\/strong>++ Danut\u0119 Tober\u0119, Mieczys\u0142awa i Henryk\u0119 z rodziny\nG\u0105sior\u00f3w \u2013 modli si\u0119 rodzina <\/p>\n\n\n\n<p><strong>&nbsp;&nbsp;&nbsp;&nbsp;&nbsp;&nbsp;&nbsp;&nbsp;&nbsp;&nbsp;&nbsp; &nbsp;\n2)<\/strong>&nbsp; ++ rodzic\u00f3w:\nOlka w 6 rocz. \u015bm. i J\u00f3zef\u0119 z rodziny Pary\u0142owicz\u00f3w \u2013 modli si\u0119 rodzina<\/p>\n\n\n\n<p><strong>18.oo\n\u2013 1) <\/strong>&nbsp;zaj. P. \u0141oza<\/p>\n\n\n\n<p><strong>&nbsp;&nbsp;&nbsp;&nbsp;&nbsp;&nbsp;&nbsp;&nbsp;&nbsp;&nbsp;&nbsp; &nbsp;\n&nbsp;2)<\/strong>\n+ Aleksandr\u0119 Knap \u2013 intencja od Krystyny i J\u00f3zefa Bobk\u00f3w&nbsp;<\/p>\n","protected":false},"excerpt":{"rendered":"<p>Sk\u0142adaj\u0105c Ofiar\u0119, kt\u00f3ra nam przypomina niezmierzon\u0105 mi\u0142o\u015b\u0107 Twojego Syna, pokornie prosimy Ci\u0119, Bo\u017ce, przyjmij intencje Twoich wiernych i spraw przez dzia\u0142anie Eucharystii, aby w naszych rodzinach wzrasta\u0142a prawdziwa wiara, \u015bwi\u0119to\u015b\u0107 \u017cycia, braterska mi\u0142o\u015b\u0107 i duch modlitwy. Niech Matka Naj\u015bwi\u0119tsza wyprosi \u0142aski, o kt\u00f3re modlili\u015bmy si\u0119 w tej Mszy \u015bw. dla&#8230; <a class=\"continue-reading-link\" href=\"http:\/\/parafia.scinawa.info\/index.php\/2019\/10\/28\/intencje-mszalne-27-10-03-11-2019\/\">Czytaj dalej <span class=\"meta-nav\">&rarr; <\/span><\/a><\/p>\n","protected":false},"author":2,"featured_media":0,"comment_status":"closed","ping_status":"closed","sticky":false,"template":"","format":"standard","meta":{"footnotes":""},"categories":[39],"tags":[],"class_list":["post-1343","post","type-post","status-publish","format-standard","hentry","category-intencje"],"_links":{"self":[{"href":"http:\/\/parafia.scinawa.info\/index.php\/wp-json\/wp\/v2\/posts\/1343","targetHints":{"allow":["GET"]}}],"collection":[{"href":"http:\/\/parafia.scinawa.info\/index.php\/wp-json\/wp\/v2\/posts"}],"about":[{"href":"http:\/\/parafia.scinawa.info\/index.php\/wp-json\/wp\/v2\/types\/post"}],"author":[{"embeddable":true,"href":"http:\/\/parafia.scinawa.info\/index.php\/wp-json\/wp\/v2\/users\/2"}],"replies":[{"embeddable":true,"href":"http:\/\/parafia.scinawa.info\/index.php\/wp-json\/wp\/v2\/comments?post=1343"}],"version-history":[{"count":1,"href":"http:\/\/parafia.scinawa.info\/index.php\/wp-json\/wp\/v2\/posts\/1343\/revisions"}],"predecessor-version":[{"id":1344,"href":"http:\/\/parafia.scinawa.info\/index.php\/wp-json\/wp\/v2\/posts\/1343\/revisions\/1344"}],"wp:attachment":[{"href":"http:\/\/parafia.scinawa.info\/index.php\/wp-json\/wp\/v2\/media?parent=1343"}],"wp:term":[{"taxonomy":"category","embeddable":true,"href":"http:\/\/parafia.scinawa.info\/index.php\/wp-json\/wp\/v2\/categories?post=1343"},{"taxonomy":"post_tag","embeddable":true,"href":"http:\/\/parafia.scinawa.info\/index.php\/wp-json\/wp\/v2\/tags?post=1343"}],"curies":[{"name":"wp","href":"https:\/\/api.w.org\/{rel}","templated":true}]}}