{"id":1345,"date":"2019-10-28T19:51:24","date_gmt":"2019-10-28T18:51:24","guid":{"rendered":"http:\/\/parafia.scinawa.info\/?p=1345"},"modified":"2019-10-28T19:51:24","modified_gmt":"2019-10-28T18:51:24","slug":"ogloszenia-duszpasterskie-30-niedziela-zwykla-27-10-2019","status":"publish","type":"post","link":"http:\/\/parafia.scinawa.info\/index.php\/2019\/10\/28\/ogloszenia-duszpasterskie-30-niedziela-zwykla-27-10-2019\/","title":{"rendered":"Og\u0142oszenia duszpasterskie  30 Niedziela zwyk\u0142a \u2013 27.10. 2019"},"content":{"rendered":"\n<p><\/p>\n\n\n\n<p>\u00a0\u00a0\u00a0\u00a0\u00a0 <\/p>\n\n\n\n<p><strong>1.<\/strong>\nDzi\u015b prze\u017cywamy <strong>ROCZNIC\u0118 PO\u015aWI\u0118CENIA\nW\u0141ASNEGO KO\u015aCIO\u0141A<\/strong>. Msze \u015bw. wg\nporz\u0105dku niedzielnego. <\/p>\n\n\n\n<p><strong>2<\/strong><strong>.<\/strong>\nMsze \u015bw. w tygodniu&nbsp; o <strong>7<sup>00<\/sup><\/strong>\ni <strong>18<sup>00<\/sup><\/strong>. &nbsp;<\/p>\n\n\n\n<p><strong>3.<\/strong>\nCodziennie spowied\u017a i adoracja Naj\u015bwi\u0119tszego Sakramentu o godz. <strong>17<sup>00<\/sup>,\na R\u00f3\u017caniec o <\/strong><strong>17<sup>30<\/sup>.<\/strong><\/p>\n\n\n\n<p><strong>4.<\/strong><strong> W poniedzia\u0142ek o&nbsp; 17<sup>30<\/sup> koronka do Bo\u017cego\nMi\u0142osierdzia. <\/strong>(Na stoliku pod ch\u00f3rem znajduj\u0105 si\u0119\nkartki, na kt\u00f3rych mo\u017cna wypisywa\u0107 pro\u015bby i podzi\u0119kowania, kt\u00f3re b\u0119dziemy\npoleca\u0107 Bo\u017cemu Mi\u0142osierdziu).<strong><\/strong><\/p>\n\n\n\n<p><strong>5.<\/strong> <strong>W<\/strong><strong>\nka\u017cd\u0105 \u015brod\u0119 Nowenna do NMP Nieustaj\u0105cej Pomocy o godz. 17<sup>30<\/sup>, a o <\/strong><strong>18<sup>00<\/sup> Msza \u015bw. zbiorowa nowennowa w\nintencjach polecanych w nowennie do<\/strong> <strong>NMP Nieustaj\u0105cej Pomocy.<\/strong><strong><\/strong><\/p>\n\n\n\n<p><strong>6<\/strong><strong>.<\/strong> &nbsp;<strong><em>W pi\u0105tek obchodzimy uroczysto\u015b\u0107\nWszystkich \u015awi\u0119tych<\/em><\/strong>. <strong>W Uroczysto\u015b\u0107 Wszystkich \u015awi\u0119tych niech nikogo z nas\nnie zabraknie na Mszy \u015bw.<\/strong> Porz\u0105dek\nMszy \u015bw. w ko\u015bcio\u0142ach: <strong>8<sup>00<\/sup>, 9<sup>30<\/sup>,\n11<sup>00<\/sup> i R\u0119sz\u00f3w &#8211; 9<sup>30.<\/sup> <\/strong><strong>Natomiast\n&nbsp;Msza i&nbsp; procesja na cmentarzu o 13<sup>00<\/sup>.<\/strong><strong> Msza \u015bw. na cmentarzu b\u0119dzie\nodprawiana za wszystkich zmar\u0142ych spoczywaj\u0105cych na naszym cmentarzu <\/strong><\/p>\n\n\n\n<p><strong>i w intencjach przez Was podanych.&nbsp; <\/strong>&nbsp;Chciejmy z wiar\u0105 w Zmartwychwsta\u0142ego Pana &#8211; \u017ar\u00f3d\u0142o naszej nadziei,\nuczestniczy\u0107 we Mszy \u015bw. i procesji na cmentarzu, w czasie kt\u00f3rej b\u0119dziemy\nmodli\u0107 si\u0119 za zmar\u0142ych! <strong><em>W uroczysto\u015b\u0107\nWszystkich \u015awi\u0119tych zbierane s\u0105 ofiary do puszek na Wy\u017csze Seminarium Duchowne\nw Legnicy. B\u00f3g zap\u0142a\u0107 za ofiary. <\/em><\/strong><\/p>\n\n\n\n<p><strong>7<\/strong><strong>.<\/strong> Wierni, kt\u00f3rzy\npobo\u017cnie nawiedz\u0105 cmentarz i pomodl\u0105 si\u0119 za zmar\u0142ych, mog\u0105 uzyska\u0107 i ofiarowa\u0107\nza nich <strong>odpust zupe\u0142ny<\/strong> w\ndniach od 1 do 8 listopada, w inne dni cz\u0105stkowy. <\/p>\n\n\n\n<p><strong><em>Warunki\nodpustu<\/em><\/strong>: stan \u0142aski\nu\u015bwi\u0119caj\u0105cej; pe\u0142ne uczestnictwo w Eucharystii z Komuni\u0105 \u015bw.; nawiedzenie\ncmentarza; odm\u00f3wienie modlitwy Ojcze nasz.., w intencjach Ojca \u015awi\u0119tego (np.\nPod Twoj\u0105 obron\u0119); modlitwa za zmar\u0142ych, brak przywi\u0105zania do jakiegokolwiek\ngrzechu, nawet powszedniego.<strong><\/strong><\/p>\n\n\n\n<p><strong>8<\/strong><strong>.<\/strong> &nbsp;<strong>W sobot\u0119\u2013 2 listopada &#8211; &nbsp;wspomnienie Wszystkich Wiernych Zmar\u0142ych \u2013\nchcemy si\u0119 modli\u0107,&nbsp; zgodnie z tradycj\u0105\nKo\u015bcio\u0142a, za drogich nam zmar\u0142ych. Tego dnia w naszej parafii zostan\u0105\nodprawione Msze \u015bw. w ko\u015bciele parafialnym o godz. <\/strong><strong>8<sup>00<\/sup><\/strong><strong>, <\/strong><strong>11<sup>00<\/sup><\/strong><strong> &nbsp;&#8211; Msza \u015bw.\nzbiorowa na kt\u00f3r\u0105 przyjmujemy intencje i <\/strong><strong>18<sup>00<\/sup><\/strong><strong>. W<\/strong><strong>\nR\u0119szowie o 17<sup>00<\/sup>.<\/strong><\/p>\n\n\n\n<p><strong>9<\/strong><strong>.<\/strong> W tym tygodniu\nobchodzimy I pi\u0105tek i I sobot\u0119 miesi\u0105ca. <\/p>\n\n\n\n<p><strong>10<\/strong><strong>.<\/strong>\nOdwiedziny chorych z racji&nbsp; I pi\u0105tku\nmiesi\u0105ca<strong><em> &nbsp;&#8211; w czwartek od godz. 8.30.<\/em><\/strong><\/p>\n\n\n\n<p><strong>11<\/strong><strong>.<\/strong>\nW I sobot\u0119 miesi\u0105ca o godz. <strong>17<sup>00<\/sup><\/strong>\n<strong><em>nabo\u017ce\u0144stwo\nfatimskie<\/em><\/strong>.<strong><\/strong><\/p>\n\n\n\n<p><strong><em>12<\/em><\/strong><strong>.<\/strong><strong> <\/strong>Od <strong><em>3\nlistopada<\/em><\/strong> rozpoczynamy nabo\u017ce\u0144stwa wypominkowe <strong>o godz. 17.30<\/strong>, wed\u0142ug planu, jaki otrzymali\u015bcie przy\nkartkach wypominkowych.<\/p>\n\n\n\n<p><strong>13<\/strong><strong>. <\/strong>W przysz\u0142\u0105 niedziel\u0119\nb\u0119dziemy prze\u017cywa\u0107 <strong><em>31 Niedziel\u0119 zwyk\u0142\u0105<\/em><\/strong>. Msze\n\u015bw. wg porz\u0105dku niedzielnego. . Zmiana tajemnic \u017bywego R\u00f3\u017ca\u0144ca o <strong>10<sup>30<\/sup>.<\/strong><\/p>\n\n\n\n<p><strong>14<\/strong><strong>.<\/strong>\nKancelaria czynna codziennie po Mszy \u015bw. wieczornej z wyj\u0105tkiem niedziel,\nuroczysto\u015bci i \u015bwi\u0105t.<\/p>\n\n\n\n<p><strong>15<\/strong><strong>.<\/strong>\nDo nabycia jest prasa katolicka: Niedziela, Go\u015b\u0107 Niedzielny i R\u00f3\u017caniec. <\/p>\n\n\n\n<p><strong>16<\/strong><strong>.<\/strong>\nDzi\u0119kuj\u0119 wszystkim, kt\u00f3rzy w tym tygodniu sprz\u0105tali \u015bwi\u0105tyni\u0119 i przygotowali j\u0105\nna nasze spotkanie eucharystyczne.<\/p>\n\n\n\n<p><strong>17<\/strong><strong>.<\/strong>\nSerdeczne B\u00f3g zap\u0142a\u0107 za ofiary sk\u0142adane na remonty w naszej parafii. <\/p>\n\n\n\n<p><strong>18<\/strong><strong>.<\/strong>\nIntencje mszalne, obrazki \u2013 pami\u0105tki odprawionej Mszy \u015bw.<\/p>\n\n\n\n<p><strong>19. <\/strong>Kartki\nwypominkowe mo\u017cna bra\u0107 ze stolika w przedsionku ko\u015bcio\u0142a i zakrystii. Wypisane\nkartki wypominkowe prosz\u0119 sk\u0142ada\u0107 w kopertach z adresem do skarbony pod ambon\u0105.\n<\/p>\n\n\n\n<p><strong>20<\/strong><strong>.\n<\/strong>Kolejne spotkanie przygotowuj\u0105ce do bierzmowania <strong><em>w\nponiedzia\u0142ek o godz. 16<sup>00 <\/sup>&nbsp;klasy sz\u00f3ste,&nbsp;\nwe wtorek o godz. 16<sup>00<\/sup> klasy si\u00f3dme, a w \u015brod\u0119 o\ngodz. 16<sup>00<\/sup> klasy \u00f3sme.<\/em><\/strong><\/p>\n\n\n\n<p><strong><em>\u017byczymy\nmi\u0142ego tygodnia i obfitych \u0142ask Bo\u017cych.<\/em><\/strong><em><\/em><\/p>\n","protected":false},"excerpt":{"rendered":"<p>\u00a0\u00a0\u00a0\u00a0\u00a0 1. Dzi\u015b prze\u017cywamy ROCZNIC\u0118 PO\u015aWI\u0118CENIA W\u0141ASNEGO KO\u015aCIO\u0141A. Msze \u015bw. wg porz\u0105dku niedzielnego. 2. Msze \u015bw. w tygodniu&nbsp; o 700 i 1800. &nbsp; 3. Codziennie spowied\u017a i adoracja Naj\u015bwi\u0119tszego Sakramentu o godz. 1700, a R\u00f3\u017caniec o 1730. 4. W poniedzia\u0142ek o&nbsp; 1730 koronka do Bo\u017cego Mi\u0142osierdzia. (Na stoliku pod ch\u00f3rem&#8230; <a class=\"continue-reading-link\" href=\"http:\/\/parafia.scinawa.info\/index.php\/2019\/10\/28\/ogloszenia-duszpasterskie-30-niedziela-zwykla-27-10-2019\/\">Czytaj dalej <span class=\"meta-nav\">&rarr; <\/span><\/a><\/p>\n","protected":false},"author":2,"featured_media":0,"comment_status":"closed","ping_status":"closed","sticky":false,"template":"","format":"standard","meta":{"footnotes":""},"categories":[40],"tags":[],"class_list":["post-1345","post","type-post","status-publish","format-standard","hentry","category-ogloszenia-duszpasterskie"],"_links":{"self":[{"href":"http:\/\/parafia.scinawa.info\/index.php\/wp-json\/wp\/v2\/posts\/1345","targetHints":{"allow":["GET"]}}],"collection":[{"href":"http:\/\/parafia.scinawa.info\/index.php\/wp-json\/wp\/v2\/posts"}],"about":[{"href":"http:\/\/parafia.scinawa.info\/index.php\/wp-json\/wp\/v2\/types\/post"}],"author":[{"embeddable":true,"href":"http:\/\/parafia.scinawa.info\/index.php\/wp-json\/wp\/v2\/users\/2"}],"replies":[{"embeddable":true,"href":"http:\/\/parafia.scinawa.info\/index.php\/wp-json\/wp\/v2\/comments?post=1345"}],"version-history":[{"count":1,"href":"http:\/\/parafia.scinawa.info\/index.php\/wp-json\/wp\/v2\/posts\/1345\/revisions"}],"predecessor-version":[{"id":1346,"href":"http:\/\/parafia.scinawa.info\/index.php\/wp-json\/wp\/v2\/posts\/1345\/revisions\/1346"}],"wp:attachment":[{"href":"http:\/\/parafia.scinawa.info\/index.php\/wp-json\/wp\/v2\/media?parent=1345"}],"wp:term":[{"taxonomy":"category","embeddable":true,"href":"http:\/\/parafia.scinawa.info\/index.php\/wp-json\/wp\/v2\/categories?post=1345"},{"taxonomy":"post_tag","embeddable":true,"href":"http:\/\/parafia.scinawa.info\/index.php\/wp-json\/wp\/v2\/tags?post=1345"}],"curies":[{"name":"wp","href":"https:\/\/api.w.org\/{rel}","templated":true}]}}