{"id":1368,"date":"2020-03-28T12:32:45","date_gmt":"2020-03-28T11:32:45","guid":{"rendered":"http:\/\/parafia.scinawa.info\/?p=1368"},"modified":"2020-03-28T12:32:45","modified_gmt":"2020-03-28T11:32:45","slug":"z-a-r-z-a-d-z-e-n-i-ew-sprawie-duszpasterstwa-w-stanie-pandemii-27-marca-2020-roku","status":"publish","type":"post","link":"http:\/\/parafia.scinawa.info\/index.php\/2020\/03\/28\/z-a-r-z-a-d-z-e-n-i-ew-sprawie-duszpasterstwa-w-stanie-pandemii-27-marca-2020-roku\/","title":{"rendered":"Z A R Z \u0104 D Z E N I Ew sprawie duszpasterstwa        w stanie pandemii                      27 marca 2020 roku"},"content":{"rendered":"\n<p>W zwi\u0105zku z trwaj\u0105cym stanem pandemii, stosownie do\nzarz\u0105dze\u0144 organ\u00f3w pa\u0144stwowych i odpowiednich w\u0142adz ko\u015bcielnych, szczeg\u00f3lnie w\nodniesieniu do rozporz\u0105dze\u0144<br>\nwydanych przez Konferencj\u0119 Episkopatu Polski, przekazuj\u0119 duchownym diecezjalnym<br>\ni zakonnym pos\u0142uguj\u0105cym na terenie diecezji legnickiej poni\u017csze wskazania i w\noparciu<br>\no kan. 273 i kan. 274 \u00a7 2 Kodeksu Prawa Kanonicznego zobowi\u0105zuj\u0119 do wiernego\nich przestrzegania. Tym samym zarz\u0105dzam, co nast\u0119puje:<\/p>\n\n\n\n<p><strong>I. EUCHARYSTIA<\/strong><\/p>\n\n\n\n<p>1. Z dniem 29 marca br. dyspensa od obowi\u0105zku uczestnictwa w\nniedzielnej Mszy \u015bwi\u0119tej ulega przed\u0142u\u017ceniu do odwo\u0142ania i dotyczy wszystkich\nwiernych diecezji legnickiej oraz innych os\u00f3b, kt\u00f3re w tym czasie przebywaj\u0105 na\njej terenie.<\/p>\n\n\n\n<p>2. W ka\u017cdej Mszy \u015bwi\u0119tej i w innych celebracjach mo\u017ce\nuczestniczy\u0107 maksymalnie pi\u0119\u0107 os\u00f3b, nie licz\u0105c os\u00f3b sprawuj\u0105cych pos\u0142ug\u0119\n(por.&nbsp;<a href=\"http:\/\/www.gov.pl\/\">gov.pl<\/a>). Poniewa\u017c wype\u0142nienie tego\nzalecenia b\u0119dzie stwarza\u0142o praktyczne trudno\u015bci, polecam, aby Msze \u015bwi\u0119te by\u0142y\nsprawowane bez udzia\u0142u wiernych, z wyj\u0105tkiem us\u0142uguj\u0105cych, a tak\u017ce \u2013nie wi\u0119cej\nni\u017c pi\u0119ciu \u2013 os\u00f3b upowa\u017cnionych przez Ksi\u0119dza Proboszcza, w pierwszej\nkolejno\u015bci b\u0119d\u0105 to osoby zwi\u0105zane z uzgodnion\u0105 intencj\u0105 mszaln\u0105. Stosown\u0105\ninformacj\u0119 na ten temat nale\u017cy wywiesi\u0107 na drzwiach ko\u015bcio\u0142\u00f3w oraz przekaza\u0107\nwiernym drog\u0105 internetow\u0105. Wierni, kt\u00f3rzy maj\u0105 uczestniczy\u0107 w liturgii, winni\nwchodzi\u0107 do ko\u015bcio\u0142a przez drzwi zakrystii lub innym bocznym wej\u015bciem. Na czas\nEucharystii ko\u015bcio\u0142y powinny by\u0107 zamkni\u0119te, za\u015b w ci\u0105gu dnia, poza\ncelebracjami, pozostawa\u0107 otwarte.<\/p>\n\n\n\n<p>3. Je\u015bli wcze\u015bniej przewidziano Msz\u0119 \u015bw. koncelebrowan\u0105, to\nw celu umo\u017cliwienia uczestniczenia w celebracji przedstawicielom rodzin\nzamawiaj\u0105cych poszczeg\u00f3lne&nbsp;intencje nale\u017cy uwzgl\u0119dni\u0107 mo\u017cliwo\u015b\u0107\nsprawowania tych Mszy osobno, w r\u00f3\u017cnych porach.&nbsp;Stanowczo zaznaczam, \u017ce\ntakie rozwi\u0105zanie nie jest mo\u017cliwe podczas Triduum Paschalnego.<\/p>\n\n\n\n<p>4. W czasie Mszy \u015bw. koncelebrowanej przygotowywanie\nkielicha, spo\u017cywanie z niego&nbsp;i puryfikacj\u0119 nale\u017cy pozostawi\u0107 g\u0142\u00f3wnemu\ncelebransowi. Komunia \u015bwi\u0119ta powinna przebiega\u0107 w ten spos\u00f3b, \u017ce najpierw\nkoncelebransi spo\u017cywaj\u0105 Cia\u0142o Pa\u0144skie zanurzone w kielichu Krwi Pa\u0144skiej, a dopiero\npo nich g\u0142\u00f3wny celebrans spo\u017cywa Krew Pa\u0144sk\u0105 z kielicha i puryfikuje naczynia\nliturgiczne.<\/p>\n\n\n\n<p>5. W kaplicach dom\u00f3w zakonnych i w innych kaplicach\np\u00f3\u0142publicznych w celebracjach uczestniczy\u0107 mog\u0105 jedynie mieszka\u0144cy domu, bez\nudzia\u0142u os\u00f3b postronnych.<\/p>\n\n\n\n<p>6. Ograniczenie liczby uczestnik\u00f3w zgromadzenia do pi\u0119ciu\nos\u00f3b obowi\u0105zuje r\u00f3wnie\u017c podczas liturgii pogrzebowej. Liczba ta nie obejmuje\ncelebransa, pos\u0142uguj\u0105cych&nbsp;i pracownik\u00f3w firmy pogrzebowej. Msz\u0119 \u015bwi\u0119t\u0105\nnale\u017cy celebrowa\u0107 zgodnie z zaleceniami zawartymi w zarz\u0105dzeniu Biskupa\nLegnickiego z dnia 17 marca br. (ldz. 588\/SBL\/2020), za\u015b obrz\u0119dy ostatniego\npo\u017cegnania ograniczy\u0107 wy\u0142\u0105cznie do stacji przy grobie, z udzia\u0142em najbli\u017cszej\nrodziny, jednak w liczbie os\u00f3b nie wi\u0119kszej ni\u017c pi\u0119\u0107.<\/p>\n\n\n\n<p>7. Do odwo\u0142ania zawieszone zostaj\u0105 wszelkiego rodzaju\nprocesje: z Naj\u015bwi\u0119tszym Sakramentem, z relikwiami \u015awi\u0119tych czy z obrazami.<\/p>\n\n\n\n<p>8. Zach\u0119cam, aby ksi\u0119\u017ca nadal odwiedzali chorych, do kt\u00f3rych\nudaj\u0105 si\u0119 z comiesi\u0119czn\u0105 pos\u0142ug\u0105 sakramentaln\u0105, a tak\u017ce innych chorych, kt\u00f3rzy\no to poprosz\u0105 \u2013 je\u015bli nie ma jakich\u015b przeciwskaza\u0144 z ich strony. Nale\u017cy przy\ntym pami\u0119ta\u0107 o zakazie odwiedzania os\u00f3b b\u0119d\u0105cych w kwarantannie domowej.\nPrzypominam te\u017c, \u017ce Komunii \u015bw. poza&nbsp;liturgi\u0105 nie mo\u017cna udziela\u0107 w Wielk\u0105\nSobot\u0119, kiedy to mo\u017cna j\u0105 przyj\u0105\u0107 jedynie jako Wiatyk.<\/p>\n\n\n\n<p>9. Usilnie zach\u0119cam Duszpasterzy, aby informowali wiernych o\nmo\u017cliwo\u015bci korzystania z Komunii duchowej i do niej zach\u0119cali. Niech pouczaj\u0105\nwiernych, \u017ce jest to akt modlitewny, kt\u00f3ry umo\u017cliwia osi\u0105gni\u0119cie takiego\nzjednoczenia z Jezusem, jakie daje nam przyjmowanie Go w sakramencie Jego Cia\u0142a\ni Krwi, lecz nie w wymiarze sakramentalnym. Akt ten sk\u0142ada si\u0119 z trzech\nelement\u00f3w: wzbudzenia wiary w realn\u0105 obecno\u015b\u0107 Chrystusa w Eucharystii, aktu\nmi\u0142o\u015bci skierowanej ku Niemu oraz wyra\u017cenia pragnienia, aby Jezus zechcia\u0142\nwej\u015b\u0107 w nasze \u017cycie.<\/p>\n\n\n\n<p><strong>II. CELEBRACJE WIELKIEGO TYGODNIA<\/strong><\/p>\n\n\n\n<p><strong>Niedziela Palmowa<\/strong><\/p>\n\n\n\n<p>Msze \u015bwi\u0119te nale\u017cy celebrowa\u0107 z zastosowaniem trzeciej\nformy: zwyk\u0142e wej\u015bcie. Mo\u017cna dokona\u0107 b\u0142ogos\u0142awie\u0144stwa palm, jednak bez u\u017cycia\npob\u0142ogos\u0142awionej wody.<\/p>\n\n\n\n<p><strong>Msza Krzy\u017cma<\/strong><\/p>\n\n\n\n<p>Msza \u015awi\u0119ta Krzy\u017cma b\u0119dzie celebrowana w p\u00f3\u017aniejszym\nterminie, o kt\u00f3rym kap\u0142ani zostan\u0105 odpowiednio wcze\u015bniej poinformowani, by\nmogli w niej uczestniczy\u0107. Do tego czasu nale\u017cy korzysta\u0107 z olej\u00f3w\npob\u0142ogos\u0142awionych przed rokiem. W razie potrzeby katedra legnicka posiada ich\nzapas. Przypominam tak\u017ce, \u017ce w razie konieczno\u015bci ka\u017cdy kap\u0142an mo\u017ce dokona\u0107\npo\u015bwi\u0119cenia oleju do namaszczania chorych, jednak tylko&nbsp;w czasie\nsprawowania tego sakramentu (zob.&nbsp;<em>Sakramenty chorych. Obrz\u0119dy i\nduszpasterstwo<\/em>. Wydanie drugie poprawione, Katowice 2009, nr. 21b; 22;\n210).<\/p>\n\n\n\n<p><strong>III. \u015aWI\u0118TE TRIDUUM PASCHALNE<\/strong><\/p>\n\n\n\n<p>Zgodnie z zarz\u0105dzeniem Kongregacji ds. Kultu Bo\u017cego i\nDyscypliny Sakrament\u00f3w z dnia 25 marca 2020 r., \u201eIn tempore Covid-19 (II)\u201d i z\nNot\u0105 wyja\u015bniaj\u0105c\u0105 z 26 marca 2020 r., zezwalam, aby celebracje Triduum\nPaschalnego poza katedr\u0105 i ko\u015bcio\u0142ami parafialnymi mog\u0142y odbywa\u0107 si\u0119 w: Wy\u017cszym\nSeminarium Duchownym, Domu Ksi\u0119\u017cy Emeryt\u00f3w, klasztorach i wsp\u00f3lnotach zakonnych\noraz w ko\u015bcio\u0142ach filialnych, gdzie tradycyjnie odbywa\u0142y si\u0119 one w poprzednich\nlatach. Jednocze\u015bnie z naciskiem zaznaczam, \u017ce w ko\u015bciele parafialnym mo\u017ce\nodby\u0107 si\u0119 tylko jedna celebracja Triduum Paschalnego, to znaczy Msz\u0119 Wieczerzy\nPa\u0144skiej, Liturgi\u0119 ku czci M\u0119ki Pa\u0144skiej i Wigili\u0119 Paschaln\u0105 mo\u017cna sprawowa\u0107\ntylko jeden raz. &nbsp;&nbsp;<\/p>\n\n\n\n<p><strong>Wielki Czwartek. Msza Wieczerzy Pa\u0144skiej<\/strong><\/p>\n\n\n\n<p>1. Nale\u017cy opu\u015bci\u0107 obrz\u0119d obmycia n\u00f3g (<em>mandatum<\/em>).<\/p>\n\n\n\n<p>2. Na zako\u0144czenie Mszy Wieczerzy Pa\u0144skiej nie przenosi si\u0119\nNaj\u015bwi\u0119tszego Sakramentu do o\u0142tarza adoracji, powinien On pozosta\u0107 w g\u0142\u00f3wnym\ntabernakulum. Po umieszczeniu tam Naj\u015bwi\u0119tszego Sakramentu przewodnicz\u0105cy kl\u0119ka\nprzed nim. Wtedy \u015bpiewa si\u0119 hymn&nbsp;<em>S\u0142aw, j\u0119zyku, tajemnic\u0119<\/em>&nbsp;(za\nodm\u00f3wienie ostatniej cz\u0119\u015bci hymnu:&nbsp;<em>Przed tak wielkim Sakramentem<\/em>,\npo Mszy Wieczerzy Pa\u0144skiej mo\u017cna uzyska\u0107 \u0142ask\u0119 odpustu&nbsp;zupe\u0142nego).\nNast\u0119pnie kap\u0142an pozostaje jeszcze chwil\u0119 w cichej adoracji, po czym on&nbsp;i\npos\u0142uguj\u0105cy przykl\u0119kaj\u0105 i powracaj\u0105 w ciszy do zakrystii.<\/p>\n\n\n\n<p>3. W celu umo\u017cliwienia poszczeg\u00f3lnym wiernym indywidualnej\nmodlitwy nale\u017cy podtrzyma\u0107 zwyczaj wielkoczwartkowej adoracji (Naj\u015bwi\u0119tszy\nSakrament w tabernakulum g\u0142\u00f3wnym).<\/p>\n\n\n\n<p><strong>Wielki Pi\u0105tek M\u0119ki Pa\u0144skiej<\/strong><\/p>\n\n\n\n<p>1. Zgodnie z wcze\u015bniejszymi wskazaniami odwo\u0142ane s\u0105 w tym\ndniu wsp\u00f3lnotowe nabo\u017ce\u0144stwa Drogi krzy\u017cowej.<\/p>\n\n\n\n<p>2. Polecam, aby do Modlitwy Powszechnej w czasie Liturgii na\ncze\u015b\u0107 M\u0119ki Pa\u0144skiej doda\u0107 wezwanie odnosz\u0105ce si\u0119 do sytuacji pandemii. Nale\u017cy\nje umie\u015bci\u0107 pomi\u0119dzy 9 i 10 wezwaniem z Msza\u0142u Rzymskiego. Tekst tego wezwania\njest dost\u0119pny na stronie diecezji, w zak\u0142adce \u201e\u015awi\u0119te Triduum Paschalne \u2013\nmateria\u0142y\u201d.&nbsp;<\/p>\n\n\n\n<p>3. Cze\u015b\u0107 Krzy\u017cowi nale\u017cy oddawa\u0107 przez g\u0142\u0119boki sk\u0142on lub\nprzykl\u0119kni\u0119cie, unikaj\u0105c z nim bezpo\u015bredniego kontaktu.<\/p>\n\n\n\n<p>4. W celu umo\u017cliwienia poszczeg\u00f3lnym wiernym indywidualnej\nmodlitwy nale\u017cy podtrzyma\u0107 zwyczaj adoracji Naj\u015bwi\u0119tszego Sakramentu przy\nGrobie Pa\u0144skim.<\/p>\n\n\n\n<p><strong>Wielka Sobota<\/strong><\/p>\n\n\n\n<p>Nie nale\u017cy organizowa\u0107 po\u015bwi\u0119cenia pokarm\u00f3w na st\u00f3\u0142\nwielkanocny w parafiach.&nbsp;W tym roku ma ono mie\u0107 charakter liturgii\ndomowej. Przed \u015bniadaniem niedzielnym s\u0142owa b\u0142ogos\u0142awie\u0144stwa wypowiada ojciec,\nmatka lub inna doros\u0142a, wierz\u0105ca osoba. Tekst b\u0142ogos\u0142awie\u0144stwa dost\u0119pny na\nstronie diecezji, w zak\u0142adce \u201e\u015awi\u0119te Triduum Paschalne \u2013 materia\u0142y\u201d.<\/p>\n\n\n\n<p><strong>Wigilia Paschalna w Wielk\u0105 Noc<\/strong><\/p>\n\n\n\n<p>Nale\u017cy zachowa\u0107 przepisy liturgiczne dotycz\u0105ce pory\ncelebrowania Wigilii Paschalnej, chocia\u017c b\u0119dzie ona sprawowana bez obecno\u015bci\nlicznych wiernych. Przypominam&nbsp;o wci\u0105\u017c obowi\u0105zuj\u0105cym w naszej diecezji\nZarz\u0105dzeniu Biskupa Legnickiego z 2007 roku, gdzie czytamy, \u017ce tej liturgii nie\nmo\u017cna rozpoczyna\u0107 wcze\u015bniej ni\u017c o godz. 20.00. Przede wszystkim za\u015b rubryki\nMsza\u0142u rzymskiego zaznaczaj\u0105, \u017ce obrz\u0119d\u00f3w Wigilii Paschalnej nie wolno\nrozpocz\u0105\u0107, zanim nie zapadnie noc, a nale\u017cy je zako\u0144czy\u0107 przed \u015bwitem.<\/p>\n\n\n\n<p><em>Cz\u0119\u015b\u0107 pierwsza: Liturgia \u015bwiat\u0142a.<\/em><\/p>\n\n\n\n<p>Na pocz\u0105tku Wigilii Paschalnej nale\u017cy pomin\u0105\u0107 rozpalanie\nogniska i procesj\u0119 na zewn\u0105trz ko\u015bcio\u0142a a wykorzysta\u0107 propozycj\u0119, kt\u00f3r\u0105 podaje\nMsza\u0142 Rzymski w obrz\u0119dach:&nbsp;<em>Niedziela Wielkanocna. Zmartwychwstanie\nPa\u0144skie. Wigilia Paschalna w Wielk\u0105 Noc,<\/em> nr 13.<\/p>\n\n\n\n<p><em>Cz\u0119\u015b\u0107 druga: Liturgia s\u0142owa<\/em><\/p>\n\n\n\n<p>Pozostaje bez zmian;<\/p>\n\n\n\n<p><em>Cz\u0119\u015b\u0107 trzecia: Liturgia chrzcielna<\/em><\/p>\n\n\n\n<p>Zachowujemy jedynie odnowienie przyrzecze\u0144 chrzcielnych, bez\npokropienia wod\u0105. Pomija si\u0119 litani\u0119 do Wszystkich \u015awi\u0119tych, b\u0142ogos\u0142awie\u0144stwo\nwody chrzcielnej i b\u0142ogos\u0142awie\u0144stwo wody do pokropienia.<\/p>\n\n\n\n<p><em>Cz\u0119\u015b\u0107 czwarta: Liturgia Eucharystyczna<\/em><\/p>\n\n\n\n<p>Pozostaje bez zmian.<\/p>\n\n\n\n<p><strong>Procesja rezurekcyjna<\/strong><\/p>\n\n\n\n<p>W miejsce procesji rezurekcyjnej mo\u017cna na zako\u0144czenie\nliturgii udzieli\u0107 b\u0142ogos\u0142awie\u0144stwa Naj\u015bwi\u0119tszym Sakramentem przed drzwiami\nko\u015bcio\u0142a, a nast\u0119pnie zachowa\u0107 porz\u0105dek podany w Mszale Rzymskim, jak po\npowrocie procesji do o\u0142tarza g\u0142\u00f3wnego.&nbsp;<\/p>\n\n\n\n<p><strong>IV. SAKRAMENT POKUTY I POJEDNANIA<\/strong><\/p>\n\n\n\n<p>1. Zach\u0119cam duszpasterzy, aby udost\u0119pnili wiernym numer\ntelefonu i adres mailowy, przez kt\u00f3ry b\u0119d\u0105 mogli si\u0119 um\u00f3wi\u0107 na indywidualn\u0105 spowied\u017a.<\/p>\n\n\n\n<p>2. Duszpasterze winni zachowa\u0107 dyspozycyjno\u015b\u0107 wobec\nwiernych, kt\u00f3rzy zwr\u00f3c\u0105 si\u0119&nbsp;z pro\u015bb\u0105 mo\u017cliwo\u015b\u0107 przyst\u0105pienia do sakramentu\npokuty i pojednania.<\/p>\n\n\n\n<p>3. Spowied\u017a winna mie\u0107 miejsce w osobnym pomieszczeniu,\numo\u017cliwiaj\u0105cy sprawowanie sakramentu z zachowaniem stosownej odleg\u0142o\u015bci mi\u0119dzy\npenitentem a spowiednikiem, a w razie braku takiej mo\u017cliwo\u015bci \u2013 w cz\u0119sto\ndezynfekowanym, otwartym konfesjonale.<\/p>\n\n\n\n<p>4. Niemo\u017cliwa jest spowied\u017a za po\u015brednictwem urz\u0105dze\u0144\nkomunikacji elektronicznej (np. telefon lub komunikator internetowy). Stolica\nApostolska nigdy nie zezwoli\u0142a na spowied\u017a przez telefon, a wszystkie\ndotychczasowe wypowiedzi wyra\u017anie zakazuj\u0105 spowiedzi na odleg\u0142o\u015b\u0107 i wskazuj\u0105,\n\u017ce w przestrzeni wirtualnej \u201enie ma sakrament\u00f3w\u201d.<\/p>\n\n\n\n<p>5. Nale\u017cy przypomnie\u0107 wiernym, \u017ce zawsze maj\u0105 mo\u017cliwo\u015b\u0107\nusposobienia duszy do stanu \u0142aski przez wzbudzenie w sobie aktu \u017calu\ndoskona\u0142ego, kt\u00f3ry zawiera w sobie zamiar wyspowiadania si\u0119 jak najszybciej.\nKatechizm Ko\u015bcio\u0142a Katolickiego obja\u015bnia, \u017ce \u201e\u017cal, kt\u00f3ry wyp\u0142ywa z mi\u0142o\u015bci do\nBoga mi\u0142owanego nade wszystko, jest nazywany \u017calem doskona\u0142ym lub \u017calem z\nmi\u0142o\u015bci. Taki \u017cal odpuszcza grzechy powszednie. Przynosi on tak\u017ce przebaczenie\ngrzech\u00f3w \u015bmiertelnych, je\u015bli zawiera mocne postanowienie przyst\u0105pienia do\nspowiedzi sakramentalnej, gdy tylko b\u0119dzie to mo\u017cliwe\u201d&nbsp;(nr 1452).\nZobowi\u0105zuj\u0119 duszpasterzy, aby w obecnej sytuacji, gdy dla wielu os\u00f3b\nprzyst\u0105pienie do spowiedzi sakramentalnej mo\u017ce by\u0107 nieosi\u0105galne, ukazywali\nwiernym mo\u017cliwo\u015bci duchowego pojednania z Bogiem na takiej drodze oraz aby\numie\u015bcili&nbsp;informacj\u0119 na ten temat na internetowej stronie parafialnej i\nwy\u0142o\u017cyli j\u0105 w przyko\u015bcielnych gablotach i na \u0142awkach w ko\u015bciele w formie\ndrukowanej. Pomoce&nbsp;dost\u0119pne na stronie diecezjalnej w zak\u0142adce \u201e\u015awi\u0119te\nTriduum Paschalne \u2013 materia\u0142y\u201d.<\/p>\n\n\n\n<p>6. Przypominam r\u00f3wnie\u017c, \u017ce w obecnej sytuacji absolucja\nwielu penitent\u00f3w r\u00f3wnocze\u015bnie, bez poprzedniej indywidualnej spowiedzi, w\nspos\u00f3b og\u00f3lny nie mo\u017ce by\u0107 udzielana.<\/p>\n\n\n\n<p>7. Ju\u017c dzi\u015b zobowi\u0105zuj\u0119 Ksi\u0119\u017cy Proboszcz\u00f3w wszystkich\nparafii, aby po ustaniu pandemii zorganizowali dzie\u0144 spowiedzi parafialnej.<\/p>\n\n\n\n<p><strong>V. UROCZYTO\u015a\u0106 PIERWSZEJ KOMUNII \u015aWI\u0118TEJ<\/strong><\/p>\n\n\n\n<p>1. Do Wielkanocy odwo\u0142ane s\u0105 wszystkie spotkania z dzie\u0107mi\nkomunijnymi i ich rodzicami. Przyjmujemy zasad\u0119, \u017ce tak d\u0142ugo, jak szko\u0142y\npozostaj\u0105 zamkni\u0119te i dzieci maj\u0105 pozostawa\u0107 w domach, nie organizujemy dla\nnich \u017cadnych zaj\u0119\u0107 w parafii (w tym pierwszych spowiedzi).<\/p>\n\n\n\n<p>2. Po Wielkanocy:<\/p>\n\n\n\n<p>Wariant I: Je\u017celi stan epidemii nie zostanie odwo\u0142any i\ndzieci nie wr\u00f3c\u0105 do szk\u00f3\u0142, to nale\u017cy odwo\u0142a\u0107 wszystkie I Komunie \u015awi\u0119te do\nczasu ustania epidemii.<\/p>\n\n\n\n<p>Wariant II: Je\u017celi po Wielkanocy stan epidemii zostanie\nodwo\u0142any i dzieci wr\u00f3c\u0105 do szk\u00f3\u0142, to o terminie I Komunii \u015awi\u0119tej nale\u017cy\nporozmawia\u0107 z rodzicami; po wys\u0142uchaniu ich g\u0142os\u00f3w Ksi\u0105dz Proboszcz podejmie\nostateczn\u0105 decyzj\u0119, bior\u0105c pod uwag\u0119 to, co zawieraj\u0105 punkty 3-5.<\/p>\n\n\n\n<p>3. Gdyby rodzice zdecydowali si\u0119 na I Komuni\u0119 \u015awi\u0119t\u0105 swoich\ndzieci w pierwotnie&nbsp;planowanym (zwykle majowym) terminie, nale\u017cy uczyni\u0107\nto z zachowaniem najwy\u017cszych \u015brodk\u00f3w ostro\u017cno\u015bci, w ma\u0142ych grupach, w\nwyj\u0105tkowych sytuacjach niekoniecznie w niedziel\u0119.<\/p>\n\n\n\n<p>4. Gdyby rodzice nie zdecydowali si\u0119 na I Komuni\u0119 \u015awi\u0119t\u0105\nswoich dzieci w pierwotnym terminie, nale\u017cy im to umo\u017cliwi\u0107 w terminie\np\u00f3\u017aniejszym, kiedy sami uznaj\u0105, \u017ce zagro\u017cenie dla ich dzieci min\u0119\u0142o.<\/p>\n\n\n\n<p>5. Duszpasterzy zach\u0119cam, by byli w sta\u0142ym kontakcie (telefonicznym\nlub mailowym)&nbsp;z rodzinami dzieci komunijnych i ws\u0142uchiwali si\u0119 w ich\npotrzeby.<\/p>\n\n\n\n<p><strong>VI. BIERZMOWANIE<\/strong><\/p>\n\n\n\n<p>Tu r\u00f3wnie\u017c przyjmujemy zasad\u0119, \u017ce do czasu odwo\u0142ania stanu\nepidemii oraz powrotu dzieci i m\u0142odzie\u017cy do szk\u00f3\u0142 udzielanie sakramentu\nbierzmowania pozostaje zawieszone<\/p>\n\n\n\n<p><strong>VII. DODATKOWE INFORMACJE<\/strong><\/p>\n\n\n\n<p>1. Udzielam&nbsp;<em>dyspensy<\/em>&nbsp;wszystkim wiernym\nprzebywaj\u0105cym na ternie diecezji legnickiej, kt\u00f3rzy chcieliby uzyska\u0107 \u0142ask\u0119\nodpustu zupe\u0142nego, a w \u017caden spos\u00f3b nie mog\u0105 albo mog\u0105 jedynie z wielk\u0105\ntrudno\u015bci\u0105 wyspowiada\u0107 si\u0119 i przyj\u0105\u0107 Komuni\u0119 \u015bw.: mog\u0105 oni uzyska\u0107 odpust\nzupe\u0142ny bez aktualnej spowiedzi i Komunii \u015bw., byleby tylko wzbudzili \u017cal\ndoskona\u0142y i mieli postanowienie przyst\u0105pienia do tych sakrament\u00f3w, gdy\ntylko&nbsp;nadarzy si\u0119 okazja, z zachowaniem pozosta\u0142ych warunk\u00f3w odpustu.<\/p>\n\n\n\n<p>2. W obecnej chwili, gdy zachodzi prawdopodobie\u0144stwo, \u017ce w\nprzypadku zagro\u017cenia \u017cycia nie b\u0119dzie mo\u017cliwe wezwanie kap\u0142ana, warto\nprzypomina\u0107 wiernym, \u017ce w takich okoliczno\u015bciach Ko\u015bci\u00f3\u0142 udziela wiernemu,\nkt\u00f3ry jest odpowiednio dysponowany (tzn. jest skruszony w sercu i nie ma\nprzywi\u0105zania do grzechu),&nbsp;<em>odpustu zupe\u0142nego&nbsp;<\/em>na zbli\u017caj\u0105c\u0105 si\u0119\nchwil\u0119 \u015bmierci, pod warunkiem \u017ce za \u017cycia mia\u0142 zwyczaj odmawiania jakichkolwiek\nmodlitw. W tym przypadku Ko\u015bci\u00f3\u0142 uzupe\u0142nia trzy pozosta\u0142e warunki wymagane do\nuzyskania odpustu zupe\u0142nego.<\/p>\n\n\n\n<p>3. Celebracje \u015awi\u0119tego Triduum Paschalnego sprawowane w\nkatedrze legnickiej b\u0119d\u0105 transmitowane w mediach spo\u0142ecznego przekazu przez\ntelewizj\u0119 TVT Zgorzelec oraz przez stron\u0119 www.diecezja.legnica.pl. Ksi\u0119\u017cy\nProboszcz\u00f3w zach\u0119cam do transmitowania parafialnych liturgii w mediach\nspo\u0142eczno\u015bciowych i podania ich termin\u00f3w swoim wiernym, by mogli \u0142\u0105czy\u0107 si\u0119\nduchowo z duszpasterzami i wsp\u00f3lnot\u0105 parafialn\u0105.<\/p>\n\n\n\n<p>4. Aby wierni, nie maj\u0105c mo\u017cliwo\u015bci gromadzenia si\u0119 w\nko\u015bciele, mogli g\u0142\u0119biej prze\u017cy\u0107 obchody tych \u015bwi\u0119tych dni, na stronie\ndiecezjalnej, w zak\u0142adce \u201e\u015awi\u0119te Triduum Paschalne \u2013 materia\u0142y\u201d zostan\u0105\nudost\u0119pnione odpowiednie pomoce. Prosz\u0119 Duszpasterzy o zach\u0119canie wiernych do\nkorzystania z tych pomocy. Polecam szczeg\u00f3lnie rodzinne celebracje, kt\u00f3re mo\u017cna\nprzeprowadzi\u0107 w domu niezale\u017cnie od korzystania z transmisji liturgii\nsprawowanych w ko\u015bcio\u0142ach.<\/p>\n\n\n\n<p>5. Do s\u0142u\u017cby liturgicznej w tych dniach nale\u017cy dopuszcza\u0107\njedynie te osoby, kt\u00f3re uko\u0144czy\u0142y 18 lat. Sytuacja ta ulegnie zmianie z chwil\u0105\npowrotu dzieci i m\u0142odzie\u017cy do szk\u00f3\u0142.<\/p>\n\n\n\n<p>6. Do 15 kwietnia Legnicka Kuria Biskupia pozostaje\nzamkni\u0119ta. W razie sytuacji nag\u0142ych nale\u017cy si\u0119 kontaktowa\u0107 bezpo\u015brednio z\nNotariuszem Kurii lub Sekretarzem Biskupa Legnickiego.<\/p>\n\n\n\n<p>7. Zach\u0119cam, aby Kancelarie parafialne pozostawa\u0142y zamkni\u0119te,\nz wyj\u0105tkiem spraw losowych.&nbsp;Nale\u017cy udost\u0119pni\u0107 wiernym numer telefonu i\nadres mailowy, poprzez kt\u00f3ry b\u0119d\u0105 mogli um\u00f3wi\u0107 si\u0119 z duszpasterzem by za\u0142atwi\u0107\nsprawy nie cierpi\u0105ce zw\u0142oki.<\/p>\n\n\n\n<p>8. W duchu kap\u0142a\u0144skiej odpowiedzialno\u015bci musimy tak\u017ce podj\u0105\u0107\nkwesti\u0119 dotycz\u0105c\u0105 spraw finansowych. Jak wiemy, Parafie, Kuria, Seminarium, Dom\nKsi\u0119\u017cy Emeryt\u00f3w&nbsp;i wiele innych podmiot\u00f3w ko\u015bcielnych w naszej diecezji\nutrzymuje si\u0119 wy\u0142\u0105cznie&nbsp;z dobrowolnych ofiar wiernych, a te z oczywistych\nwzgl\u0119d\u00f3w nie wp\u0142ywaj\u0105 w dotychczasowych kwotach i ten stan b\u0119dzie si\u0119 przez\njaki\u015b czas utrzymywa\u0142. Dlatego musimy podj\u0105\u0107 dzia\u0142ania, kt\u00f3re pozwol\u0105 na\nw\u0142a\u015bciwe funkcjonowanie naszych parafii i diecezji. W najbli\u017cszych dniach, po\nkonsultacjach z przedstawicielami Rady Kap\u0142a\u0144skiej, wydam dekret dotycz\u0105cy\nfinansowania parafii i zrycza\u0142towanych op\u0142at, kt\u00f3re parafie wp\u0142acaj\u0105 na rzecz\nLegnickiej Kurii Biskupiej.<\/p>\n\n\n\n<p>9. Szczeg\u00f3lnie wa\u017cna jest nasza wsp\u00f3lnotowa modlitwa\nr\u00f3\u017ca\u0144cowa, w kt\u00f3rej \u0142\u0105czymy si\u0119 o godz. 20.30, po\u0142\u0105czona z Apelem Jasnog\u00f3rskim.\nWezwaniem do modlitewnej jedno\u015bci niech b\u0119dzie g\u0142os dzwon\u00f3w naszych ko\u015bcio\u0142\u00f3w o\ngodz. 20.30 ka\u017cdego dnia.<\/p>\n\n\n\n<p>10. Polecam, aby w aktualnej sytuacji prezbiterzy jeszcze\n\u015bci\u015blej zachowywali obowi\u0105zek sta\u0142ej rezydencji w parafii i dyspozycyjno\u015bci\nwobec wiernych, a wszelkiego rodzaju wyjazdy ograniczyli do tych koniecznych.<\/p>\n\n\n\n<p>11. Przedstawiony dokument nale\u017cy umie\u015bci\u0107 w gablotach\nparafialnych oraz na stronie internetowej parafii. Powy\u017csze wskazania mog\u0105 ulec\nmodyfikacji w zale\u017cno\u015bci od rozwoju sytuacji zwi\u0105zanej z pandemi\u0105.<\/p>\n\n\n\n<p><strong>ZAKO\u0143CZENIE<\/strong><\/p>\n\n\n\n<p>Serdecznie dzi\u0119kuj\u0119 Wam, drodzy Bracia w kap\u0142a\u0144stwie, za\nWasz\u0105 pos\u0142ug\u0119 w nie\u0142atwych okoliczno\u015bciach epidemii i za wszelkie\nzaanga\u017cowanie, by zaradza\u0107 negatywnym skutkom pandemii oraz wlewa\u0107 nadziej\u0119 i\notuch\u0119 w serca powierzonych Wam wiernych. Prosz\u0119 Boga, by\u015bcie mieli \u015bwiat\u0142o i\nmoc do takiego my\u015blenia i dzia\u0142ania, kt\u00f3re dla Was samych b\u0119dzie coraz to\nwi\u0119kszym do\u015bwiadczaniem obecno\u015bci i dzia\u0142ania Pana Boga. Zach\u0119cam do wnikni\u0119cia\nw tre\u015bci Psalmu 84.<\/p>\n\n\n\n<p>Wszystkim za\u015b Wiernym do\u015bwiadczanym przez pandemi\u0119 i jej\nskutki, a jednocze\u015bnie nios\u0105cym odpowiedzialno\u015b\u0107 za utrzymanie rodzin,\ngospodarstw, przedsi\u0119biorstw i miejsc pracy oraz za organizacj\u0119 \u017cycia\nspo\u0142ecznego, \u017cycz\u0119 \u015bwiat\u0142a Ducha \u015awi\u0119tego. Osoby chore, samotne i stanowi\u0105ce\ntzw. grup\u0119 szczeg\u00f3lnego ryzyka polecam Bogu w mojej pasterskiej modlitwie.\nProsz\u0119 je te\u017c o \u0142\u0105czenie swoich cierpie\u0144 i niepewno\u015bci z udr\u0119kami Chrystusa dla\ndobra Jego Cia\u0142a, kt\u00f3rym jest Ko\u015bci\u00f3\u0142 (zob. Kol 1,24) oraz o modlitw\u0119 w duchu\nPsalmu 34, w kt\u00f3rym szczeg\u00f3lnie wymowna jest prawda: \u201ebiedak zawo\u0142a\u0142, a Pan Go\nus\u0142ysza\u0142 \u2026\u201d.<\/p>\n\n\n\n<p>Dzi\u0119kuj\u0119 wszystkim za dojrza\u0142e i odpowiedzialne stosowanie\nsi\u0119 do wydawanych zarz\u0105dze\u0144. Niech o\u017cywia nas nadzieja, \u017ce obecna sytuacja\nprze\u017cywana przez nas w duchu wiary, przyniesie dobre owoce w \u017cyciu ca\u0142ej\nwsp\u00f3lnoty Ko\u015bcio\u0142a. Nie ustawajmy w wysi\u0142ku duchowego \u0142\u0105czenia si\u0119 ze\nZbawicielem, a wszelkie niedogodno\u015bci i cierpienia,&nbsp;kt\u00f3rych teraz\ndo\u015bwiadczamy, sk\u0142adajmy Panu Bogu jako duchow\u0105 ofiar\u0119 w intencji zatrzymania\nepidemii; niech b\u0119dzie to te\u017c nasz wk\u0142ad w potrzebn\u0105 nam wszystkim duchow\u0105\nodnow\u0119 naszych spo\u0142eczno\u015bci oraz przyczynek do objawiania si\u0119 chwa\u0142y Bo\u017cej\n(zob. Rz 8,18nn).<\/p>\n\n\n\n<p>Na ten czas nowego do\u015bwiadczenia i w jego kontek\u015bcie\npog\u0142\u0119bionego prze\u017cywania \u015awi\u0105t Paschalnych z serca b\u0142ogos\u0142awi\u0119.<\/p>\n\n\n\n<p><em>Wasz\nBiskup<\/em><\/p>\n\n\n\n<p><strong>\u2020 Zbigniew\nKiernikowski<\/strong><\/p>\n","protected":false},"excerpt":{"rendered":"<p>W zwi\u0105zku z trwaj\u0105cym stanem pandemii, stosownie do zarz\u0105dze\u0144 organ\u00f3w pa\u0144stwowych i odpowiednich w\u0142adz ko\u015bcielnych, szczeg\u00f3lnie w odniesieniu do rozporz\u0105dze\u0144 wydanych przez Konferencj\u0119 Episkopatu Polski, przekazuj\u0119 duchownym diecezjalnym i zakonnym pos\u0142uguj\u0105cym na terenie diecezji legnickiej poni\u017csze wskazania i w oparciu o kan. 273 i kan. 274 \u00a7 2 Kodeksu Prawa&#8230; <a class=\"continue-reading-link\" href=\"http:\/\/parafia.scinawa.info\/index.php\/2020\/03\/28\/z-a-r-z-a-d-z-e-n-i-ew-sprawie-duszpasterstwa-w-stanie-pandemii-27-marca-2020-roku\/\">Czytaj dalej <span class=\"meta-nav\">&rarr; <\/span><\/a><\/p>\n","protected":false},"author":2,"featured_media":0,"comment_status":"closed","ping_status":"closed","sticky":false,"template":"","format":"standard","meta":{"footnotes":""},"categories":[41],"tags":[],"class_list":["post-1368","post","type-post","status-publish","format-standard","hentry","category-komunikaty-duszpasterskie"],"_links":{"self":[{"href":"http:\/\/parafia.scinawa.info\/index.php\/wp-json\/wp\/v2\/posts\/1368","targetHints":{"allow":["GET"]}}],"collection":[{"href":"http:\/\/parafia.scinawa.info\/index.php\/wp-json\/wp\/v2\/posts"}],"about":[{"href":"http:\/\/parafia.scinawa.info\/index.php\/wp-json\/wp\/v2\/types\/post"}],"author":[{"embeddable":true,"href":"http:\/\/parafia.scinawa.info\/index.php\/wp-json\/wp\/v2\/users\/2"}],"replies":[{"embeddable":true,"href":"http:\/\/parafia.scinawa.info\/index.php\/wp-json\/wp\/v2\/comments?post=1368"}],"version-history":[{"count":1,"href":"http:\/\/parafia.scinawa.info\/index.php\/wp-json\/wp\/v2\/posts\/1368\/revisions"}],"predecessor-version":[{"id":1369,"href":"http:\/\/parafia.scinawa.info\/index.php\/wp-json\/wp\/v2\/posts\/1368\/revisions\/1369"}],"wp:attachment":[{"href":"http:\/\/parafia.scinawa.info\/index.php\/wp-json\/wp\/v2\/media?parent=1368"}],"wp:term":[{"taxonomy":"category","embeddable":true,"href":"http:\/\/parafia.scinawa.info\/index.php\/wp-json\/wp\/v2\/categories?post=1368"},{"taxonomy":"post_tag","embeddable":true,"href":"http:\/\/parafia.scinawa.info\/index.php\/wp-json\/wp\/v2\/tags?post=1368"}],"curies":[{"name":"wp","href":"https:\/\/api.w.org\/{rel}","templated":true}]}}