{"id":1375,"date":"2020-03-28T14:12:37","date_gmt":"2020-03-28T13:12:37","guid":{"rendered":"http:\/\/parafia.scinawa.info\/?p=1375"},"modified":"2020-03-28T14:12:37","modified_gmt":"2020-03-28T13:12:37","slug":"ogloszenia-duszpasterskie-5-niedziela-wielkiego-postu-29-03-2020","status":"publish","type":"post","link":"http:\/\/parafia.scinawa.info\/index.php\/2020\/03\/28\/ogloszenia-duszpasterskie-5-niedziela-wielkiego-postu-29-03-2020\/","title":{"rendered":"Og\u0142oszenia duszpasterskie    5 Niedziela Wielkiego Postu  \u2013 29.03. 2020"},"content":{"rendered":"\n<p><strong>1<\/strong><strong>.<\/strong>\nDzi\u015b prze\u017cywamy <strong>5 Niedziel\u0119 Wielkiego Postu<\/strong><strong>.<\/strong>\nMsze \u015bw. wed\u0142ug porz\u0105dku niedzielnego. Od\n26.03. do 11.04 w liturgicznym zgromadzeniu mo\u017ce wzi\u0105\u0107 udzia\u0142 <strong>pi\u0119\u0107 os\u00f3b<\/strong>.\nDlatego zwracam si\u0119 z ogromn\u0105 pro\u015bb\u0105, aby na Msz\u0119 \u015bw. przychodzili Ci wierni,\nkt\u00f3rzy zam\u00f3wili intencj\u0119 Mszy \u015bw.<\/p>\n\n\n\n<p>Pozosta\u0142ych\nKatolik\u00f3w zach\u0119cam do uczestniczenia we Mszy \u015bw. za pomoc\u0105 TV, Radia, czy\nInternetu. W naszych domach stw\u00f3rzmy w czasie transmisji Mszy \u015bw. atmosfer\u0119\nmodlitwy i wyciszenia. G\u0142o\u015bno odpowiadajmy z ca\u0142\u0105 Rodzin\u0105 na poszczeg\u00f3lne\nwezwania. Ukl\u0119knijmy na Podniesienie, duchowo przyjmijmy Komuni\u0119 \u015bw. M\u00f3dlmy si\u0119\no wyga\u015bni\u0119cie epidemii. <\/p>\n\n\n\n<p><strong>2<\/strong><strong>.<\/strong>\nMsze \u015bw. w tygodniu&nbsp; o <strong>7<sup>00<\/sup><\/strong>\ni <strong>18<sup>00<\/sup><\/strong>.&nbsp; <\/p>\n\n\n\n<p><strong>3<\/strong><strong>. <\/strong>Codziennie\nadoracja Naj\u015bwi\u0119tszego Sakramentu o godz. <strong>17<sup>00<\/sup>.<\/strong><\/p>\n\n\n\n<p><strong>4<\/strong><strong>. <\/strong>W przysz\u0142\u0105 niedziel\u0119 b\u0119dziemy prze\u017cywa\u0107 <strong>6 Niedziel\u0119 Wielkiego Postu &#8211; Niedziel\u0119 Palmow\u0105.<\/strong> Msze\n\u015bw. wed\u0142ug porz\u0105dku niedzielnego. <strong><em>Mo\u017cna dokona\u0107 b\u0142ogos\u0142awie\u0144stwa palm,\njednak bez u\u017cycia pob\u0142ogos\u0142awionej wody.<\/em><\/strong><\/p>\n\n\n\n<p><strong>5<\/strong><strong>.<\/strong>\nKancelaria zamkni\u0119ta, z wyj\u0105tkiem spraw losowych.<\/p>\n\n\n\n<p><strong>6<\/strong><strong>.<\/strong>\nDo nabycia jest prasa katolicka: Niedziela, R\u00f3\u017caniec. <\/p>\n\n\n\n<p><strong>7<\/strong><strong>.<\/strong>\n<strong><em>Na\nWielki Post rozprowadzamy w naszej parafii skarbonki \u2013 ja\u0142mu\u017cna wielkopostna.<\/em><\/strong><\/p>\n\n\n\n<p><strong>8<\/strong><strong>.<\/strong>\nDzi\u0119kuj\u0119 wszystkim, kt\u00f3rzy w tym tygodniu sprz\u0105tali \u015bwi\u0105tyni\u0119 i przygotowali j\u0105\nna nasze spotkanie eucharystyczne.<\/p>\n\n\n\n<p><strong>9<\/strong><strong>.<\/strong>\nSerdeczne B\u00f3g zap\u0142a\u0107 za ofiary sk\u0142adane na remonty w naszej parafii. <\/p>\n\n\n\n<p><strong>10<\/strong><strong>.<\/strong>\nIntencje mszalne, kalendarze parafialne, kartki \u015bwi\u0105teczne, \u015bwiece &#8211; paschaliki\npo 6 z\u0142 ma\u0142e i du\u017ce po 12 z\u0142. obrazki \u2013 pami\u0105tki odprawionej Mszy \u015bw., program\nrekolekcji i \u015bwi\u0105t<\/p>\n\n\n\n<p><strong>11<\/strong><strong>. <\/strong>Tradycj\u0105\nlat minionych od I Niedzieli Wielkiego Postu sk\u0142adamy ofiary na kwiaty do Bo\u017cego\nGrobu do skarbony pod ambon\u0105.<\/p>\n\n\n\n<p><strong>12<\/strong><strong>.<\/strong>\n<strong><em>Rekolekcje\nwielkopostne odwo\u0142ane !!!<\/em><\/strong><\/p>\n\n\n\n<p><strong>13<\/strong><strong>.<\/strong> <strong>W<\/strong> <strong><em>I\npi\u0105tek miesi\u0105ca nie ma<\/em><\/strong><strong>\n<em>odwiedzin chorych<\/em><\/strong><strong><em>,\nnatomiast <\/em><\/strong><strong>indywidualna\nspowied\u017a w nag\u0142ych potrzebach, sakrament chorych w sytuacji zagro\u017cenia \u017cycia.<\/strong><\/p>\n\n\n\n<p><em>\u017byczymy mi\u0142ego\ntygodnia i obfitych \u0142ask Bo\u017cych.<\/em><\/p>\n","protected":false},"excerpt":{"rendered":"<p>1. Dzi\u015b prze\u017cywamy 5 Niedziel\u0119 Wielkiego Postu. Msze \u015bw. wed\u0142ug porz\u0105dku niedzielnego. Od 26.03. do 11.04 w liturgicznym zgromadzeniu mo\u017ce wzi\u0105\u0107 udzia\u0142 pi\u0119\u0107 os\u00f3b. Dlatego zwracam si\u0119 z ogromn\u0105 pro\u015bb\u0105, aby na Msz\u0119 \u015bw. przychodzili Ci wierni, kt\u00f3rzy zam\u00f3wili intencj\u0119 Mszy \u015bw. Pozosta\u0142ych Katolik\u00f3w zach\u0119cam do uczestniczenia we Mszy \u015bw&#8230;. <a class=\"continue-reading-link\" href=\"http:\/\/parafia.scinawa.info\/index.php\/2020\/03\/28\/ogloszenia-duszpasterskie-5-niedziela-wielkiego-postu-29-03-2020\/\">Czytaj dalej <span class=\"meta-nav\">&rarr; <\/span><\/a><\/p>\n","protected":false},"author":2,"featured_media":0,"comment_status":"closed","ping_status":"closed","sticky":false,"template":"","format":"standard","meta":{"footnotes":""},"categories":[40],"tags":[],"class_list":["post-1375","post","type-post","status-publish","format-standard","hentry","category-ogloszenia-duszpasterskie"],"_links":{"self":[{"href":"http:\/\/parafia.scinawa.info\/index.php\/wp-json\/wp\/v2\/posts\/1375","targetHints":{"allow":["GET"]}}],"collection":[{"href":"http:\/\/parafia.scinawa.info\/index.php\/wp-json\/wp\/v2\/posts"}],"about":[{"href":"http:\/\/parafia.scinawa.info\/index.php\/wp-json\/wp\/v2\/types\/post"}],"author":[{"embeddable":true,"href":"http:\/\/parafia.scinawa.info\/index.php\/wp-json\/wp\/v2\/users\/2"}],"replies":[{"embeddable":true,"href":"http:\/\/parafia.scinawa.info\/index.php\/wp-json\/wp\/v2\/comments?post=1375"}],"version-history":[{"count":1,"href":"http:\/\/parafia.scinawa.info\/index.php\/wp-json\/wp\/v2\/posts\/1375\/revisions"}],"predecessor-version":[{"id":1376,"href":"http:\/\/parafia.scinawa.info\/index.php\/wp-json\/wp\/v2\/posts\/1375\/revisions\/1376"}],"wp:attachment":[{"href":"http:\/\/parafia.scinawa.info\/index.php\/wp-json\/wp\/v2\/media?parent=1375"}],"wp:term":[{"taxonomy":"category","embeddable":true,"href":"http:\/\/parafia.scinawa.info\/index.php\/wp-json\/wp\/v2\/categories?post=1375"},{"taxonomy":"post_tag","embeddable":true,"href":"http:\/\/parafia.scinawa.info\/index.php\/wp-json\/wp\/v2\/tags?post=1375"}],"curies":[{"name":"wp","href":"https:\/\/api.w.org\/{rel}","templated":true}]}}