{"id":1378,"date":"2020-04-05T01:41:07","date_gmt":"2020-04-04T23:41:07","guid":{"rendered":"http:\/\/parafia.scinawa.info\/?p=1378"},"modified":"2020-04-05T01:41:07","modified_gmt":"2020-04-04T23:41:07","slug":"intencje-mszalne-05-04-13-04-2020","status":"publish","type":"post","link":"http:\/\/parafia.scinawa.info\/index.php\/2020\/04\/05\/intencje-mszalne-05-04-13-04-2020\/","title":{"rendered":"INTENCJE MSZALNE        05.04. \u2013 13.04. 2020"},"content":{"rendered":"\n<p><strong><em>Sk\u0142adaj\u0105c\nOfiar\u0119, kt\u00f3ra nam przypomina niezmierzon\u0105 mi\u0142o\u015b\u0107 Twojego Syna, pokornie prosimy\nCi\u0119, Bo\u017ce, przyjmij intencje Twoich wiernych i spraw przez dzia\u0142anie\nEucharystii, aby w naszych rodzinach wzrasta\u0142a prawdziwa wiara, \u015bwi\u0119to\u015b\u0107 \u017cycia,\nbraterska mi\u0142o\u015b\u0107 i duch modlitwy. <\/em><\/strong><strong>Niech\nMatka Naj\u015bwi\u0119tsza wyprosi \u0142aski, o kt\u00f3re modlili\u015bmy si\u0119 w tej Mszy \u015bw. dla \u2026\nZa\u015b zmar\u0142ym \u2026 za kt\u00f3rych odprawiali\u015bmy Msz\u0119 \u015bw.: wieczny odpoczynek racz im\nda\u0107 Panie (\u2026); niech odpoczywaj\u0105 w pokoju wiecznym. Amen<\/strong><\/p>\n\n\n\n<p><strong><em>05.04.\n&#8211; NIEDZIELA&nbsp; <\/em><\/strong><em><\/em><\/p>\n\n\n\n<p><strong>8.oo\n\u2013 1) <\/strong>&nbsp;++ Kazimier\u0119\nw 2 rocz. \u015bm. i J\u00f3zefa Szymczak\u00f3w, dziadk\u00f3w: Weronik\u0119 i Stanis\u0142awa <\/p>\n\n\n\n<p>&nbsp;&nbsp;&nbsp;&nbsp;&nbsp;&nbsp;&nbsp;&nbsp;&nbsp;&nbsp;&nbsp;&nbsp;&nbsp;&nbsp;&nbsp;&nbsp;&nbsp;\nJakubowicz\u00f3w oraz Maryl\u0119\nSta\u0144czyk z domu Szymczak \u2013 modl\u0105 si\u0119 dzieci z rodzin\u0105<\/p>\n\n\n\n<p><strong>&nbsp;&nbsp;&nbsp;&nbsp;&nbsp;&nbsp;&nbsp;&nbsp;&nbsp;&nbsp;&nbsp; &nbsp;\n2)<\/strong> + El\u017cbiet\u0119 Cich\u0105 \u2013 Msza z racji pogrzebu<\/p>\n\n\n\n<p><strong>&nbsp; 9.3o \u2013 <\/strong>&nbsp;&nbsp;+ Mariana\nKopacza w 8 rocz. \u015bm. oraz ++ rodzic\u00f3w: Mari\u0119 i Stanis\u0142awa Kopacz\u00f3w \u2013 modli <\/p>\n\n\n\n<p>&nbsp;&nbsp;&nbsp;&nbsp;&nbsp;&nbsp;&nbsp;&nbsp;&nbsp;&nbsp;&nbsp;&nbsp;&nbsp; si\u0119\nsiostra z rodzin\u0105<\/p>\n\n\n\n<p><strong>11.oo\n\u2013 1) <\/strong>++ dziadk\u00f3w i pradziadk\u00f3w\nz rodziny Zagrodnych, mam\u0119 Mari\u0119 i te\u015bcia Romana \u2013 modli<\/p>\n\n\n\n<p>&nbsp;&nbsp;&nbsp;&nbsp;&nbsp;&nbsp;&nbsp;&nbsp;&nbsp;&nbsp;&nbsp; &nbsp;&nbsp;&nbsp;&nbsp;&nbsp;&nbsp;si\u0119\nrodzina<\/p>\n\n\n\n<p><strong>&nbsp;&nbsp;&nbsp;&nbsp;&nbsp;&nbsp;&nbsp;&nbsp;&nbsp;&nbsp;&nbsp; &nbsp;\n2) <\/strong>++ J\u00f3zefa i W\u0142adys\u0142aw\u0119 z\nrodziny Gr\u0119dys\u00f3w \u2013 modl\u0105 si\u0119 dzieci z rodzinami <\/p>\n\n\n\n<p><strong>12.3o\n\u2013 1) <\/strong>+ Alfreda Skoczylasa w 7\nrocz. \u015bm. \u2013 modli si\u0119 rodzina<\/p>\n\n\n\n<p><strong>&nbsp;&nbsp;&nbsp;&nbsp;&nbsp;&nbsp;&nbsp;&nbsp;&nbsp;&nbsp;&nbsp; &nbsp;\n2)<\/strong> zaj. P. Chocholak<\/p>\n\n\n\n<p><strong>18.oo\n\u2013 &nbsp;1) <\/strong>&nbsp;+ Antoniego Huzarskiego \u2013 intencja od Teresy z\nrodzin\u0105 z Cz\u0119stochowy<\/p>\n\n\n\n<p><strong>&nbsp;&nbsp;&nbsp;&nbsp;&nbsp;&nbsp;&nbsp;&nbsp;&nbsp;&nbsp;&nbsp; &nbsp;\n2)<\/strong> + Tomasza Banasiaka<strong>&nbsp; &nbsp;<\/strong>&nbsp;<\/p>\n\n\n\n<p><strong><em>06.04.\n\u2013 PONIEDZIA\u0141EK<\/em><\/strong><\/p>\n\n\n\n<p><strong>&nbsp; 7.oo \u2013 <\/strong>&nbsp;o zdrowie, Bo\u017ce b\u0142ogos\u0142awie\u0144stwo i opiek\u0119 NMP\ni \u015bw. Patron\u00f3w dla siostry Kornelii i siostry <\/p>\n\n\n\n<p>&nbsp;&nbsp; &nbsp;&nbsp;&nbsp;&nbsp;&nbsp;&nbsp;&nbsp;&nbsp;&nbsp;&nbsp;&nbsp;&nbsp;Ludmi\u0142y na dalsze lata \u017cycia \u2013\nmodli si\u0119 parafianka<\/p>\n\n\n\n<p><strong>18.oo\n\u2013 1) <\/strong>&nbsp;o lask\u0119 zdrowia\ni opiek\u0119 NMP dla Marii<\/p>\n\n\n\n<p><strong>&nbsp;&nbsp;&nbsp;&nbsp;&nbsp;&nbsp;&nbsp;&nbsp;&nbsp;&nbsp;&nbsp; &nbsp;\n2)<\/strong> <\/p>\n\n\n\n<p><strong><em>07.04.\n&#8211; WTOREK<\/em><\/strong><em><\/em><\/p>\n\n\n\n<p><strong>&nbsp; 7.oo \u2013 <\/strong>o zdrowie, Bo\u017ce\nb\u0142ogos\u0142awie\u0144stwo i opiek\u0119 NMP i \u015bw. Patron\u00f3w dla ksi\u0119\u017cy Adama i Andrzeja <\/p>\n\n\n\n<p>&nbsp;&nbsp;&nbsp;&nbsp;&nbsp;&nbsp;&nbsp;&nbsp;&nbsp;&nbsp;&nbsp;&nbsp;&nbsp; \u2013 modli si\u0119 parafianka<\/p>\n\n\n\n<p><strong>18.oo\n\u2013 <\/strong>w 60 rocz. urodzin Mieczys\u0142awy Ma\u0142ek dzi\u0119kczynna\nz pro\u015bb\u0105 o zdrowie, dary Ducha<\/p>\n\n\n\n<p>&nbsp;&nbsp;&nbsp;&nbsp;&nbsp;&nbsp;&nbsp;&nbsp;&nbsp;&nbsp;&nbsp;&nbsp; &nbsp;\u015awi\u0119tego, Bo\u017ce &nbsp;b\u0142ogos\u0142awie\u0144stwo i opiek\u0119 NMP \u2013 modli si\u0119 mama\nz rodzin\u0105 <\/p>\n\n\n\n<p><strong><em>08.04.\n\u2013 \u015aRODA <\/em><\/strong><\/p>\n\n\n\n<p><strong>&nbsp; 7.oo \u2013 <\/strong><\/p>\n\n\n\n<p><strong>18.oo\n\u2013&nbsp; intencja zbiorowa nowennowa:<\/strong><\/p>\n\n\n\n<p><strong>&nbsp;1)<\/strong> + Stefana Kuriat\u0119 \u2013 30\ndzie\u0144 od pogrzebu \u2013 intencja od uczestnik\u00f3w Mszy pogrzebowej<\/p>\n\n\n\n<p><strong>&nbsp;2)<\/strong> <\/p>\n\n\n\n<p><strong><em>09.04. \u2013 WIELKI\nCZWARTEK <\/em><\/strong><em>&nbsp;<\/em><strong>&nbsp;&nbsp;<\/strong><\/p>\n\n\n\n<p><strong>18.oo\n\u2013 <\/strong>&nbsp;<strong>1) <\/strong>&nbsp;za ksi\u0119\u017cy Adama i Andrzeja, siostry zakonne i\nministrant\u00f3w dzi\u0119kczynna z pro\u015bb\u0105\n<\/p>\n\n\n\n<p>&nbsp;&nbsp;&nbsp;&nbsp;&nbsp;&nbsp; &nbsp;&nbsp;&nbsp;&nbsp;&nbsp;&nbsp;&nbsp;&nbsp;&nbsp;&nbsp;&nbsp;&nbsp;o zdrowie, dary Ducha \u015awi\u0119tego, Bo\u017ce\n&nbsp;b\u0142ogos\u0142awie\u0144stwo i opiek\u0119 NMP <\/p>\n\n\n\n<p><strong>&nbsp;&nbsp;&nbsp;&nbsp;&nbsp;&nbsp;&nbsp;&nbsp;&nbsp;&nbsp;&nbsp; &nbsp;\n2)<\/strong> + c\u00f3rk\u0119 Jadwig\u0119 w 30\nrocz. \u015bm. i jej m\u0119\u017ca Bogus\u0142awa o Stanis\u0142awa, Czes\u0142awa, Agat\u0119,<\/p>\n\n\n\n<p>&nbsp;&nbsp;&nbsp;&nbsp;&nbsp;&nbsp;&nbsp;&nbsp;&nbsp;&nbsp;&nbsp;&nbsp;&nbsp;&nbsp;&nbsp; &nbsp;Jana, Tadeusza, Iren\u0119 i Micha\u0142a, Krystyn\u0119,\nJana, Jaros\u0142awa, Zygmunta, Mari\u0119<\/p>\n\n\n\n<p>&nbsp;&nbsp;&nbsp;&nbsp;&nbsp;&nbsp;&nbsp;&nbsp;&nbsp;&nbsp;&nbsp;&nbsp;&nbsp;&nbsp;&nbsp; &nbsp;i Kazimierza, Mariana i Adama, ++ z rodziny\nWo\u0142owc\u00f3w i Pi\u0105tk\u00f3w<\/p>\n\n\n\n<p><strong><em>10.04. \u2013 WIELKI PI\u0104TEK<\/em><\/strong><\/p>\n\n\n\n<p><strong>18.oo\n\u2013 NABO\u017bE\u0143STWO<\/strong> &nbsp;<\/p>\n\n\n\n<p><strong><em>11.04.\n\u2013 SOBOTA \u2013 WIGILIA PASCHALNA<\/em><\/strong><\/p>\n\n\n\n<p><strong>18.oo\n\u2013 1) <\/strong>&nbsp;<\/p>\n\n\n\n<p><strong>&nbsp;&nbsp;&nbsp;&nbsp;&nbsp;&nbsp;&nbsp;&nbsp;&nbsp;&nbsp;&nbsp; &nbsp;\n2)<\/strong> &nbsp;<\/p>\n\n\n\n<p><strong><em>12.04. \u2013 NIEDZIELA\nWIELKANOCNA&nbsp; <\/em><\/strong><\/p>\n\n\n\n<p><strong>7.oo\n\u2013 1) <\/strong>&nbsp;++ Klementyn\u0119 w 42 rocz. \u015bm. i Adama z\nrodziny Mazur\u00f3w, ++ dziadk\u00f3w z obu stron, <\/p>\n\n\n\n<p>&nbsp;&nbsp;&nbsp;&nbsp;&nbsp;&nbsp;&nbsp;&nbsp;&nbsp;&nbsp;&nbsp;&nbsp;&nbsp; doktor Zin\u0119 i dusze w czy\u015b\u0107cu\ncierpi\u0105ce<\/p>\n\n\n\n<p><strong>&nbsp;&nbsp;&nbsp;&nbsp;&nbsp;&nbsp;&nbsp;&nbsp;&nbsp;&nbsp;&nbsp; &nbsp;\n2)<\/strong> za Parafian<\/p>\n\n\n\n<p><strong>11.oo\n\u2013 1) <\/strong>++ rodzic\u00f3w: J\u00f3zefa w 1\nrocz. \u015bm.&nbsp; i Genowef\u0119 w 5 rocz. \u015bm. z\nrodziny Pleskacz\u00f3w <\/p>\n\n\n\n<p>&nbsp;&nbsp;&nbsp;&nbsp;&nbsp;&nbsp;&nbsp;&nbsp;&nbsp;&nbsp;&nbsp;&nbsp;&nbsp;&nbsp;&nbsp;&nbsp;&nbsp; \u2013 modli si\u0119 rodzina<\/p>\n\n\n\n<p><strong>&nbsp;&nbsp;&nbsp;&nbsp;&nbsp;&nbsp;&nbsp;&nbsp;&nbsp;&nbsp;&nbsp; &nbsp;\n2) <\/strong>&nbsp;+ Edwarda\nP\u0142atka \u2013 modli si\u0119 c\u00f3rka<\/p>\n\n\n\n<p><strong>12.3o\n\u2013 1) <\/strong>++ Janin\u0119 Siwiec w 1 rocz.\n\u015bm. i Jana Herb\u0119<\/p>\n\n\n\n<p><strong>&nbsp;&nbsp;&nbsp;&nbsp;&nbsp;&nbsp;&nbsp;&nbsp;&nbsp;&nbsp;&nbsp; &nbsp;\n2)<\/strong> ++ Wies\u0142awa Cichut\u0119, Aleksandr\u0119 i W\u0142adys\u0142awa Cichut\u00f3w\noraz ++ z rodziny Ochap\u00f3w <\/p>\n\n\n\n<p>&nbsp;&nbsp;&nbsp;&nbsp;&nbsp;&nbsp;&nbsp;&nbsp;&nbsp;&nbsp;&nbsp;&nbsp;&nbsp;&nbsp;&nbsp;&nbsp;&nbsp; \u2013 modl\u0105 si\u0119 bracia: Tomasz i\nPrzemys\u0142aw, siostra Beata, rodzice i najbli\u017csza rodzina<\/p>\n\n\n\n<p><strong>18.oo\n\u2013 &nbsp;<\/strong>zaj. P. Kuszyk <\/p>\n\n\n\n<p><strong><em>13.04. \u2013 PONIEDZIA\u0141EK\nWIELKANOCNY&nbsp; <\/em><\/strong><\/p>\n\n\n\n<p><strong>&nbsp; 8.oo \u2013 1) <\/strong>&nbsp;w 45 rocz. \u015blubu Emilii i Henryka Paw\u0142owskich dzi\u0119kczynna\nz pro\u015bb\u0105 o zdrowie, dary<\/p>\n\n\n\n<p>&nbsp;&nbsp;&nbsp;&nbsp;&nbsp;&nbsp;&nbsp;&nbsp;&nbsp;&nbsp;&nbsp;&nbsp;&nbsp;&nbsp;&nbsp;&nbsp;&nbsp; &nbsp;Ducha \u015awi\u0119tego, Bo\u017ce b\u0142ogos\u0142awie\u0144stwo i opiek\u0119\nNMP<\/p>\n\n\n\n<p><strong>&nbsp;&nbsp;&nbsp;&nbsp;&nbsp;&nbsp;&nbsp;&nbsp;&nbsp;&nbsp;&nbsp; &nbsp;\n2)<\/strong> + J\u00f3zefa Sroczyka \u2013 30 dzie\u0144 od pogrzebu \u2013 intencja\nod uczestnik\u00f3w Mszy pogrzebowej<\/p>\n\n\n\n<p><strong>&nbsp; 9.3o \u2013 <\/strong>&nbsp;&nbsp;<\/p>\n\n\n\n<p><strong>11.oo\n\u2013 1) <\/strong>w 45 rocz. \u015blubu Danuty i\nKrzysztofa Cichut\u00f3w dzi\u0119kczynna za otrzymane \u0142aski z pro\u015bb\u0105 <\/p>\n\n\n\n<p>&nbsp;&nbsp;&nbsp;&nbsp;&nbsp;&nbsp;&nbsp;&nbsp;&nbsp;&nbsp;&nbsp;&nbsp;&nbsp;&nbsp;&nbsp;&nbsp; o zdrowie, dary Ducha \u015awi\u0119tego,\nBo\u017ce b\u0142ogos\u0142awie\u0144stwo i opiek\u0119 NMP na dalsze lata <\/p>\n\n\n\n<p>&nbsp;&nbsp;&nbsp;&nbsp;&nbsp;&nbsp;&nbsp;&nbsp;&nbsp;&nbsp;&nbsp;&nbsp;&nbsp;&nbsp;&nbsp;&nbsp; wsp\u00f3lnego \u017cycia &nbsp;\u2013 modl\u0105 si\u0119 dzieci z rodzinami<\/p>\n\n\n\n<p><strong>&nbsp;&nbsp;&nbsp;&nbsp;&nbsp;&nbsp;&nbsp;&nbsp;&nbsp;&nbsp;&nbsp; &nbsp;\n2) <\/strong>zaj. P. Wr\u00f3blewska <\/p>\n\n\n\n<p><strong>12.3o\n\u2013 1) <\/strong>++ W\u0142adys\u0142aw\u0119 w 2 rocz.\n\u015bm. i Jana z rodziny Skuriat\u00f3w = modl\u0105 si\u0119 synowie z rodzinami<\/p>\n\n\n\n<p><strong>&nbsp;&nbsp;&nbsp;&nbsp;&nbsp;&nbsp;&nbsp;&nbsp;&nbsp;&nbsp;&nbsp; &nbsp;\n2)<\/strong> <\/p>\n\n\n\n<p><strong>18.oo\n\u2013 &nbsp;<\/strong>w 6 rocz. urodzin Dawida oraz w 3 rocz. urodzin Jakuba\ndzi\u0119kczynna z pro\u015bb\u0105 o zdrowie,<\/p>\n\n\n\n<p>&nbsp;&nbsp;&nbsp;&nbsp;&nbsp;&nbsp;&nbsp;&nbsp;&nbsp;&nbsp; &nbsp;dary Ducha \u015awi\u0119tego, Bo\u017ce &nbsp;b\u0142ogos\u0142awie\u0144stwo i opiek\u0119 NMP \u2013 modl\u0105 si\u0119\ndziadkowie i rodzice<\/p>\n","protected":false},"excerpt":{"rendered":"<p>Sk\u0142adaj\u0105c Ofiar\u0119, kt\u00f3ra nam przypomina niezmierzon\u0105 mi\u0142o\u015b\u0107 Twojego Syna, pokornie prosimy Ci\u0119, Bo\u017ce, przyjmij intencje Twoich wiernych i spraw przez dzia\u0142anie Eucharystii, aby w naszych rodzinach wzrasta\u0142a prawdziwa wiara, \u015bwi\u0119to\u015b\u0107 \u017cycia, braterska mi\u0142o\u015b\u0107 i duch modlitwy. Niech Matka Naj\u015bwi\u0119tsza wyprosi \u0142aski, o kt\u00f3re modlili\u015bmy si\u0119 w tej Mszy \u015bw. dla&#8230; <a class=\"continue-reading-link\" href=\"http:\/\/parafia.scinawa.info\/index.php\/2020\/04\/05\/intencje-mszalne-05-04-13-04-2020\/\">Czytaj dalej <span class=\"meta-nav\">&rarr; <\/span><\/a><\/p>\n","protected":false},"author":2,"featured_media":0,"comment_status":"closed","ping_status":"closed","sticky":false,"template":"","format":"standard","meta":{"footnotes":""},"categories":[39],"tags":[],"class_list":["post-1378","post","type-post","status-publish","format-standard","hentry","category-intencje"],"_links":{"self":[{"href":"http:\/\/parafia.scinawa.info\/index.php\/wp-json\/wp\/v2\/posts\/1378","targetHints":{"allow":["GET"]}}],"collection":[{"href":"http:\/\/parafia.scinawa.info\/index.php\/wp-json\/wp\/v2\/posts"}],"about":[{"href":"http:\/\/parafia.scinawa.info\/index.php\/wp-json\/wp\/v2\/types\/post"}],"author":[{"embeddable":true,"href":"http:\/\/parafia.scinawa.info\/index.php\/wp-json\/wp\/v2\/users\/2"}],"replies":[{"embeddable":true,"href":"http:\/\/parafia.scinawa.info\/index.php\/wp-json\/wp\/v2\/comments?post=1378"}],"version-history":[{"count":1,"href":"http:\/\/parafia.scinawa.info\/index.php\/wp-json\/wp\/v2\/posts\/1378\/revisions"}],"predecessor-version":[{"id":1379,"href":"http:\/\/parafia.scinawa.info\/index.php\/wp-json\/wp\/v2\/posts\/1378\/revisions\/1379"}],"wp:attachment":[{"href":"http:\/\/parafia.scinawa.info\/index.php\/wp-json\/wp\/v2\/media?parent=1378"}],"wp:term":[{"taxonomy":"category","embeddable":true,"href":"http:\/\/parafia.scinawa.info\/index.php\/wp-json\/wp\/v2\/categories?post=1378"},{"taxonomy":"post_tag","embeddable":true,"href":"http:\/\/parafia.scinawa.info\/index.php\/wp-json\/wp\/v2\/tags?post=1378"}],"curies":[{"name":"wp","href":"https:\/\/api.w.org\/{rel}","templated":true}]}}