{"id":1380,"date":"2020-04-05T02:16:13","date_gmt":"2020-04-05T00:16:13","guid":{"rendered":"http:\/\/parafia.scinawa.info\/?p=1380"},"modified":"2020-04-05T02:16:13","modified_gmt":"2020-04-05T00:16:13","slug":"ogloszenia-duszpasterskie-6-niedziela-wielkiego-postu-05-04-2020","status":"publish","type":"post","link":"http:\/\/parafia.scinawa.info\/index.php\/2020\/04\/05\/ogloszenia-duszpasterskie-6-niedziela-wielkiego-postu-05-04-2020\/","title":{"rendered":"Og\u0142oszenia duszpasterskie    6 Niedziela Wielkiego Postu  \u2013 05.04.2020"},"content":{"rendered":"\n<p><strong>1<\/strong><strong>.<\/strong>\nDzi\u015b prze\u017cywamy <strong>6 Niedziel\u0119 Wielkiego Postu <\/strong>czyli\nNiedziel\u0119 Palmow\u0105. Msze \u015bw. wed\u0142ug porz\u0105dku niedzielnego. &nbsp;W czasie ka\u017cdej Mszy \u015bw. po\u015bwi\u0119cenie palm.<\/p>\n\n\n\n<p>Dzisiaj\nprze\u017cywamy&nbsp;<strong>Niedziel\u0119 Palmow\u0105, czyli<\/strong>&nbsp;<strong>Drug\u0105<\/strong>&nbsp;<strong>Niedziel\u0119\nM\u0119ki Pa\u0144skiej<\/strong>. Zach\u0119cam Was do lektury i rozwa\u017cania w gronie rodzinnym M\u0119ki\nPa\u0144skiej wed\u0142ug \u015bw. Mateusza. Wkraczamy dzisiaj w Wielki Tydzie\u0144, kt\u00f3ry jest\nkulminacj\u0105 Wielkiego Postu. Od Mszy Wieczerzy Pa\u0144skiej w czwartkowy wiecz\u00f3r\nrozpoczyna si\u0119 jedna, nieprzerwana znakiem krzy\u017ca i rozes\u0142aniem wiernych,\nwielka liturgia Triduum Paschalnego, kt\u00f3rej szczytem b\u0119dzie Wigilia Paschalna w\nsobotni\u0105 noc. To najwa\u017cniejsze \u015awi\u0119ta, szczyt Roku Liturgicznego. Prawda o m\u0119ce,\n\u015bmierci i zmartwychwstaniu Jezusa Chrystusa Jedynego Zbawiciela to fundament\nnaszej wiary i podstawowe or\u0119dzie Ko\u015bcio\u0142a dla \u015bwiata.<\/p>\n\n\n\n<p>Przypominam\no dyspensie wydanej przez Biskupa Legnickiego od obowi\u0105zku uczestnictwa w\nniedzielnych i \u015bwi\u0105tecznych Mszach \u015awi\u0119tych. Osoby, kt\u00f3re z niej korzystaj\u0105, s\u0105\nmoralnie zobowi\u0105zane do zachowania duchowej \u0142\u0105czno\u015bci ze wsp\u00f3lnot\u0105 Ko\u015bcio\u0142a za\npo\u015brednictwem profesjonalnie przygotowanych transmisji w \u015brodkach spo\u0142ecznego\nprzekazu i do przyj\u0119cia komunii duchowej.&nbsp;<strong>Przypominam r\u00f3wnie\u017c, \u017ce we\nMszy \u015bw. nie mo\u017ce uczestniczy\u0107 wi\u0119cej ni\u017c 5 os\u00f3b. Prosz\u0119 uszanowa\u0107\npierwsze\u0144stwo w uczestnictwie os\u00f3b, kt\u00f3re wyrazi\u0142y szczeg\u00f3ln\u0105 potrzeb\u0119 modlitwy\ni zam\u00f3wi\u0142y intencj\u0119 Mszy \u015bw.<\/strong>&nbsp;Prosz\u0119 o wnikliwe zapoznanie si\u0119 z nowymi\ndokumentami Stolicy Apostolskiej, Konferencji Episkopatu Polski&nbsp;<strong>i z\nzarz\u0105dzeniem Biskupa Legnickiego&nbsp;w sprawie duszpasterstwa w stanie\npandemii<\/strong>&nbsp;<strong>z 27 marca br&nbsp;<\/strong>(zob. zak\u0142adka na stronie\nparafialnej). Dokumenty s\u0105 udost\u0119pnione na stronie diecezjalnej: diecezja.<a href=\"http:\/\/www.diecezja.legnica.pl\/\">legnica.pl<\/a>. Prosz\u0119 o zachowanie\npos\u0142usze\u0144stwa wobec rozporz\u0105dze\u0144 w\u0142adz ko\u015bcielnych i pa\u0144stwowych, kt\u00f3re\nzobowi\u0105zuj\u0105 nas do pozostania w domu, jak r\u00f3wnie\u017c o zachowanie wyj\u0105tkowej&nbsp;roztropno\u015bci,\nostro\u017cno\u015bci, podyktowanej odpowiedzialno\u015bci\u0105 za zdrowie swoje i bli\u017anich.<\/p>\n\n\n\n<p><strong>2<\/strong><strong>.<\/strong>\nMsze \u015bw. w tygodniu&nbsp; o <strong>7<sup>00<\/sup><\/strong>\ni <strong>18<sup>00<\/sup><\/strong>.&nbsp; <\/p>\n\n\n\n<p><strong>3<\/strong><strong>. <\/strong>Codziennie\nadoracja Naj\u015bwi\u0119tszego Sakramentu o godz. <strong>17<sup>00<\/sup>.<\/strong><\/p>\n\n\n\n<p><strong>4<\/strong><strong>. W poniedzia\u0142ek o&nbsp; 17<sup>30<\/sup> nabo\u017ce\u0144stwo do Bo\u017cego\nMi\u0142osierdzia. <\/strong>(Na stoliku pod ch\u00f3rem znajduj\u0105 si\u0119\nkartki, na kt\u00f3rych mo\u017cna wypisywa\u0107 pro\u015bby i podzi\u0119kowania, kt\u00f3re b\u0119dziemy\npoleca\u0107 Bo\u017cemu Mi\u0142osierdziu).<\/p>\n\n\n\n<p><strong>5.<\/strong><strong> <\/strong>W\n\u015brod\u0119 Nowenna do NMP Nieustaj\u0105cej Pomocy o godz. <strong>17<sup>30<\/sup><\/strong>.<\/p>\n\n\n\n<p><strong>6<\/strong><strong>.<\/strong>\nKancelaria czynna od poniedzia\u0142ku do \u015brody po Mszy \u015bw. wieczornej w sprawach wa\u017cnych<\/p>\n\n\n\n<p><strong>7<\/strong><strong>.<\/strong>\nDo nabycia jest prasa katolicka: Niedziela, i R\u00f3\u017caniec. <\/p>\n\n\n\n<p><strong>8<\/strong><strong>.<\/strong>\nDzi\u0119kuj\u0119 wszystkim, kt\u00f3rzy w tym tygodniu sprz\u0105tali \u015bwi\u0105tyni\u0119 i przygotowali j\u0105\nna nasze spotkanie eucharystyczne.<\/p>\n\n\n\n<p><strong>9<\/strong><strong>.<\/strong>\nSerdeczne B\u00f3g zap\u0142a\u0107 za ofiary sk\u0142adane na remonty w naszej parafii i na kwiaty\ndo Bo\u017cego Grobu <\/p>\n\n\n\n<p>&nbsp;&nbsp;&nbsp;&nbsp;&nbsp;\ndo skarbony pod ambon\u0105<\/p>\n\n\n\n<p><strong>10<\/strong><strong>.<\/strong>\nIntencje mszalne, kalendarze parafialne, kartki \u015bwi\u0105teczne, <strong><em>paschaliki:\nma\u0142e &#8211; 6 z\u0142 i du\u017ce &#8211; 12 z\u0142.<\/em><\/strong><\/p>\n\n\n\n<p><strong>Triduum Paschalne<\/strong><\/p>\n\n\n\n<p><strong>09.04\n&#8211; Wielki Czwartek &#8211; \u015acinawa<\/strong><strong><\/strong><\/p>\n\n\n\n<p><strong>Prosz\u0119\no wymienianie si\u0119 os\u00f3b, o rotacyjne uczestnictwo we Mszach i adoracji oraz\npilnowanie, aby w ko\u015bciele nie przebywa\u0142o \u0142\u0105cznie wi\u0119cej ni\u017c 5 os\u00f3b.<\/strong><\/p>\n\n\n\n<p>&#8211; 18.00\n&#8211; Msza \u015bw. Wieczerzy Pa\u0144skiej<\/p>\n\n\n\n<p>&#8211;\nadoracja w Ciemnicy (o\u0142tarz adoracji) do 21.00<\/p>\n\n\n\n<p><strong>10.04\n&#8211; Wielki Pi\u0105tek &#8211; \u015acinawa<\/strong><\/p>\n\n\n\n<p>&#8211;\nadoracja w Ciemnicy od 16.30 do 18.00<\/p>\n\n\n\n<p>&#8211;\nKoronka do Bo\u017cego Mi\u0142osierdzia&nbsp; i I dzie\u0144\nNowenny o 17.45 <\/p>\n\n\n\n<p>&#8211;\n18.00 &#8211; Liturgia M\u0119ki Pa\u0144skiej<\/p>\n\n\n\n<p>&nbsp;&nbsp;&nbsp;&nbsp;&nbsp;&nbsp;&nbsp;&nbsp;&nbsp;&nbsp;&nbsp; &#8211; adoracja Krzy\u017ca przez\nprzykl\u0119kni\u0119cie&nbsp; lub g\u0142\u0119boki pok\u0142on<\/p>\n\n\n\n<p>&#8211;\nadoracja przy Bo\u017cym Grobie do 21.00<\/p>\n\n\n\n<p><strong>11.04\n&#8211; Wielka Sobota &#8211; Wigilia Paschalna &#8211; \u015acinawa<\/strong><strong> <\/strong><\/p>\n\n\n\n<p>&#8211;&nbsp; adoracja przy Bo\u017cym Grobie 16.30 do 18.00<\/p>\n\n\n\n<p>&#8211;\nKoronka do Bo\u017cego Mi\u0142osierdzia&nbsp; i II\ndzie\u0144 Nowenny o 17.45<\/p>\n\n\n\n<p>&#8211; 18.00\n&#8211; Liturgia Wigilii Paschalnej<\/p>\n\n\n\n<p>&nbsp;&nbsp;&nbsp;&nbsp;&nbsp;&nbsp;&nbsp;&nbsp;&nbsp;&nbsp;&nbsp; &#8211; po\u015bwi\u0119cenie pascha\u0142u<\/p>\n\n\n\n<p>&nbsp;&nbsp;&nbsp;&nbsp;&nbsp;&nbsp;&nbsp;&nbsp;&nbsp; &#8211; odnowienie przyrzecze\u0144 chrzcielnych\n(przynosimy ze sob\u0105 \u015bwiece)<\/p>\n\n\n\n<p><strong>Po\u015bwi\u0119cenie\npokarm\u00f3w &#8211; Wielka Sobota<\/strong><\/p>\n\n\n\n<p><strong>Nie\nodb\u0119dzie si\u0119, zgodnie z zarz\u0105dzeniem Biskupa Legnickiego, tradycyjne \u015bwi\u0119cenie\npokarm\u00f3w. W tym roku ma ono charakter liturgii domowej. Przed \u015bniadaniem\nniedzielnym s\u0142owa b\u0142ogos\u0142awie\u0144stwa wypowiada &#8222;senior rodu&#8221;, ojciec,\nmatka lub inna doros\u0142a, wierz\u0105ca osoba. Tekst b\u0142ogos\u0142awie\u0144stwa dost\u0119pny na\nstronie diecezji, w zak\u0142adce \u201e\u015awi\u0119te Triduum Paschalne \u2013 materia\u0142y\u201d lub na\nnaszej stronie parafialnej: parafia.scinawa.info<\/strong><\/p>\n\n\n\n<p><strong>12.04\n&#8211; Niedziela Zmartwychwstania<\/strong><\/p>\n\n\n\n<p>Porz\u0105dek\nMszy \u015bw.: <strong>7<sup>00;\n<\/sup>11<sup>00<\/sup><\/strong>; <strong>12<sup>30 <\/sup><\/strong>i <strong>18<sup>00<\/sup><\/strong>\nw \u015acinawie, <strong>9<sup>30<\/sup><\/strong> \u2013 w R\u0119szowie.<\/p>\n\n\n\n<p><strong><em>&#8211; adoracja\nNaj\u015bwi\u0119tszego Sakramentu o godz. 17.00<\/em><\/strong><strong><em><\/em><\/strong><\/p>\n\n\n\n<p><strong><em>&#8211; Koronka do Bo\u017cego\nMi\u0142osierdzia&nbsp; i Nowenna o 17.45<\/em><\/strong><\/p>\n\n\n\n<p><strong>13.04\n&#8211; Poniedzia\u0142ek Wielkanocny<\/strong><\/p>\n\n\n\n<p>&nbsp; Porz\u0105dek Mszy \u015bw. niedzielny: <strong>8<sup>00; <\/sup>9<sup>30<\/sup>,\n11<sup>00<\/sup><\/strong>; <strong>12<sup>30 <\/sup><\/strong>i <strong>18<sup>00<\/sup><\/strong>\nw \u015acinawie, <strong>9<sup>30<\/sup><\/strong> \u2013 w R\u0119szowie.<\/p>\n\n\n\n<p><strong><em>&#8211; adoracja\nNaj\u015bwi\u0119tszego Sakramentu o godz. 17.00<\/em><\/strong><strong><em><\/em><\/strong><\/p>\n\n\n\n<p><strong><em>&#8211;\nKoronka do Bo\u017cego Mi\u0142osierdzia&nbsp; i Nowenna\no 17.45<\/em><\/strong><\/p>\n\n\n\n<p><em>\u017byczymy mi\u0142ego\ntygodnia i obfitych \u0142ask Bo\u017cych.<\/em><\/p>\n","protected":false},"excerpt":{"rendered":"<p>1. Dzi\u015b prze\u017cywamy 6 Niedziel\u0119 Wielkiego Postu czyli Niedziel\u0119 Palmow\u0105. Msze \u015bw. wed\u0142ug porz\u0105dku niedzielnego. &nbsp;W czasie ka\u017cdej Mszy \u015bw. po\u015bwi\u0119cenie palm. Dzisiaj prze\u017cywamy&nbsp;Niedziel\u0119 Palmow\u0105, czyli&nbsp;Drug\u0105&nbsp;Niedziel\u0119 M\u0119ki Pa\u0144skiej. Zach\u0119cam Was do lektury i rozwa\u017cania w gronie rodzinnym M\u0119ki Pa\u0144skiej wed\u0142ug \u015bw. Mateusza. Wkraczamy dzisiaj w Wielki Tydzie\u0144, kt\u00f3ry jest kulminacj\u0105&#8230; <a class=\"continue-reading-link\" href=\"http:\/\/parafia.scinawa.info\/index.php\/2020\/04\/05\/ogloszenia-duszpasterskie-6-niedziela-wielkiego-postu-05-04-2020\/\">Czytaj dalej <span class=\"meta-nav\">&rarr; <\/span><\/a><\/p>\n","protected":false},"author":2,"featured_media":0,"comment_status":"closed","ping_status":"closed","sticky":false,"template":"","format":"standard","meta":{"footnotes":""},"categories":[40],"tags":[],"class_list":["post-1380","post","type-post","status-publish","format-standard","hentry","category-ogloszenia-duszpasterskie"],"_links":{"self":[{"href":"http:\/\/parafia.scinawa.info\/index.php\/wp-json\/wp\/v2\/posts\/1380","targetHints":{"allow":["GET"]}}],"collection":[{"href":"http:\/\/parafia.scinawa.info\/index.php\/wp-json\/wp\/v2\/posts"}],"about":[{"href":"http:\/\/parafia.scinawa.info\/index.php\/wp-json\/wp\/v2\/types\/post"}],"author":[{"embeddable":true,"href":"http:\/\/parafia.scinawa.info\/index.php\/wp-json\/wp\/v2\/users\/2"}],"replies":[{"embeddable":true,"href":"http:\/\/parafia.scinawa.info\/index.php\/wp-json\/wp\/v2\/comments?post=1380"}],"version-history":[{"count":1,"href":"http:\/\/parafia.scinawa.info\/index.php\/wp-json\/wp\/v2\/posts\/1380\/revisions"}],"predecessor-version":[{"id":1381,"href":"http:\/\/parafia.scinawa.info\/index.php\/wp-json\/wp\/v2\/posts\/1380\/revisions\/1381"}],"wp:attachment":[{"href":"http:\/\/parafia.scinawa.info\/index.php\/wp-json\/wp\/v2\/media?parent=1380"}],"wp:term":[{"taxonomy":"category","embeddable":true,"href":"http:\/\/parafia.scinawa.info\/index.php\/wp-json\/wp\/v2\/categories?post=1380"},{"taxonomy":"post_tag","embeddable":true,"href":"http:\/\/parafia.scinawa.info\/index.php\/wp-json\/wp\/v2\/tags?post=1380"}],"curies":[{"name":"wp","href":"https:\/\/api.w.org\/{rel}","templated":true}]}}