{"id":1382,"date":"2020-04-06T11:31:35","date_gmt":"2020-04-06T09:31:35","guid":{"rendered":"http:\/\/parafia.scinawa.info\/?p=1382"},"modified":"2020-04-06T11:31:35","modified_gmt":"2020-04-06T09:31:35","slug":"z-a-r-z-a-d-z-e-n-i-e-i-komunia-sw-w-sprawie-duszpasterstwa-w-stanie-pandemii-27-marca-2020-roku-fragment","status":"publish","type":"post","link":"http:\/\/parafia.scinawa.info\/index.php\/2020\/04\/06\/z-a-r-z-a-d-z-e-n-i-e-i-komunia-sw-w-sprawie-duszpasterstwa-w-stanie-pandemii-27-marca-2020-roku-fragment\/","title":{"rendered":"Z A R Z \u0104 D Z E N I E                 \u2013 I Komunia \u015bw.                          w sprawie duszpasterstwa   w stanie pandemii                  27 marca 2020 roku fragment"},"content":{"rendered":"\n<p><strong>V. UROCZYTO\u015a\u0106 PIERWSZEJ KOMUNII \u015aWI\u0118TEJ<\/strong><\/p>\n\n\n\n<p>1. Do Wielkanocy odwo\u0142ane s\u0105 wszystkie spotkania z dzie\u0107mi\nkomunijnymi i ich rodzicami. Przyjmujemy zasad\u0119, \u017ce tak d\u0142ugo, jak szko\u0142y\npozostaj\u0105 zamkni\u0119te i dzieci maj\u0105 pozostawa\u0107 w domach, nie organizujemy dla\nnich \u017cadnych zaj\u0119\u0107 w parafii (w tym pierwszych spowiedzi).<\/p>\n\n\n\n<p>2. Po Wielkanocy:<\/p>\n\n\n\n<p>Wariant I: Je\u017celi stan epidemii nie zostanie odwo\u0142any i\ndzieci nie wr\u00f3c\u0105 do szk\u00f3\u0142, to nale\u017cy odwo\u0142a\u0107 wszystkie I Komunie \u015awi\u0119te do\nczasu ustania epidemii.<\/p>\n\n\n\n<p>Wariant II: Je\u017celi po Wielkanocy stan epidemii zostanie\nodwo\u0142any i dzieci wr\u00f3c\u0105 do szk\u00f3\u0142, to o terminie I Komunii \u015awi\u0119tej nale\u017cy\nporozmawia\u0107 z rodzicami; po wys\u0142uchaniu ich g\u0142os\u00f3w Ksi\u0105dz Proboszcz podejmie\nostateczn\u0105 decyzj\u0119, bior\u0105c pod uwag\u0119 to, co zawieraj\u0105 punkty 3-5.<\/p>\n\n\n\n<p>3. Gdyby rodzice zdecydowali si\u0119 na I Komuni\u0119 \u015awi\u0119t\u0105 swoich\ndzieci w pierwotnie&nbsp;planowanym (zwykle majowym) terminie, nale\u017cy uczyni\u0107\nto z zachowaniem najwy\u017cszych \u015brodk\u00f3w ostro\u017cno\u015bci, w ma\u0142ych grupach, w\nwyj\u0105tkowych sytuacjach niekoniecznie w niedziel\u0119.<\/p>\n\n\n\n<p>4. Gdyby rodzice nie zdecydowali si\u0119 na I Komuni\u0119 \u015awi\u0119t\u0105\nswoich dzieci w pierwotnym terminie, nale\u017cy im to umo\u017cliwi\u0107 w terminie\np\u00f3\u017aniejszym, kiedy sami uznaj\u0105, \u017ce zagro\u017cenie dla ich dzieci min\u0119\u0142o.<\/p>\n","protected":false},"excerpt":{"rendered":"<p>V. UROCZYTO\u015a\u0106 PIERWSZEJ KOMUNII \u015aWI\u0118TEJ 1. Do Wielkanocy odwo\u0142ane s\u0105 wszystkie spotkania z dzie\u0107mi komunijnymi i ich rodzicami. Przyjmujemy zasad\u0119, \u017ce tak d\u0142ugo, jak szko\u0142y pozostaj\u0105 zamkni\u0119te i dzieci maj\u0105 pozostawa\u0107 w domach, nie organizujemy dla nich \u017cadnych zaj\u0119\u0107 w parafii (w tym pierwszych spowiedzi). 2. Po Wielkanocy: Wariant I:&#8230; <a class=\"continue-reading-link\" href=\"http:\/\/parafia.scinawa.info\/index.php\/2020\/04\/06\/z-a-r-z-a-d-z-e-n-i-e-i-komunia-sw-w-sprawie-duszpasterstwa-w-stanie-pandemii-27-marca-2020-roku-fragment\/\">Czytaj dalej <span class=\"meta-nav\">&rarr; <\/span><\/a><\/p>\n","protected":false},"author":2,"featured_media":0,"comment_status":"closed","ping_status":"closed","sticky":false,"template":"","format":"standard","meta":{"footnotes":""},"categories":[41],"tags":[],"class_list":["post-1382","post","type-post","status-publish","format-standard","hentry","category-komunikaty-duszpasterskie"],"_links":{"self":[{"href":"http:\/\/parafia.scinawa.info\/index.php\/wp-json\/wp\/v2\/posts\/1382","targetHints":{"allow":["GET"]}}],"collection":[{"href":"http:\/\/parafia.scinawa.info\/index.php\/wp-json\/wp\/v2\/posts"}],"about":[{"href":"http:\/\/parafia.scinawa.info\/index.php\/wp-json\/wp\/v2\/types\/post"}],"author":[{"embeddable":true,"href":"http:\/\/parafia.scinawa.info\/index.php\/wp-json\/wp\/v2\/users\/2"}],"replies":[{"embeddable":true,"href":"http:\/\/parafia.scinawa.info\/index.php\/wp-json\/wp\/v2\/comments?post=1382"}],"version-history":[{"count":1,"href":"http:\/\/parafia.scinawa.info\/index.php\/wp-json\/wp\/v2\/posts\/1382\/revisions"}],"predecessor-version":[{"id":1383,"href":"http:\/\/parafia.scinawa.info\/index.php\/wp-json\/wp\/v2\/posts\/1382\/revisions\/1383"}],"wp:attachment":[{"href":"http:\/\/parafia.scinawa.info\/index.php\/wp-json\/wp\/v2\/media?parent=1382"}],"wp:term":[{"taxonomy":"category","embeddable":true,"href":"http:\/\/parafia.scinawa.info\/index.php\/wp-json\/wp\/v2\/categories?post=1382"},{"taxonomy":"post_tag","embeddable":true,"href":"http:\/\/parafia.scinawa.info\/index.php\/wp-json\/wp\/v2\/tags?post=1382"}],"curies":[{"name":"wp","href":"https:\/\/api.w.org\/{rel}","templated":true}]}}