{"id":1384,"date":"2020-04-11T12:00:10","date_gmt":"2020-04-11T10:00:10","guid":{"rendered":"http:\/\/parafia.scinawa.info\/?p=1384"},"modified":"2020-04-11T12:00:10","modified_gmt":"2020-04-11T10:00:10","slug":"intencje-mszalne-12-04-19-04-2020","status":"publish","type":"post","link":"http:\/\/parafia.scinawa.info\/index.php\/2020\/04\/11\/intencje-mszalne-12-04-19-04-2020\/","title":{"rendered":"INTENCJE MSZALNE        12.04. \u2013 19.04. 2020"},"content":{"rendered":"\n<p><strong><em>Sk\u0142adaj\u0105c\nOfiar\u0119, kt\u00f3ra nam przypomina niezmierzon\u0105 mi\u0142o\u015b\u0107 Twojego Syna, pokornie prosimy\nCi\u0119, Bo\u017ce, przyjmij intencje Twoich wiernych i spraw przez dzia\u0142anie\nEucharystii, aby w naszych rodzinach wzrasta\u0142a prawdziwa wiara, \u015bwi\u0119to\u015b\u0107 \u017cycia,\nbraterska mi\u0142o\u015b\u0107 i duch modlitwy. <\/em><\/strong><strong>Niech\nMatka Naj\u015bwi\u0119tsza wyprosi \u0142aski, o kt\u00f3re modlili\u015bmy si\u0119 w tej Mszy \u015bw. dla \u2026\nZa\u015b zmar\u0142ym \u2026 za kt\u00f3rych odprawiali\u015bmy Msz\u0119 \u015bw.: wieczny odpoczynek racz im\nda\u0107 Panie (\u2026); niech odpoczywaj\u0105 w pokoju wiecznym. Amen<\/strong><\/p>\n\n\n\n<p><strong><em>12.04.\n\u2013 NIEDZIELA WIELKANOCNA&nbsp; <\/em><\/strong><\/p>\n\n\n\n<p><strong>7.oo\n\u2013 1) <\/strong>&nbsp;++ Klementyn\u0119 w 42 rocz. \u015bm. i Adama z\nrodziny Mazur\u00f3w, ++ dziadk\u00f3w z obu stron, <\/p>\n\n\n\n<p>&nbsp;&nbsp;&nbsp;&nbsp;&nbsp;&nbsp;&nbsp;&nbsp;&nbsp;&nbsp;&nbsp;&nbsp;&nbsp; doktor Zin\u0119 i dusze w\nczy\u015b\u0107cu cierpi\u0105ce<\/p>\n\n\n\n<p><strong>&nbsp;&nbsp;&nbsp;&nbsp;&nbsp;&nbsp;&nbsp;&nbsp;&nbsp;&nbsp;&nbsp; &nbsp;\n2)<\/strong> za Parafian<\/p>\n\n\n\n<p><strong>11.oo\n\u2013 1) <\/strong>++ rodzic\u00f3w: J\u00f3zefa w 1\nrocz. \u015bm.&nbsp; i Genowef\u0119 w 5 rocz. \u015bm. z\nrodziny Pleskacz\u00f3w <\/p>\n\n\n\n<p>&nbsp;&nbsp;&nbsp;&nbsp;&nbsp;&nbsp;&nbsp;&nbsp;&nbsp;&nbsp;&nbsp;&nbsp;&nbsp;&nbsp;&nbsp;&nbsp;&nbsp; \u2013 modli si\u0119\nrodzina<\/p>\n\n\n\n<p><strong>&nbsp;&nbsp;&nbsp;&nbsp;&nbsp;&nbsp;&nbsp;&nbsp;&nbsp;&nbsp;&nbsp; &nbsp;\n2) <\/strong>&nbsp;+ Edwarda\nP\u0142atka \u2013 modli si\u0119 c\u00f3rka<\/p>\n\n\n\n<p><strong>12.3o\n\u2013 1) <\/strong>++ Janin\u0119 Siwiec w 1 rocz.\n\u015bm. i Jana Herb\u0119<\/p>\n\n\n\n<p><strong>&nbsp;&nbsp;&nbsp;&nbsp;&nbsp;&nbsp;&nbsp;&nbsp;&nbsp;&nbsp;&nbsp; &nbsp;\n2)<\/strong> ++ Wies\u0142awa Cichut\u0119, Aleksandr\u0119 i W\u0142adys\u0142awa Cichut\u00f3w\noraz ++ z rodziny Ochap\u00f3w <\/p>\n\n\n\n<p>&nbsp;&nbsp;&nbsp;&nbsp;&nbsp;&nbsp;&nbsp;&nbsp;&nbsp;&nbsp;&nbsp;&nbsp;&nbsp;&nbsp;&nbsp;&nbsp;&nbsp; \u2013 modl\u0105 si\u0119 bracia: Tomasz i\nPrzemys\u0142aw, siostra Beata, rodzice i najbli\u017csza rodzina<\/p>\n\n\n\n<p>&nbsp;&nbsp;&nbsp;&nbsp;&nbsp;&nbsp;&nbsp;&nbsp;&nbsp;&nbsp;&nbsp; &nbsp;&nbsp;&nbsp;&nbsp;&nbsp;&nbsp;&nbsp;&nbsp;&nbsp;&nbsp; &nbsp;&nbsp;&nbsp;&nbsp;&nbsp;&nbsp;&nbsp;&nbsp;&nbsp;&nbsp;&nbsp; &nbsp;<strong><em>Chrzest po Mszy: Wiktoria Chmielewska<\/em><\/strong><\/p>\n\n\n\n<p><strong>18.oo\n\u2013 &nbsp;<\/strong>zaj. P. Kuszyk <\/p>\n\n\n\n<p><strong><em>13.04.\n\u2013 PONIEDZIA\u0141EK WIELKANOCNY&nbsp; <\/em><\/strong><\/p>\n\n\n\n<p><strong>&nbsp; 8.oo \u2013 1) <\/strong>&nbsp;w 45 rocz. \u015blubu Emilii i Henryka Paw\u0142owskich dzi\u0119kczynna\nz pro\u015bb\u0105 o zdrowie, dary<\/p>\n\n\n\n<p>&nbsp;&nbsp;&nbsp;&nbsp;&nbsp;&nbsp;&nbsp;&nbsp;&nbsp;&nbsp;&nbsp;&nbsp;&nbsp;&nbsp;&nbsp;&nbsp;&nbsp; &nbsp;Ducha \u015awi\u0119tego, Bo\u017ce b\u0142ogos\u0142awie\u0144stwo i opiek\u0119\nNMP<\/p>\n\n\n\n<p><strong>&nbsp;&nbsp;&nbsp;&nbsp;&nbsp;&nbsp;&nbsp;&nbsp;&nbsp;&nbsp;&nbsp; &nbsp;\n2)<\/strong> + J\u00f3zefa Sroczyka \u2013 30 dzie\u0144 od pogrzebu \u2013 intencja\nod uczestnik\u00f3w Mszy pogrzebowej<\/p>\n\n\n\n<p><strong>&nbsp; 9.3o \u2013 <\/strong>&nbsp;o zdrowie, Bo\u017ce b\u0142ogos\u0142awie\u0144stwo i opiek\u0119 NMP\nGabrieli, Grzegorza i Kamili <\/p>\n\n\n\n<p><strong>11.oo\n\u2013 1) <\/strong>w 45 rocz. \u015blubu Danuty i\nKrzysztofa Cichut\u00f3w dzi\u0119kczynna za otrzymane \u0142aski z pro\u015bb\u0105 <\/p>\n\n\n\n<p>&nbsp;&nbsp;&nbsp;&nbsp;&nbsp;&nbsp;&nbsp;&nbsp;&nbsp;&nbsp;&nbsp;&nbsp;&nbsp;&nbsp;&nbsp;&nbsp; o zdrowie, dary Ducha \u015awi\u0119tego,\nBo\u017ce b\u0142ogos\u0142awie\u0144stwo i opiek\u0119 NMP na dalsze lata <\/p>\n\n\n\n<p>&nbsp;&nbsp;&nbsp;&nbsp;&nbsp;&nbsp;&nbsp;&nbsp;&nbsp;&nbsp;&nbsp;&nbsp;&nbsp;&nbsp;&nbsp;&nbsp; wsp\u00f3lnego \u017cycia &nbsp;\u2013 modl\u0105 si\u0119 dzieci z rodzinami<\/p>\n\n\n\n<p><strong>&nbsp;&nbsp;&nbsp;&nbsp;&nbsp;&nbsp;&nbsp;&nbsp;&nbsp; 2) <\/strong>w 40 rocz. urodzin Marleny i 15 rocz. urodzin Macieja dzi\u0119kczynna\nz pro\u015bb\u0105 o zdrowie, dary<\/p>\n\n\n\n<p>&nbsp;&nbsp;&nbsp;&nbsp;&nbsp;&nbsp;&nbsp;&nbsp;&nbsp;&nbsp;&nbsp;&nbsp; &nbsp;Ducha \u015awi\u0119tego, Bo\u017ce b\u0142ogos\u0142awie\u0144stwo i opiek\u0119\nNMP na dalsze lata \u2013 modli si\u0119 rodzina <\/p>\n\n\n\n<p><strong>12.3o\n\u2013 1) <\/strong>++ W\u0142adys\u0142aw\u0119 w 2 rocz.\n\u015bm. i Jana z rodziny Skuriat\u00f3w &#8211; modl\u0105 si\u0119 synowie z rodzinami<\/p>\n\n\n\n<p><strong>&nbsp;&nbsp;&nbsp;&nbsp;&nbsp;&nbsp;&nbsp;&nbsp;&nbsp;&nbsp;&nbsp; &nbsp;\n2)<\/strong> ++ Stanis\u0142awa i Les\u0142awa z rodziny Kordyk\u00f3w w rocz.\n\u015bm. oraz ++ z rodziny Kordyk\u00f3w<\/p>\n\n\n\n<p>&nbsp;&nbsp;&nbsp;&nbsp;&nbsp;&nbsp;&nbsp;&nbsp;&nbsp;&nbsp;&nbsp;&nbsp;&nbsp;&nbsp;&nbsp;&nbsp;&nbsp; &nbsp;i Su\u0142kowskich&nbsp;&nbsp;&nbsp;&nbsp;&nbsp;&nbsp;&nbsp;&nbsp;&nbsp;&nbsp;&nbsp;&nbsp;&nbsp;&nbsp;&nbsp;&nbsp;&nbsp;&nbsp;&nbsp;&nbsp;&nbsp;&nbsp;&nbsp;&nbsp;&nbsp;&nbsp; <strong><em>Chrzest\npo Mszy: Jan Pier\u00f3g<\/em><\/strong><\/p>\n\n\n\n<p><strong>18.oo\n\u2013 &nbsp;<\/strong>w 6 rocz. urodzin Dawida oraz w 3 rocz. urodzin Jakuba\ndzi\u0119kczynna z pro\u015bb\u0105 o zdrowie,<\/p>\n\n\n\n<p>&nbsp;&nbsp;&nbsp;&nbsp;&nbsp;&nbsp;&nbsp;&nbsp;&nbsp;&nbsp; &nbsp;dary Ducha \u015awi\u0119tego, Bo\u017ce &nbsp;b\u0142ogos\u0142awie\u0144stwo i opiek\u0119 NMP \u2013 modl\u0105 si\u0119\ndziadkowie i rodzice<\/p>\n\n\n\n<p><strong><em>14.04.\n&#8211; WTOREK<\/em><\/strong><em><\/em><\/p>\n\n\n\n<p><strong>&nbsp; 7.oo \u2013 <\/strong>&nbsp;z racji urodzin dzi\u0119kczynna\nz pro\u015bb\u0105 o zdrowie, dary Ducha \u015awi\u0119tego, Bo\u017ce<\/p>\n\n\n\n<p>&nbsp;&nbsp;&nbsp;&nbsp;&nbsp;&nbsp;&nbsp;&nbsp;&nbsp;&nbsp;&nbsp;&nbsp;&nbsp;&nbsp;&nbsp;&nbsp; &nbsp;b\u0142ogos\u0142awie\u0144stwo, &nbsp;opiek\u0119 NMP i \u015bw. Patron\u00f3w<\/p>\n\n\n\n<p><strong>18.oo\n\u2013 <\/strong>&nbsp;w intencji m\u0119\u017ca Krzysztofa z okazji 60 rocz.\nurodzin dzi\u0119kczynna z pro\u015bb\u0105 o zdrowie, dary<\/p>\n\n\n\n<p>&nbsp;&nbsp;&nbsp;&nbsp;&nbsp;&nbsp;&nbsp;&nbsp;&nbsp;&nbsp;&nbsp;&nbsp;&nbsp;&nbsp;&nbsp;&nbsp;&nbsp; &nbsp;Ducha \u015awi\u0119tego, Bo\u017ce b\u0142ogos\u0142awie\u0144stwo i opiek\u0119\nNMP&nbsp; &#8211; modli si\u0119 \u017cona z dzie\u0107mi<\/p>\n\n\n\n<p><strong><em>15.04.\n\u2013 \u015aRODA <\/em><\/strong><\/p>\n\n\n\n<p><strong>&nbsp;7.oo \u2013 <\/strong>+ Stanis\u0142awa w 18 rocz.\n\u015bm.<\/p>\n\n\n\n<p><strong>18.oo\n\u2013&nbsp; intencja zbiorowa nowennowa:<\/strong><\/p>\n\n\n\n<p><strong>&nbsp;1)<\/strong> + Janin\u0119 Matuszewsk\u0105 \u2013\n30 dzie\u0144 od pogrzebu \u2013 intencja od uczestnik\u00f3w Mszy pogrzebowej<\/p>\n\n\n\n<p><strong>&nbsp;2)<\/strong> <\/p>\n\n\n\n<p><strong><em>16.04.\n\u2013CZWARTEK <\/em><\/strong><em>&nbsp;<\/em><\/p>\n\n\n\n<p><strong>&nbsp; 7.oo \u2013<\/strong> w intencji J\u00f3zefa dzi\u0119kczynna\nz pro\u015bb\u0105 o zdrowie, dary Ducha \u015awi\u0119tego, Bo\u017ce <\/p>\n\n\n\n<p>&nbsp;&nbsp;&nbsp;&nbsp;&nbsp;&nbsp;&nbsp;&nbsp;&nbsp;&nbsp;&nbsp;&nbsp;&nbsp; b\u0142ogos\u0142awie\u0144stwo i opiek\u0119 NMP &nbsp;<\/p>\n\n\n\n<p><strong>18.oo\n\u2013 <\/strong>&nbsp;<strong>1) <\/strong>&nbsp;+ Zuzann\u0119 Stembalsk\u0105 w 6 rocz. \u015bm.<\/p>\n\n\n\n<p><strong>&nbsp;&nbsp;&nbsp;&nbsp;&nbsp;&nbsp;&nbsp;&nbsp;&nbsp;&nbsp;&nbsp; &nbsp;\n2)<\/strong> + Ew\u0119 Pasternak \u2013 30 dzie\u0144 od pogrzebu \u2013 intencja\nod uczestnik\u00f3w Mszy pogrzebowej <\/p>\n\n\n\n<p><strong><em>17.04.\n\u2013PI\u0104TEK<\/em><\/strong><\/p>\n\n\n\n<p><strong>&nbsp; &nbsp;&nbsp;7.oo\n\u2013<\/strong>\n&nbsp;<\/p>\n\n\n\n<p><strong>18.oo\n\u2013 1) <\/strong>++ c\u00f3rk\u0119 Zofi\u0119 Jagie\u0142\u0142o w 6 rocz. \u015bm. oraz m\u0119\u017ca\nStanis\u0142awa Jagie\u0142\u0142\u0119 \u2013 modli si\u0119 <\/p>\n\n\n\n<p>&nbsp;&nbsp;&nbsp;&nbsp;&nbsp;&nbsp;&nbsp;&nbsp;&nbsp;&nbsp;&nbsp;&nbsp;&nbsp;&nbsp;&nbsp;&nbsp;&nbsp; mama &#8211; \u017cona z rodzin\u0105<\/p>\n\n\n\n<p><strong>&nbsp;&nbsp;&nbsp;&nbsp;&nbsp;&nbsp;&nbsp;&nbsp;&nbsp;&nbsp;&nbsp; &nbsp;\n2)<\/strong> ++ rodzic\u00f3w z rodziny Zagrodnych i brata Stefana <\/p>\n\n\n\n<p><strong><em>18.04.\n\u2013 SOBOTA <\/em><\/strong><\/p>\n\n\n\n<p><strong>&nbsp;7.oo \u2013<\/strong> <strong>1) <\/strong>zaj. P. Bosacka <\/p>\n\n\n\n<p><strong>&nbsp;&nbsp;&nbsp;&nbsp;&nbsp;&nbsp;&nbsp;&nbsp;&nbsp;&nbsp;&nbsp; &nbsp;\n2)<\/strong> + Jerzego Lintnera \u2013\n30 dzie\u0144 od pogrzebu \u2013 intencja od uczestnik\u00f3w Mszy pogrzebowej<\/p>\n\n\n\n<p><strong>18.oo\n\u2013 1) <\/strong>&nbsp;w intencji\nBogus\u0142awy z racji imienin dzi\u0119kczynna z pro\u015bb\u0105 o zdrowie, dary<\/p>\n\n\n\n<p>&nbsp;&nbsp;&nbsp;&nbsp;&nbsp;&nbsp;&nbsp;&nbsp;&nbsp;&nbsp;&nbsp;&nbsp;&nbsp;&nbsp;&nbsp;&nbsp;&nbsp; &nbsp;Ducha \u015awi\u0119tego, Bo\u017ce b\u0142ogos\u0142awie\u0144stwo i opiek\u0119\nNMP i \u015bw. Patron\u00f3w<\/p>\n\n\n\n<p><strong>&nbsp;&nbsp;&nbsp;&nbsp;&nbsp;&nbsp;&nbsp;&nbsp;&nbsp;&nbsp;&nbsp; &nbsp;\n2)<\/strong> + Sylwestra Chudzichowskiego w 7 rocz. \u015bm.&nbsp; \u2013 modli si\u0119 \u017cona z dzie\u0107mi i wnukami <\/p>\n\n\n\n<p><strong><em>19.04.\n\u2013 NIEDZIELA&nbsp; <\/em><\/strong><\/p>\n\n\n\n<p><strong>&nbsp; 8.oo \u2013 1) <\/strong>+ Stanis\u0142awa Ksi\u0105\u017cka w 15 rocz. \u015bm. \u2013 modli si\u0119 \u017cona z dzie\u0107mi\n<\/p>\n\n\n\n<p><strong>&nbsp;&nbsp;&nbsp;&nbsp;&nbsp;&nbsp;&nbsp;&nbsp;&nbsp;&nbsp;&nbsp; &nbsp;\n2)<\/strong> w 25 rocz. \u015blubu Izabeli i Daniela Dziub\u00f3w dzi\u0119kczynna\nz pro\u015bb\u0105 o zdrowie, dary<\/p>\n\n\n\n<p>&nbsp;&nbsp;&nbsp;&nbsp;&nbsp;&nbsp;&nbsp;&nbsp;&nbsp;&nbsp;&nbsp;&nbsp;&nbsp;&nbsp;&nbsp;&nbsp;&nbsp; &nbsp;Ducha \u015awi\u0119tego, Bo\u017ce b\u0142ogos\u0142awie\u0144stwo i opiek\u0119\nNMP i \u015bw. Patron\u00f3w <\/p>\n\n\n\n<p><strong>&nbsp; 9.3o \u2013 <\/strong>&nbsp;++ Filomen\u0119 i Franciszka Trubickich, El\u017cbiet\u0119\nDemczak oraz ++ z rodziny Trubickich,<\/p>\n\n\n\n<p>&nbsp;&nbsp;&nbsp;&nbsp;&nbsp;&nbsp;&nbsp;&nbsp;&nbsp;&nbsp; &nbsp;Koz\u0142owskich, Kulczyckich i Serafin\u00f3w <\/p>\n\n\n\n<p><strong>11.oo\n\u2013 1) <\/strong>++ Stefani\u0119 w 24 rocz. \u015bm.\ni Miko\u0142aja z rodziny Szeptyckich oraz ++ rodzic\u00f3w z obu stron <\/p>\n\n\n\n<p>&nbsp;&nbsp;&nbsp;&nbsp;&nbsp;&nbsp;&nbsp;&nbsp;&nbsp;&nbsp;&nbsp;&nbsp;&nbsp;&nbsp;&nbsp;&nbsp; i rodze\u0144stwo <\/p>\n\n\n\n<p><strong>&nbsp;&nbsp;&nbsp;&nbsp;&nbsp;&nbsp;&nbsp;&nbsp;&nbsp;&nbsp;&nbsp; 2) <\/strong>w 60 rocz., \u015blubu<strong>\n<\/strong>Stanis\u0142awy i W\u0142adys\u0142awa Nowak\u00f3w <strong>&nbsp;<\/strong>dzi\u0119kczynna z pro\u015bb\u0105 o\nzdrowie, dary<\/p>\n\n\n\n<p>&nbsp;&nbsp;&nbsp;&nbsp;&nbsp;&nbsp;&nbsp;&nbsp;&nbsp;&nbsp;&nbsp;&nbsp;&nbsp;&nbsp;&nbsp; Ducha \u015awi\u0119tego, Bo\u017ce\nb\u0142ogos\u0142awie\u0144stwo i opiek\u0119 NMP \u2013 modl\u0105 si\u0119 c\u00f3rki i syn z rodzinami<\/p>\n\n\n\n<p><strong>12.3o\n\u2013 1) <\/strong>w 40 rocz. \u015blubu Ireny i\nWies\u0142awa Ko\u0142acz\u00f3w dzi\u0119kczynna z pro\u015bb\u0105 o zdrowie, dary<\/p>\n\n\n\n<p>&nbsp;&nbsp;&nbsp;&nbsp;&nbsp;&nbsp;&nbsp;&nbsp;&nbsp;&nbsp;&nbsp;&nbsp;&nbsp;&nbsp;&nbsp; Ducha \u015awi\u0119tego, Bo\u017ce\nb\u0142ogos\u0142awie\u0144stwo i opiek\u0119 NMP \u2013 modli si\u0119 rodzina<\/p>\n\n\n\n<p><strong>&nbsp;&nbsp;&nbsp;&nbsp;&nbsp;&nbsp;&nbsp;&nbsp;&nbsp;&nbsp;&nbsp; &nbsp;\n2)<\/strong> ++Stanis\u0142awa Rybk\u0119, Katarzyn\u0119 Pisulak i Jakuba\nSmoli\u0144skiego \u2013 modli si\u0119 rodzina<\/p>\n\n\n\n<p><strong><em>Chrzest\npo Mszy: Patryk Grzesiak, Krystian Grzesiak<\/em><\/strong><\/p>\n\n\n\n<p><strong>18.oo\n\u2013 &nbsp;1) <\/strong>+ m\u0119\u017ca Henryka Pleskacza \u2013 modli si\u0119 \u017cona z dzie\u0107mi<\/p>\n\n\n\n<p><strong>&nbsp;&nbsp;&nbsp;&nbsp;&nbsp;&nbsp;&nbsp;&nbsp;&nbsp;&nbsp;&nbsp; &nbsp;\n2)<\/strong> w 70 rocz. urodzin mamy Lucyny &nbsp;dzi\u0119kczynna z pro\u015bb\u0105 o zdrowie, dary Ducha \u015awi\u0119tego,<\/p>\n\n\n\n<p>&nbsp;&nbsp;&nbsp;&nbsp;&nbsp;&nbsp;&nbsp;&nbsp;&nbsp;&nbsp;&nbsp;&nbsp;&nbsp;&nbsp;&nbsp; &nbsp;Bo\u017ce b\u0142ogos\u0142awie\u0144stwo i opiek\u0119 NMP \u2013 modl\u0105 si\u0119\nc\u00f3rki z rodzinami<\/p>\n","protected":false},"excerpt":{"rendered":"<p>Sk\u0142adaj\u0105c Ofiar\u0119, kt\u00f3ra nam przypomina niezmierzon\u0105 mi\u0142o\u015b\u0107 Twojego Syna, pokornie prosimy Ci\u0119, Bo\u017ce, przyjmij intencje Twoich wiernych i spraw przez dzia\u0142anie Eucharystii, aby w naszych rodzinach wzrasta\u0142a prawdziwa wiara, \u015bwi\u0119to\u015b\u0107 \u017cycia, braterska mi\u0142o\u015b\u0107 i duch modlitwy. Niech Matka Naj\u015bwi\u0119tsza wyprosi \u0142aski, o kt\u00f3re modlili\u015bmy si\u0119 w tej Mszy \u015bw. dla&#8230; <a class=\"continue-reading-link\" href=\"http:\/\/parafia.scinawa.info\/index.php\/2020\/04\/11\/intencje-mszalne-12-04-19-04-2020\/\">Czytaj dalej <span class=\"meta-nav\">&rarr; <\/span><\/a><\/p>\n","protected":false},"author":2,"featured_media":0,"comment_status":"closed","ping_status":"closed","sticky":false,"template":"","format":"standard","meta":{"footnotes":""},"categories":[39],"tags":[],"class_list":["post-1384","post","type-post","status-publish","format-standard","hentry","category-intencje"],"_links":{"self":[{"href":"http:\/\/parafia.scinawa.info\/index.php\/wp-json\/wp\/v2\/posts\/1384","targetHints":{"allow":["GET"]}}],"collection":[{"href":"http:\/\/parafia.scinawa.info\/index.php\/wp-json\/wp\/v2\/posts"}],"about":[{"href":"http:\/\/parafia.scinawa.info\/index.php\/wp-json\/wp\/v2\/types\/post"}],"author":[{"embeddable":true,"href":"http:\/\/parafia.scinawa.info\/index.php\/wp-json\/wp\/v2\/users\/2"}],"replies":[{"embeddable":true,"href":"http:\/\/parafia.scinawa.info\/index.php\/wp-json\/wp\/v2\/comments?post=1384"}],"version-history":[{"count":1,"href":"http:\/\/parafia.scinawa.info\/index.php\/wp-json\/wp\/v2\/posts\/1384\/revisions"}],"predecessor-version":[{"id":1385,"href":"http:\/\/parafia.scinawa.info\/index.php\/wp-json\/wp\/v2\/posts\/1384\/revisions\/1385"}],"wp:attachment":[{"href":"http:\/\/parafia.scinawa.info\/index.php\/wp-json\/wp\/v2\/media?parent=1384"}],"wp:term":[{"taxonomy":"category","embeddable":true,"href":"http:\/\/parafia.scinawa.info\/index.php\/wp-json\/wp\/v2\/categories?post=1384"},{"taxonomy":"post_tag","embeddable":true,"href":"http:\/\/parafia.scinawa.info\/index.php\/wp-json\/wp\/v2\/tags?post=1384"}],"curies":[{"name":"wp","href":"https:\/\/api.w.org\/{rel}","templated":true}]}}