{"id":1386,"date":"2020-04-11T12:16:11","date_gmt":"2020-04-11T10:16:11","guid":{"rendered":"http:\/\/parafia.scinawa.info\/?p=1386"},"modified":"2020-04-11T12:18:08","modified_gmt":"2020-04-11T10:18:08","slug":"ogloszenia-duszpasterskie-1-niedziela-wielkanocna-12-04-2020","status":"publish","type":"post","link":"http:\/\/parafia.scinawa.info\/index.php\/2020\/04\/11\/ogloszenia-duszpasterskie-1-niedziela-wielkanocna-12-04-2020\/","title":{"rendered":"Og\u0142oszenia duszpasterskie    1 Niedziela Wielkanocna        \u2013 12.04. 2020"},"content":{"rendered":"\n<p>Zgodnie z rozporz\u0105dzeniem Prezesa Rady Ministr\u00f3w oraz Ministra Zdrowia\u00a0<strong>zosta\u0142y przed\u0142u\u017cone do 19 kwietnia ograniczenie zwi\u0105zane z\u00a0liczb\u0105 os\u00f3b, kt\u00f3ra mo\u017ce uczestniczy\u0107 w celebracjach Mszy \u015bwi\u0119tych &#8211; wynosi ona maksymalnie 5 os\u00f3b<\/strong><br> <em>(wed\u0142ug zarz\u0105dzenia Biskupa Legnickiego Msze \u015bwi\u0119te s\u0105 sprawowane bez udzia\u0142u wiernych, z wyj\u0105tkiem us\u0142uguj\u0105cych, a tak\u017ce \u2013nie wi\u0119cej ni\u017c pi\u0119ciu \u2013 os\u00f3b upowa\u017cnionych przez Ksi\u0119dza Proboszcza, w pierwszej kolejno\u015bci b\u0119d\u0105 to osoby zwi\u0105zane z uzgodnion\u0105 intencj\u0105 mszaln\u0105<\/em>)<\/p>\n\n\n\n<p><strong>1<\/strong><strong>. <\/strong>Dzi\u015b\nprze\u017cywamy Niedziel\u0119 Zmartwychwstania Pa\u0144skiego. Msze \u015bw. wg nast\u0119puj\u0105cego\nporz\u0105dku:<\/p>\n\n\n\n<p><strong><em>&nbsp;\u015acinawa: 7.00, 11.00, 12.30, 18.00, <\/em><\/strong><\/p>\n\n\n\n<p><strong><em>R\u0119sz\u00f3w: 9.30 <\/em><\/strong><\/p>\n\n\n\n<p>&#8211; adoracja\nNaj\u015bwi\u0119tszego Sakramentu o godz. 17.00<\/p>\n\n\n\n<p>&#8211; Koronka do Bo\u017cego\nMi\u0142osierdzia&nbsp; i Nowenna o 17.45<\/p>\n\n\n\n<p><strong>2.<\/strong><strong> <\/strong>Jutro\n&#8211; Poniedzia\u0142ek Wielkanocny- drugi dzie\u0144 \u015bwi\u0105t. Msze\n\u015bw. wed\u0142ug porz\u0105dku niedzielnego, czyli:<\/p>\n\n\n\n<p><strong><em>\u015acinawa:<\/em><\/strong>&nbsp; <strong><em>8.00, 9.30, 11.00, 12.30, 18.00, <\/em><\/strong><\/p>\n\n\n\n<p><strong><em>R\u0119sz\u00f3w: 9.30 <\/em><\/strong><\/p>\n\n\n\n<p>&#8211; adoracja\nNaj\u015bwi\u0119tszego Sakramentu o godz. 17.00<\/p>\n\n\n\n<p>&#8211; Koronka do Bo\u017cego Mi\u0142osierdzia&nbsp; i Nowenna o 17.45<\/p>\n\n\n\n<p><strong>3<\/strong><strong>.<\/strong>\nMsze \u015bw. od wtorku&nbsp; o <strong>7<sup>00<\/sup><\/strong>\ni <strong>18<sup>00<\/sup><\/strong>.&nbsp; <\/p>\n\n\n\n<p><strong>4<\/strong><strong>. <\/strong>Codziennie\nadoracja Naj\u015bwi\u0119tszego Sakramentu o godz. <strong>17<sup>00<\/sup>, a <\/strong><strong><em>Koronka\ndo Bo\u017cego Mi\u0142osierdzia&nbsp; i Nowenna o 17.45<\/em><\/strong><\/p>\n\n\n\n<p><strong>5<\/strong><strong>.<\/strong> Przez ca\u0142y tydzie\u0144 do przysz\u0142ej niedzieli prze\u017cywamy Oktaw\u0119\nZmartwychwstania Pa\u0144skiego.<\/p>\n\n\n\n<p><strong>6<\/strong><strong>. <\/strong>W przysz\u0142\u0105 niedziel\u0119 obchodzimy uroczysto\u015b\u0107<strong> Bo\u017cego Mi\u0142osierdzia. <\/strong>Msze \u015bw. wed\u0142ug porz\u0105dku niedzielnego. Uroczyste\nNabo\u017ce\u0144stwo do Bo\u017cego Mi\u0142osierdzia w niedziel\u0119 o godz. <strong>15.00.<\/strong> (Na stoliku pod ch\u00f3rem znajduj\u0105 si\u0119\nkartki, na kt\u00f3rych mo\u017cna wypisywa\u0107 pro\u015bby i podzi\u0119kowania, kt\u00f3re b\u0119dziemy\npoleca\u0107 Bo\u017cemu Mi\u0142osierdziu)<strong>.\n<\/strong>Niedziel\u0105 Mi\u0142osierdzia\nrozpoczynamy&nbsp; Tydzie\u0144 Mi\u0142osierdzia. <strong><\/strong><\/p>\n\n\n\n<p><strong>7<\/strong><strong>.<\/strong>\nKancelaria czynna codziennie po Mszy \u015bw. wieczornej z wyj\u0105tkiem niedziel i\n\u015bwi\u0105t.<\/p>\n\n\n\n<p><strong>8<\/strong><strong>.<\/strong>\nDo nabycia jest prasa katolicka: Niedziela, Go\u015b\u0107 Niedzielny i R\u00f3\u017caniec. <\/p>\n\n\n\n<p><strong>9<\/strong><strong>.<\/strong>\nDzi\u0119kuj\u0119 wszystkim, kt\u00f3rzy w tym tygodniu sprz\u0105tali \u015bwi\u0105tyni\u0119 i przygotowali j\u0105\nna nasze spotkanie eucharystyczne.<\/p>\n\n\n\n<p><strong>10<\/strong><strong>.<\/strong>\nSerdeczne B\u00f3g zap\u0142a\u0107 za ofiary sk\u0142adane na remonty w naszej parafii. <\/p>\n\n\n\n<p><strong>11<\/strong><strong>.<\/strong>\nIntencje mszalne, kalendarze parafialne.<\/p>\n\n\n\n<p><em>\u017byczymy mi\u0142ego\ntygodnia i obfitych \u0142ask Bo\u017cych.<\/em><\/p>\n","protected":false},"excerpt":{"rendered":"<p>Zgodnie z rozporz\u0105dzeniem Prezesa Rady Ministr\u00f3w oraz Ministra Zdrowia\u00a0zosta\u0142y przed\u0142u\u017cone do 19 kwietnia ograniczenie zwi\u0105zane z\u00a0liczb\u0105 os\u00f3b, kt\u00f3ra mo\u017ce uczestniczy\u0107 w celebracjach Mszy \u015bwi\u0119tych &#8211; wynosi ona maksymalnie 5 os\u00f3b (wed\u0142ug zarz\u0105dzenia Biskupa Legnickiego Msze \u015bwi\u0119te s\u0105 sprawowane bez udzia\u0142u wiernych, z wyj\u0105tkiem us\u0142uguj\u0105cych, a tak\u017ce \u2013nie wi\u0119cej ni\u017c pi\u0119ciu&#8230; <a class=\"continue-reading-link\" href=\"http:\/\/parafia.scinawa.info\/index.php\/2020\/04\/11\/ogloszenia-duszpasterskie-1-niedziela-wielkanocna-12-04-2020\/\">Czytaj dalej <span class=\"meta-nav\">&rarr; <\/span><\/a><\/p>\n","protected":false},"author":2,"featured_media":0,"comment_status":"closed","ping_status":"closed","sticky":false,"template":"","format":"standard","meta":{"footnotes":""},"categories":[40],"tags":[],"class_list":["post-1386","post","type-post","status-publish","format-standard","hentry","category-ogloszenia-duszpasterskie"],"_links":{"self":[{"href":"http:\/\/parafia.scinawa.info\/index.php\/wp-json\/wp\/v2\/posts\/1386","targetHints":{"allow":["GET"]}}],"collection":[{"href":"http:\/\/parafia.scinawa.info\/index.php\/wp-json\/wp\/v2\/posts"}],"about":[{"href":"http:\/\/parafia.scinawa.info\/index.php\/wp-json\/wp\/v2\/types\/post"}],"author":[{"embeddable":true,"href":"http:\/\/parafia.scinawa.info\/index.php\/wp-json\/wp\/v2\/users\/2"}],"replies":[{"embeddable":true,"href":"http:\/\/parafia.scinawa.info\/index.php\/wp-json\/wp\/v2\/comments?post=1386"}],"version-history":[{"count":3,"href":"http:\/\/parafia.scinawa.info\/index.php\/wp-json\/wp\/v2\/posts\/1386\/revisions"}],"predecessor-version":[{"id":1390,"href":"http:\/\/parafia.scinawa.info\/index.php\/wp-json\/wp\/v2\/posts\/1386\/revisions\/1390"}],"wp:attachment":[{"href":"http:\/\/parafia.scinawa.info\/index.php\/wp-json\/wp\/v2\/media?parent=1386"}],"wp:term":[{"taxonomy":"category","embeddable":true,"href":"http:\/\/parafia.scinawa.info\/index.php\/wp-json\/wp\/v2\/categories?post=1386"},{"taxonomy":"post_tag","embeddable":true,"href":"http:\/\/parafia.scinawa.info\/index.php\/wp-json\/wp\/v2\/tags?post=1386"}],"curies":[{"name":"wp","href":"https:\/\/api.w.org\/{rel}","templated":true}]}}