{"id":1393,"date":"2020-04-11T12:47:12","date_gmt":"2020-04-11T10:47:12","guid":{"rendered":"http:\/\/parafia.scinawa.info\/?p=1393"},"modified":"2020-04-11T12:47:12","modified_gmt":"2020-04-11T10:47:12","slug":"blogoslawienstwo-stolu","status":"publish","type":"post","link":"http:\/\/parafia.scinawa.info\/index.php\/2020\/04\/11\/blogoslawienstwo-stolu\/","title":{"rendered":"B\u0141OGOS\u0141AWIE\u0143STWO STO\u0141U"},"content":{"rendered":"\n<p><strong> B\u0141OGOS\u0141AWIE\u0143STWO STO\u0141U\u00a0<\/strong> <strong>PRZED UROCZYSTYM POSI\u0141KIEM  W NIEDZIEL\u0118 ZMARTWYCHWSTANIA PA\u0143SKIEGO <\/strong><\/p>\n\n\n\n<h3 class=\"wp-block-heading\">WERSJA 1<\/h3>\n\n\n\n<p>Na \u015brodku sto\u0142u, przy kt\u00f3rym rodzina spotyka si\u0119 na\nuroczystym wielkanocnym \u015bniadaniu, umieszcza si\u0119 przyozdobion\u0105 \u015bwiec\u0119, mo\u017ce to\nby\u0107 paschalik \u2013 \u015bwieca Caritasu. <\/p>\n\n\n\n<p>G\u0142owa rodziny lub inny doros\u0142y (przewodnicz\u0105cy) zapala \u015bwiec\u0119\ni m\u00f3wi. <\/p>\n\n\n\n<p><strong>Przewodnicz\u0105cy. <\/strong>Chrystus\nzmartwychwsta\u0142. Alleluja. <\/p>\n\n\n\n<p><strong>Wszyscy. <\/strong>Prawdziwie\nzmartwychwsta\u0142. Alleluja. <\/p>\n\n\n\n<p><strong>P. <\/strong>W imi\u0119 Ojca i Syna, i Ducha \u015awi\u0119tego. <\/p>\n\n\n\n<p><strong>W. <\/strong>Amen. <\/p>\n\n\n\n<p>Nast\u0119pnie kto\u015b z cz\u0142onk\u00f3w rodziny odczytuje fragment Pisma\n\u015awi\u0119tego: 1 Tes 5, 16-18. <\/p>\n\n\n\n<p><strong>Bracia i siostry, pos\u0142uchajcie s\u0142\u00f3w \u015bwi\u0119tego\nPaw\u0142a Aposto\u0142a do Tesaloniczan. <\/strong><\/p>\n\n\n\n<p>Zawsze si\u0119 radujcie, nieustannie si\u0119 m\u00f3dlcie. W Ka\u017cdym\npo\u0142o\u017ceniu dzi\u0119kujcie, taka jest bowiem wola Bo\u017ca w Jezusie Chrystusie wzgl\u0119dem\nwas. <\/p>\n\n\n\n<p>Albo: Mt 6, 31 ab.32b-33. <\/p>\n\n\n\n<p><strong>Bracia i siostry, pos\u0142uchajmy s\u0142\u00f3w\nEwangelii wed\u0142ug \u015bwi\u0119tego Mateusza. <\/strong><\/p>\n\n\n\n<p>Jezus powiedzia\u0142 do swoich uczni\u00f3w: \u201eNie troszczcie si\u0119\nzbytnio i nie m\u00f3wcie: co b\u0119dziemy je\u015b\u0107? co b\u0119dziemy pi\u0107? Przecie\u017c Ojciec wasz\nniebieski wie, \u017ce tego wszystkiego potrzebujecie. Starajcie si\u0119 naprz\u00f3d o\nkr\u00f3lestwo Boga i o Jego sprawiedliwo\u015b\u0107, a to wszystko b\u0119dzie wam dodane\u201d. <\/p>\n\n\n\n<p>Po odczytaniu tekstu przewodnicz\u0105cy m\u00f3wi: <\/p>\n\n\n\n<p><strong>P. <\/strong>Jezus Chrystus da\u0142 nam moc, aby\u015bmy si\u0119\nstali dzie\u0107mi Bo\u017cymi, dlatego o\u015bmielamy si\u0119 m\u00f3wi\u0107 <\/p>\n\n\n\n<p><strong>W.<\/strong> <strong>Ojcze\nnasz. <\/strong><\/p>\n\n\n\n<p><strong>P.<\/strong> W modlitwie zwr\u00f3\u0107my si\u0119 do\nMaryi, Matki nadziei. <\/p>\n\n\n\n<p><strong>W.<\/strong> <strong>Zdrowa\u015b\nMaryjo.<\/strong> <\/p>\n\n\n\n<p><strong>P. <\/strong>Wspomnijmy naszych bliskich zmar\u0142ych i\npro\u015bmy o rado\u015b\u0107 nieba dla nich.<\/p>\n\n\n\n<p><strong>W.<\/strong> <strong>Wieczny\nodpoczynek<\/strong>. <\/p>\n\n\n\n<p><strong>P. <\/strong>Odm\u00f3wmy jeszcze modlitw\u0119 za\nwszystkich, kt\u00f3rzy cierpi\u0105 z powodu pandemii.&nbsp;\n<\/p>\n\n\n\n<p>Bo\u017ce Ojcze, Stw\u00f3rco \u015bwiata, wszechmog\u0105cy i mi\u0142osierny,\nkt\u00f3ry z mi\u0142o\u015bci do nas pos\u0142a\u0142e\u015b na \u015bwiat swojego Syna jako lekarza dusz i cia\u0142,\nsp\u00f3jrz na swoje dzieci, kt\u00f3re w tym trudnym momencie niepewno\u015bci i l\u0119ku w wielu\nregionach Europy i \u015bwiata zwracaj\u0105 si\u0119 do Ciebie, szukaj\u0105c si\u0142y, zbawienia i\npocieszenia. Uwolnij nas od chor\u00f3b i strachu, ulecz naszych chorych, pociesz\nich rodziny, daj m\u0105dro\u015b\u0107 rz\u0105dz\u0105cym, energi\u0119 i si\u0142\u0119 lekarzom, piel\u0119gniarkom&nbsp; i wolontariuszom, \u017cycie wieczne zmar\u0142ym. Nie\nopuszczaj nas w chwili pr\u00f3by, ale uwolnij nas od wszelkiego z\u0142a. O to Ci\u0119\nprosimy, kt\u00f3ry z Synem i Duchem \u015awi\u0119tym \u017cyjesz i kr\u00f3lujesz na wieki. <\/p>\n\n\n\n<p><strong>W. <\/strong>Amen. <\/p>\n\n\n\n<p><strong>P. <\/strong>Maryjo, Uzdrowicielko chorych\ni Matko nadziei. <\/p>\n\n\n\n<p><strong>W.<\/strong> M\u00f3dl si\u0119 za nami! <\/p>\n\n\n\n<p><strong>MODLITWA\nB\u0141OGOS\u0141AWIE\u0143STWA <\/strong><\/p>\n\n\n\n<p><strong>P. <\/strong>M\u00f3dlmy si\u0119. <\/p>\n\n\n\n<p>Z rado\u015bci\u0105 wys\u0142awiamy Ciebie, Panie Jezu Chryste, kt\u00f3ry po\nswoim zmartwychwstaniu ukaza\u0142e\u015b si\u0119 uczniom przy \u0142amaniu chleba. B\u0105d\u017a z nami,\nkiedy z wdzi\u0119czno\u015bci\u0105 spo\u017cywa\u0107 b\u0119dziemy te dary, i jak dzisiaj w braciach\nprzyjmujemy Ciebie w go\u015bcin\u0119, przyjmij nas jako biesiadnik\u00f3w w Twoim\nkr\u00f3lestwie. Kt\u00f3ry \u017cyjesz i kr\u00f3lujesz na wieki wiek\u00f3w. <strong>W. <\/strong>Amen. <\/p>\n\n\n\n<p><strong>PO POSI\u0141KU&nbsp; <\/strong><\/p>\n\n\n\n<p>G\u0142owa rodziny \/ przewodnicz\u0105cy m\u00f3wi. <\/p>\n\n\n\n<p><strong>P. <\/strong>Uczniowie poznali Pana.\nAlleluja <\/p>\n\n\n\n<p><strong>W.<\/strong> Przy \u0142amaniu chleba.\nAlleluja. <\/p>\n\n\n\n<p><strong>P. <\/strong>M\u00f3dlmy si\u0119. <\/p>\n\n\n\n<p>Bo\u017ce, \u017ar\u00f3d\u0142o \u017cycia, nape\u0142nij nasze serca paschaln\u0105 rado\u015bci\u0105 i podobnie jak da\u0142e\u015b nam pokarm pochodz\u0105cy z ziemi, spraw, aby zawsze trwa\u0142o w nas nowe \u017cycie, kt\u00f3re wys\u0142u\u017cy\u0142 nam Chrystus przez swoj\u0105 \u015bmier\u0107 i zmartwychwstanie i w swoim mi\u0142osierdziu nam go udzieli\u0142. Kt\u00f3ry \u017cyje\u00a0 i kr\u00f3luje na wieki wiek\u00f3w. <strong>W. <\/strong>Amen. <\/p>\n\n\n\n<h3 class=\"wp-block-heading\">WERSJA 2<\/h3>\n\n\n\n<p>(\u201e<em>Obrz\u0119dy b\u0142ogos\u0142awie\u0144stw\ndostosowane do zwyczaj\u00f3w diecezji polskich<\/em>\u201d,&nbsp; t. 2,\nKatowice 2001, nr. 1347-1350) <\/p>\n\n\n\n<p><em><strong>Ojciec rodziny lub przewodnicz\u0105cy zapala \u015bwiec\u0119 umieszczon\u0105 na stole i m\u00f3wi:\u00a0 <\/strong><\/em>Chrystus zmartwychwsta\u0142. Alleluja.<em> <\/em><\/p>\n\n\n\n<p><strong>Wszyscy odpowiadaj\u0105: <\/strong><\/p>\n\n\n\n<p>Prawdziwie zmartwychwsta\u0142.\nAlleluja. <\/p>\n\n\n\n<p><em><strong>Nast\u0119pnie kto\u015b z uczestnik\u00f3w odczytuje tekst Pisma \u015awi\u0119tego. <\/strong><\/em><\/p>\n\n\n\n<p>1 Tes 5, 16-18: <em>Zawsze si\u0119 radujcie. <\/em>&nbsp;<\/p>\n\n\n\n<p>Bracia i siostry, pos\u0142uchajcie\ns\u0142\u00f3w \u015bwi\u0119tego Paw\u0142a Aposto\u0142a do Tesaloniczan. Zawsze\nsi\u0119 radujcie, nieustannie si\u0119 m\u00f3dlcie. W Ka\u017cdym po\u0142o\u017ceniu dzi\u0119kujcie, taka jest\nbowiem wola Bo\u017ca w Jezusie Chrystusie wzgl\u0119dem was. <\/p>\n\n\n\n<p>Albo: <\/p>\n\n\n\n<p>Mt 6, 31 ab.32b-33:<em> Nie troszczcie si\u0119 zbytnio i nie m\u00f3wcie: co\nb\u0119dziemy je\u015b\u0107? <\/em><\/p>\n\n\n\n<p>Bracia i siostry, pos\u0142uchajmy\ns\u0142\u00f3w Ewangelii wed\u0142ug \u015bwi\u0119tego Mateusza. <\/p>\n\n\n\n<p>Jezus powiedzia\u0142 do swoich\nuczni\u00f3w: \u201eNie troszczcie si\u0119 zbytnio i nie m\u00f3wicie: co b\u0119dziemy &nbsp;je\u015b\u0107? co b\u0119dziemy pi\u0107? Przecie\u017c Ojciec wasz\nniebieski wie, \u017ce tego wszystkiego potrzebujecie. Starajcie si\u0119 naprz\u00f3d o\nkr\u00f3lestwo Boga i o Jego sprawiedliwo\u015b\u0107, a to wszystko b\u0119dzie wam dodane\u201d. <\/p>\n\n\n\n<p><em><strong>Po odczytaniu tekstu przewodnicz\u0105cy m\u00f3wi: <\/strong><\/em><\/p>\n\n\n\n<p>M\u00f3dlmy si\u0119. <\/p>\n\n\n\n<p>Z rado\u015bci\u0105 wys\u0142awiamy Ciebie,\nPanie Jezu Chryste, kt\u00f3ry po swoim zmartwychwstaniu ukaza\u0142e\u015b si\u0119 uczniom przy\n\u0142amaniu chleba. B\u0105d\u017a z nami, kiedy z wdzi\u0119czno\u015bci\u0105 spo\u017cywa\u0107 b\u0119dziemy te dary, i\njak dzisiaj w braciach przyjmujemy Ciebie w go\u015bcin\u0119, przyjmij nas jako\nbiesiadnik\u00f3w w Twoim kr\u00f3lestwie. Kt\u00f3ry \u017cyjesz i kr\u00f3lujesz na wieki wiek\u00f3w. <\/p>\n\n\n\n<p><strong>Wszyscy:<\/strong> Amen. <\/p>\n\n\n\n<p><em>Po posi\u0142ku ojciec rodziny\nlub przewodnicz\u0105cy m\u00f3wi:&nbsp; <\/em><\/p>\n\n\n\n<p>Uczniowie poznali Pana.\nAlleluja<em>\n<\/em><\/p>\n\n\n\n<p><strong>Wszyscy:<\/strong> Przy \u0142amaniu chleba. Alleluja. <\/p>\n\n\n\n<p><strong>M\u00f3dlmy si\u0119: <\/strong><\/p>\n\n\n\n<p>Bo\u017ce, \u017ar\u00f3d\u0142o \u017cycia, nape\u0142nij\nnasze serca paschaln\u0105 rado\u015bci\u0105 i podobnie jak da\u0142e\u015b nam pokarm pochodz\u0105cy z\nziemi, spraw, aby zawsze trwa\u0142o w nas nowe \u017cycie, kt\u00f3re wys\u0142u\u017cy\u0142 nam Chrystus\nprzez swoj\u0105 \u015bmier\u0107 i zmartwychwstanie i w swoim mi\u0142osierdziu nam go udzieli\u0142.\nKt\u00f3ry \u017cyje i kr\u00f3luje na wieki wiek\u00f3w. <\/p>\n\n\n\n<p><strong>Wszyscy:<\/strong> Amen. <\/p>\n","protected":false},"excerpt":{"rendered":"<p>B\u0141OGOS\u0141AWIE\u0143STWO STO\u0141U\u00a0 PRZED UROCZYSTYM POSI\u0141KIEM W NIEDZIEL\u0118 ZMARTWYCHWSTANIA PA\u0143SKIEGO WERSJA 1 Na \u015brodku sto\u0142u, przy kt\u00f3rym rodzina spotyka si\u0119 na uroczystym wielkanocnym \u015bniadaniu, umieszcza si\u0119 przyozdobion\u0105 \u015bwiec\u0119, mo\u017ce to by\u0107 paschalik \u2013 \u015bwieca Caritasu. G\u0142owa rodziny lub inny doros\u0142y (przewodnicz\u0105cy) zapala \u015bwiec\u0119 i m\u00f3wi. Przewodnicz\u0105cy. Chrystus zmartwychwsta\u0142. Alleluja. Wszyscy. Prawdziwie&#8230; <a class=\"continue-reading-link\" href=\"http:\/\/parafia.scinawa.info\/index.php\/2020\/04\/11\/blogoslawienstwo-stolu\/\">Czytaj dalej <span class=\"meta-nav\">&rarr; <\/span><\/a><\/p>\n","protected":false},"author":1,"featured_media":1394,"comment_status":"closed","ping_status":"closed","sticky":false,"template":"","format":"standard","meta":{"footnotes":""},"categories":[37],"tags":[],"class_list":["post-1393","post","type-post","status-publish","format-standard","has-post-thumbnail","hentry","category-aktualnosci"],"_links":{"self":[{"href":"http:\/\/parafia.scinawa.info\/index.php\/wp-json\/wp\/v2\/posts\/1393","targetHints":{"allow":["GET"]}}],"collection":[{"href":"http:\/\/parafia.scinawa.info\/index.php\/wp-json\/wp\/v2\/posts"}],"about":[{"href":"http:\/\/parafia.scinawa.info\/index.php\/wp-json\/wp\/v2\/types\/post"}],"author":[{"embeddable":true,"href":"http:\/\/parafia.scinawa.info\/index.php\/wp-json\/wp\/v2\/users\/1"}],"replies":[{"embeddable":true,"href":"http:\/\/parafia.scinawa.info\/index.php\/wp-json\/wp\/v2\/comments?post=1393"}],"version-history":[{"count":1,"href":"http:\/\/parafia.scinawa.info\/index.php\/wp-json\/wp\/v2\/posts\/1393\/revisions"}],"predecessor-version":[{"id":1395,"href":"http:\/\/parafia.scinawa.info\/index.php\/wp-json\/wp\/v2\/posts\/1393\/revisions\/1395"}],"wp:featuredmedia":[{"embeddable":true,"href":"http:\/\/parafia.scinawa.info\/index.php\/wp-json\/wp\/v2\/media\/1394"}],"wp:attachment":[{"href":"http:\/\/parafia.scinawa.info\/index.php\/wp-json\/wp\/v2\/media?parent=1393"}],"wp:term":[{"taxonomy":"category","embeddable":true,"href":"http:\/\/parafia.scinawa.info\/index.php\/wp-json\/wp\/v2\/categories?post=1393"},{"taxonomy":"post_tag","embeddable":true,"href":"http:\/\/parafia.scinawa.info\/index.php\/wp-json\/wp\/v2\/tags?post=1393"}],"curies":[{"name":"wp","href":"https:\/\/api.w.org\/{rel}","templated":true}]}}