{"id":1402,"date":"2020-04-18T15:10:23","date_gmt":"2020-04-18T13:10:23","guid":{"rendered":"http:\/\/parafia.scinawa.info\/?p=1402"},"modified":"2020-04-18T15:10:23","modified_gmt":"2020-04-18T13:10:23","slug":"ogloszenia-duszpasterskie-2-niedziela-wielkanocna-19-04-2020","status":"publish","type":"post","link":"http:\/\/parafia.scinawa.info\/index.php\/2020\/04\/18\/ogloszenia-duszpasterskie-2-niedziela-wielkanocna-19-04-2020\/","title":{"rendered":"Og\u0142oszenia duszpasterskie    2 Niedziela Wielkanocna        \u2013 19.04. 2020"},"content":{"rendered":"\n<p><strong>OD\n20 KWIETNIA 2020 ROKU obowi\u0105zuje limit: 1 osoba na 15 metr\u00f3w kwadratowych, w\nnaszym ko\u015bciele z ch\u00f3rem mamy 750 m<sup>2<\/sup> dlatego od poniedzia\u0142ku mo\u017ce\nuczestniczy\u0107 w liturgii 50 os\u00f3b wewn\u0105trz ko\u015bcio\u0142a, a na zewn\u0105trz na\nplacu inni z zachowaniem w\u0142a\u015bciwej odleg\u0142o\u015bci. Oczywi\u015bcie WIERNI W KO\u015aCIO\u0141ACH\nMUSZ\u0104 ZAS\u0141ANIA\u0106 USTA I NOS \u2013 podczas liturgii oraz poza ni\u0105.<\/strong><\/p>\n\n\n\n<p><strong>1.<\/strong>\nDzi\u015b prze\u017cywamy 2 Niedziel\u0119 Wielkanocn\u0105, czyli Niedziel\u0119 Bo\u017cego Mi\u0142osierdzia.\nMsze \u015bw. wed\u0142ug porz\u0105dku niedzielnego. Uroczyste Nabo\u017ce\u0144stwo do Bo\u017cego Mi\u0142osierdzia o godz. <strong>15<sup>00<\/sup><\/strong>. <strong><em>Niedziel\u0105 Mi\u0142osierdzia<\/em><\/strong>\nrozpoczynamy Tydzie\u0144 Mi\u0142osierdzia. <\/p>\n\n\n\n<p><strong><em>W dniu dzisiejszym mo\u017cna uzyska\u0107 odpust zupe\u0142ny za\npobo\u017cne odm\u00f3wienie koronki do Bo\u017cego Mi\u0142osierdzia w&nbsp;ko\u015bciele lub kaplicy\nwobec wystawionego Naj\u015bwi\u0119tszego Sakramentu lub przechowywanego w tabernakulum.<\/em><\/strong><\/p>\n\n\n\n<p><strong>2<\/strong><strong>.<\/strong>\nMsze \u015bw. w tygodniu&nbsp; o <strong>7<sup>00<\/sup><\/strong>\ni <strong>18<sup>00<\/sup><\/strong>.&nbsp; <\/p>\n\n\n\n<p><strong>3<\/strong><strong>. <\/strong>Codziennie\nspowied\u017a i adoracja Naj\u015bwi\u0119tszego Sakramentu o godz. <strong>17<sup>00<\/sup>.<\/strong><\/p>\n\n\n\n<p><strong>4<\/strong><strong>. W poniedzia\u0142ek o&nbsp; 17<sup>30<\/sup> nabo\u017ce\u0144stwo do Bo\u017cego\nMi\u0142osierdzia. <\/strong>(Na stoliku pod ch\u00f3rem znajduj\u0105 si\u0119\nkartki, na kt\u00f3rych mo\u017cna wypisywa\u0107 pro\u015bby i podzi\u0119kowania, kt\u00f3re b\u0119dziemy\npoleca\u0107 Bo\u017cemu Mi\u0142osierdziu).<\/p>\n\n\n\n<p><strong>5.<\/strong><strong> <\/strong>W\n\u015brod\u0119 Nowenna do NMP Nieustaj\u0105cej Pomocy o godz. <strong>17<sup>30<\/sup><\/strong>.<\/p>\n\n\n\n<p><strong>6.<\/strong><strong> <\/strong>W tym tygodniu obchodzimy:<strong><\/strong><\/p>\n\n\n\n<p>&#8211;\nw czwartek \u2013 uroczysto\u015b\u0107\n\u015aw. Wojciecha, biskupa i m\u0119czennika, g\u0142\u00f3wnego patrona Polski<\/p>\n\n\n\n<p>&#8211; w sobot\u0119 \u2013 \u015bwi\u0119to \u015bw. Marka Ewangelisty. <\/p>\n\n\n\n<p><strong>7<\/strong><strong>. <\/strong>W przysz\u0142\u0105 niedziel\u0119 obchodzimy 3 Niedziel\u0119\nWielkanocn\u0105 i zarazem rozpoczniemy Tydzie\u0144 Biblijny<strong>. <\/strong>Msze \u015bw. wed\u0142ug porz\u0105dku niedzielnego. <strong><\/strong><\/p>\n\n\n\n<p><strong>8<\/strong><strong>.<\/strong>\nKancelaria czynna codziennie po Mszy \u015bw. wieczornej z wyj\u0105tkiem niedziel i\n\u015bwi\u0105t.<\/p>\n\n\n\n<p><strong>9<\/strong><strong>.<\/strong>\nDo nabycia jest prasa katolicka: Niedziela, Go\u015b\u0107 Niedzielny i R\u00f3\u017caniec. <\/p>\n\n\n\n<p><strong>10<\/strong><strong>.<\/strong>\nDzi\u0119kuj\u0119 wszystkim, kt\u00f3rzy w tym tygodniu sprz\u0105tali \u015bwi\u0105tyni\u0119 i przygotowali j\u0105\nna nasze spotkanie eucharystyczne.<\/p>\n\n\n\n<p><strong>11<\/strong><strong>.<\/strong>\nSerdeczne B\u00f3g zap\u0142a\u0107 za ofiary sk\u0142adane na remonty w naszej parafii. <\/p>\n\n\n\n<p><strong>12<\/strong><strong>.<\/strong>\nIntencje mszalne, kalendarze parafialne.<\/p>\n\n\n\n<p><em>\u017byczymy mi\u0142ego\ntygodnia i obfitych \u0142ask Bo\u017cych.<\/em><\/p>\n","protected":false},"excerpt":{"rendered":"<p>OD 20 KWIETNIA 2020 ROKU obowi\u0105zuje limit: 1 osoba na 15 metr\u00f3w kwadratowych, w naszym ko\u015bciele z ch\u00f3rem mamy 750 m2 dlatego od poniedzia\u0142ku mo\u017ce uczestniczy\u0107 w liturgii 50 os\u00f3b wewn\u0105trz ko\u015bcio\u0142a, a na zewn\u0105trz na placu inni z zachowaniem w\u0142a\u015bciwej odleg\u0142o\u015bci. Oczywi\u015bcie WIERNI W KO\u015aCIO\u0141ACH MUSZ\u0104 ZAS\u0141ANIA\u0106 USTA I&#8230; <a class=\"continue-reading-link\" href=\"http:\/\/parafia.scinawa.info\/index.php\/2020\/04\/18\/ogloszenia-duszpasterskie-2-niedziela-wielkanocna-19-04-2020\/\">Czytaj dalej <span class=\"meta-nav\">&rarr; <\/span><\/a><\/p>\n","protected":false},"author":2,"featured_media":0,"comment_status":"closed","ping_status":"closed","sticky":false,"template":"","format":"standard","meta":{"footnotes":""},"categories":[40],"tags":[],"class_list":["post-1402","post","type-post","status-publish","format-standard","hentry","category-ogloszenia-duszpasterskie"],"_links":{"self":[{"href":"http:\/\/parafia.scinawa.info\/index.php\/wp-json\/wp\/v2\/posts\/1402","targetHints":{"allow":["GET"]}}],"collection":[{"href":"http:\/\/parafia.scinawa.info\/index.php\/wp-json\/wp\/v2\/posts"}],"about":[{"href":"http:\/\/parafia.scinawa.info\/index.php\/wp-json\/wp\/v2\/types\/post"}],"author":[{"embeddable":true,"href":"http:\/\/parafia.scinawa.info\/index.php\/wp-json\/wp\/v2\/users\/2"}],"replies":[{"embeddable":true,"href":"http:\/\/parafia.scinawa.info\/index.php\/wp-json\/wp\/v2\/comments?post=1402"}],"version-history":[{"count":1,"href":"http:\/\/parafia.scinawa.info\/index.php\/wp-json\/wp\/v2\/posts\/1402\/revisions"}],"predecessor-version":[{"id":1403,"href":"http:\/\/parafia.scinawa.info\/index.php\/wp-json\/wp\/v2\/posts\/1402\/revisions\/1403"}],"wp:attachment":[{"href":"http:\/\/parafia.scinawa.info\/index.php\/wp-json\/wp\/v2\/media?parent=1402"}],"wp:term":[{"taxonomy":"category","embeddable":true,"href":"http:\/\/parafia.scinawa.info\/index.php\/wp-json\/wp\/v2\/categories?post=1402"},{"taxonomy":"post_tag","embeddable":true,"href":"http:\/\/parafia.scinawa.info\/index.php\/wp-json\/wp\/v2\/tags?post=1402"}],"curies":[{"name":"wp","href":"https:\/\/api.w.org\/{rel}","templated":true}]}}