{"id":1404,"date":"2020-04-25T16:26:30","date_gmt":"2020-04-25T14:26:30","guid":{"rendered":"http:\/\/parafia.scinawa.info\/?p=1404"},"modified":"2020-04-25T16:26:30","modified_gmt":"2020-04-25T14:26:30","slug":"ogloszenia-duszpasterskie-3-niedziela-wielkanocna-26-04-2020","status":"publish","type":"post","link":"http:\/\/parafia.scinawa.info\/index.php\/2020\/04\/25\/ogloszenia-duszpasterskie-3-niedziela-wielkanocna-26-04-2020\/","title":{"rendered":"Og\u0142oszenia duszpasterskie    3 Niedziela Wielkanocna        \u2013 26.04. 2020"},"content":{"rendered":"\n<p><strong>1.<\/strong>\nDzi\u015b prze\u017cywamy 3 Niedziel\u0119 Wielkanocn\u0105. W Polsce\nobchodzona jako Niedziela Biblijna. Msze \u015bw. wed\u0142ug porz\u0105dku niedzielnego.<\/p>\n\n\n\n<p><strong>Przypominam o dyspensie<\/strong> wydanej i podtrzymanej w mocy przez Biskupa\nLegnickiego od obowi\u0105zku uczestnictwa w niedzielnych i \u015bwi\u0105tecznych Mszach\n\u015awi\u0119tych. Osoby, kt\u00f3re z niej korzystaj\u0105, s\u0105 moralnie zobowi\u0105zane do zachowania\nduchowej \u0142\u0105czno\u015b\u0107 ze wsp\u00f3lnot\u0105 Ko\u015bcio\u0142a za po\u015brednictwem profesjonalnie\nprzygotowanych transmisji w \u015brodkach spo\u0142ecznego przekazu&nbsp; i do przyj\u0119cia komunii duchowej. <\/p>\n\n\n\n<p>Prosz\u0119 o wnikliwe zapoznanie\nsi\u0119 z nowym<strong> zarz\u0105dzeniem Biskupa\nLegnickiego w sprawie duszpasterstwa w\nstanie pandemii<\/strong> <strong>z 22 kwietnia\nbr. <\/strong>(zob. zak\u0142adka \u201ekomunikaty duszpasterskie\u201d na naszej stronie\nparafialnej). Dokumenty s\u0105 udost\u0119pnione na stronie diecezjalnej: <a href=\"http:\/\/www.diecezja.legnica.pl\">diecezja.legnica.pl<\/a>. Prosz\u0119 o\nzachowanie pos\u0142usze\u0144stwa wobec rozporz\u0105dze\u0144 w\u0142adz ko\u015bcielnych i pa\u0144stwowych. Na\nbie\u017c\u0105co \u015bled\u017amy nowe komunikaty i zarz\u0105dzenia, aby \u015bwiadomie i odpowiedzialnie chroni\u0107\nzdrowie swoje i bli\u017anich.<\/p>\n\n\n\n<p>Wed\u0142ug dotychczasowych ustale\u0144 i komunikat\u00f3w od poniedzia\u0142ku 20 kwietnia\nbr. w ko\u015bcio\u0142ach obowi\u0105zuje limit: <strong>1 osoba na 15 metr\u00f3w kwadratowych<\/strong>, <strong>nie\nwliczaj\u0105c ksi\u0119dza celebransa i us\u0142uguj\u0105cych mu do Mszy.<\/strong>&nbsp; <strong>W naszej Parafii wygl\u0105da to nast\u0119puj\u0105co: <\/strong><strong>w naszym ko\u015bciele z ch\u00f3rem mamy 750\nm<sup>2<\/sup> dlatego mo\u017ce uczestniczy\u0107 w liturgii <\/strong><strong>50 os\u00f3b wewn\u0105trz\nko\u015bcio\u0142a<\/strong><strong>,\na na zewn\u0105trz na placu inni z zachowaniem w\u0142a\u015bciwej odleg\u0142o\u015bci. Oczywi\u015bcie WIERNI\nW KO\u015aCIO\u0141ACH MUSZ\u0104 ZAS\u0141ANIA\u0106 USTA I NOS \u2013 podczas liturgii oraz poza ni\u0105.<\/strong><strong><\/strong><\/p>\n\n\n\n<p><strong>2<\/strong><strong>.<\/strong> Msze \u015bw. w\ntygodniu&nbsp; o <strong>7<sup>00<\/sup><\/strong> i <strong>18<sup>00<\/sup><\/strong>.&nbsp; <\/p>\n\n\n\n<p><strong>3<\/strong><strong>. <\/strong>Codziennie\nspowied\u017a i adoracja Naj\u015bwi\u0119tszego Sakramentu o godz. <strong>17<sup>00<\/sup>.<\/strong><\/p>\n\n\n\n<p><strong>4<\/strong><strong>. W poniedzia\u0142ek o&nbsp; 17<sup>30<\/sup> nabo\u017ce\u0144stwo do Bo\u017cego\nMi\u0142osierdzia. <\/strong>(Na stoliku pod ch\u00f3rem znajduj\u0105 si\u0119\nkartki, na kt\u00f3rych mo\u017cna wypisywa\u0107 pro\u015bby i podzi\u0119kowania, kt\u00f3re b\u0119dziemy\npoleca\u0107 Bo\u017cemu Mi\u0142osierdziu).<\/p>\n\n\n\n<p><strong>5.<\/strong><strong> <\/strong>W \u015brod\u0119 Nowenna\ndo NMP Nieustaj\u0105cej Pomocy o godz. <strong>17<sup>30<\/sup><\/strong>.<\/p>\n\n\n\n<p><strong>6.<\/strong>\nOd piatku &nbsp;codziennie nabo\u017ce\u0144stwa majowe\no <strong>17<sup>30<\/sup>.<\/strong><\/p>\n\n\n\n<p><strong>7.<\/strong><strong> <\/strong>W tym tygodniu obchodzimy:<strong><\/strong><\/p>\n\n\n\n<p>&#8211; w \u015brod\u0119 \u2013 \u015bwi\u0119to \u015bw.\nKatarzyny Siene\u0144skiej, dziewicy i doktora Ko\u015bcio\u0142a<\/p>\n\n\n\n<p>&#8211; w pi\u0105tek \u2013 wspomnienie dowolne \u015bw. J\u00f3zefa\nRobotnika. <\/p>\n\n\n\n<p><strong>8.<\/strong>\nW tym tygodniu obchodzimy tak\u017ce I pi\u0105tek i I sobot\u0119 miesi\u0105ca <\/p>\n\n\n\n<p><strong><em>W\nkwestii odwiedzin chorych z racji Pierwszego Pi\u0105tku, z uwagi na sta\u0142e\nzagro\u017cenie pandemi\u0105 koronawirusa, stosujemy si\u0119 do zarz\u0105dzenia Biskupa\nLegnickiego, kt\u00f3re stanowi, \u017ce pos\u0142ug\u0119 wobec chorych maj\u0105 pe\u0142ni\u0107 jedynie\nduchowni, udaj\u0105c si\u0119 do nich wy\u0142\u0105cznie w sytuacji zagro\u017cenia ich \u017cycia, przy\nzachowaniu nale\u017cytych zabezpiecze\u0144 przed zaka\u017ceniem.&nbsp; W przypadku os\u00f3b,\nkt\u00f3re s\u0105 odwiedzane co miesi\u0105c w ramach duszpasterstwa chorych, istnieje\nmo\u017cliwo\u015b\u0107 wizyty na wyra\u017an\u0105 pro\u015bb\u0119 tych os\u00f3b, przy wiedzy i zgodzie ich rodziny,\ni z zachowaniem wszelkich \u015brodk\u00f3w ostro\u017cno\u015bci.<\/em><\/strong><\/p>\n\n\n\n<p><strong><em>9.<\/em><\/strong><strong><em>\nUWAGA! W tym roku ze wzgl\u0119du na to, \u017ce dzie\u0144 3 maja przypada w IV\nNiedziel\u0119 Wielkanocn\u0105, kt\u00f3ra ma pierwsze\u0144stwo liturgiczne, UROCZYSTO\u015a\u0106 MATKI\nBO\u017bEJ KR\u00d3LOWEJ POLSKI zosta\u0142a przeniesiona za zgod\u0105 Stolicy Apostolskiej na\nsobot\u0119 2 maja. <\/em><\/strong>Msze \u015bw. w\nnaszej parafii godz.<strong>\n<\/strong>o\n<strong>8<sup>00<\/sup><\/strong> <strong>11<sup>00<\/sup><\/strong> i <strong>18<sup>00<\/sup>, w\nR\u0119szowie<\/strong> <strong>9<sup>30<\/sup><\/strong><\/p>\n\n\n\n<p><strong>10.<\/strong>\nW I sobot\u0119 miesi\u0105ca o godz. <strong>17<sup>00<\/sup><\/strong>\n<strong><em>nabo\u017ce\u0144stwo\nfatimskie po\u0142\u0105czone z majowym<\/em><\/strong>.<\/p>\n\n\n\n<p><strong>11<\/strong><strong>. <\/strong>W przysz\u0142\u0105 niedziel\u0119 obchodzimy 4 Niedziel\u0119 Wielkanocn\u0105\ni zarazem rozpoczniemy Tydzie\u0144 modlitw o powo\u0142ania do s\u0142u\u017cby Bo\u017cej w Ko\u015bciele<strong>.<\/strong><strong><em>\n<\/em><\/strong>Msze \u015bw. wed\u0142ug porz\u0105dku niedzielnego.<strong><em>\n229 Rocznica uchwalenia Konstytucji 3 maja<\/em><\/strong><strong>.\nUroczysta Msza \u015bw. w intencji Ojczyzny o godz. 11<sup>00<\/sup><\/strong>. Zmiana tajemnic \u017bywego R\u00f3\u017ca\u0144ca o <strong>10<sup>30<\/sup>.<\/strong><\/p>\n\n\n\n<p><strong>12<\/strong><strong>.<\/strong> Kancelaria\nczynna codziennie po Mszy \u015bw. wieczornej z wyj\u0105tkiem niedziel i \u015bwi\u0105t.<\/p>\n\n\n\n<p><strong>13<\/strong><strong>.<\/strong> Do nabycia jest\nprasa katolicka: Niedziela, R\u00f3\u017caniec. <\/p>\n\n\n\n<p><strong>14<\/strong><strong>.<\/strong> Dzi\u0119kuj\u0119\nwszystkim, kt\u00f3rzy w tym tygodniu sprz\u0105tali \u015bwi\u0105tyni\u0119 i przygotowali j\u0105 na nasze\nspotkanie eucharystyczne.<\/p>\n\n\n\n<p><strong>15<\/strong><strong>.<\/strong> Serdeczne B\u00f3g\nzap\u0142a\u0107 za ofiary sk\u0142adane na remonty w naszej parafii. <\/p>\n\n\n\n<p><strong>16<\/strong><strong>.<\/strong> Intencje mszalne,\nkalendarze parafialne.<\/p>\n\n\n\n<p><em>\u017byczymy mi\u0142ego\ntygodnia i obfitych \u0142ask Bo\u017cych.<\/em><\/p>\n","protected":false},"excerpt":{"rendered":"<p>1. Dzi\u015b prze\u017cywamy 3 Niedziel\u0119 Wielkanocn\u0105. W Polsce obchodzona jako Niedziela Biblijna. Msze \u015bw. wed\u0142ug porz\u0105dku niedzielnego. Przypominam o dyspensie wydanej i podtrzymanej w mocy przez Biskupa Legnickiego od obowi\u0105zku uczestnictwa w niedzielnych i \u015bwi\u0105tecznych Mszach \u015awi\u0119tych. Osoby, kt\u00f3re z niej korzystaj\u0105, s\u0105 moralnie zobowi\u0105zane do zachowania duchowej \u0142\u0105czno\u015b\u0107 ze&#8230; <a class=\"continue-reading-link\" href=\"http:\/\/parafia.scinawa.info\/index.php\/2020\/04\/25\/ogloszenia-duszpasterskie-3-niedziela-wielkanocna-26-04-2020\/\">Czytaj dalej <span class=\"meta-nav\">&rarr; <\/span><\/a><\/p>\n","protected":false},"author":2,"featured_media":0,"comment_status":"closed","ping_status":"closed","sticky":false,"template":"","format":"standard","meta":{"footnotes":""},"categories":[40],"tags":[],"class_list":["post-1404","post","type-post","status-publish","format-standard","hentry","category-ogloszenia-duszpasterskie"],"_links":{"self":[{"href":"http:\/\/parafia.scinawa.info\/index.php\/wp-json\/wp\/v2\/posts\/1404","targetHints":{"allow":["GET"]}}],"collection":[{"href":"http:\/\/parafia.scinawa.info\/index.php\/wp-json\/wp\/v2\/posts"}],"about":[{"href":"http:\/\/parafia.scinawa.info\/index.php\/wp-json\/wp\/v2\/types\/post"}],"author":[{"embeddable":true,"href":"http:\/\/parafia.scinawa.info\/index.php\/wp-json\/wp\/v2\/users\/2"}],"replies":[{"embeddable":true,"href":"http:\/\/parafia.scinawa.info\/index.php\/wp-json\/wp\/v2\/comments?post=1404"}],"version-history":[{"count":1,"href":"http:\/\/parafia.scinawa.info\/index.php\/wp-json\/wp\/v2\/posts\/1404\/revisions"}],"predecessor-version":[{"id":1405,"href":"http:\/\/parafia.scinawa.info\/index.php\/wp-json\/wp\/v2\/posts\/1404\/revisions\/1405"}],"wp:attachment":[{"href":"http:\/\/parafia.scinawa.info\/index.php\/wp-json\/wp\/v2\/media?parent=1404"}],"wp:term":[{"taxonomy":"category","embeddable":true,"href":"http:\/\/parafia.scinawa.info\/index.php\/wp-json\/wp\/v2\/categories?post=1404"},{"taxonomy":"post_tag","embeddable":true,"href":"http:\/\/parafia.scinawa.info\/index.php\/wp-json\/wp\/v2\/tags?post=1404"}],"curies":[{"name":"wp","href":"https:\/\/api.w.org\/{rel}","templated":true}]}}