{"id":1411,"date":"2020-04-25T19:04:03","date_gmt":"2020-04-25T17:04:03","guid":{"rendered":"http:\/\/parafia.scinawa.info\/?p=1411"},"modified":"2020-04-25T19:07:05","modified_gmt":"2020-04-25T17:07:05","slug":"zarzadzenie-w-sprawie-duszpasterstwa-w-stanie-pandemii-22-kwietnia-2020-roku","status":"publish","type":"post","link":"http:\/\/parafia.scinawa.info\/index.php\/2020\/04\/25\/zarzadzenie-w-sprawie-duszpasterstwa-w-stanie-pandemii-22-kwietnia-2020-roku\/","title":{"rendered":"ZARZ\u0104DZENIE w sprawie duszpasterstwa w stanie pandemii 22 kwietnia 2020 roku"},"content":{"rendered":"\n<p style=\"text-align:center\"><strong>I. EUCHARYSTIA<\/strong><\/p>\n\n\n\n<p>1. Podtrzymuj\u0119 do odwo\u0142ania\ndyspens\u0119 od obowi\u0105zku uczestnictwa w niedzielnej Mszy \u015bwi\u0119tej dla wszystkich\nwiernych diecezji legnickiej oraz innych os\u00f3b, kt\u00f3re w tym czasie przebywaj\u0105 na\njej terenie.<\/p>\n\n\n\n<p>2. Wed\u0142ug najnowszych\nrozporz\u0105dze\u0144 pa\u0144stwowych w ka\u017cdej Mszy \u015bwi\u0119tej i innych celebracjach mo\u017ce\nuczestniczy\u0107 1 osoba na 15 m<sup>2&nbsp;<\/sup>powierzchni danego ko\u015bcio\u0142a (w&nbsp;razie<br>\njakichkolwiek zmian w tej kwestii nale\u017cy stosowa\u0107 si\u0119 do\npodawanych przez Pa\u0144stwo zasad). Na drzwiach ko\u015bcio\u0142a, w gablotach i na\nstronach internetowych parafii nale\u017cy umie\u015bci\u0107 informacj\u0119 o powierzchni budynku\nko\u015bcielnego wraz ze wskazaniem liczby os\u00f3b, kt\u00f3re mog\u0105 uczestniczy\u0107 w obrz\u0119dach\nreligijnych, z wy\u0142\u0105czeniem celebransa<br>\ni us\u0142uguj\u0105cych. W ko\u015bciele nale\u017cy zaznaczy\u0107 miejsca, w\nkt\u00f3rych mog\u0105 si\u0119 znajdowa\u0107 uczestnicy liturgii przy zachowaniu w\u0142a\u015bciwej\nodleg\u0142o\u015bci.<\/p>\n\n\n\n<p>3. Wszelkiego rodzaju\nkaplice prywatne (zakonne, szpitalne itp.) maj\u0105 pozostawa\u0107 zamkni\u0119te dla os\u00f3b z\nzewn\u0105trz.<\/p>\n\n\n\n<p>4. Wierni maj\u0105 obowi\u0105zek\nzakrywania ust i nosa w obiektach kultu religijnego oraz&nbsp;w ich otoczeniu\nmask\u0105, maseczk\u0105 lub innym materia\u0142em (szal, chustka itp.), tak\u017ce podczas\ntrwania obrz\u0119d\u00f3w liturgicznych. Dotyczy to r\u00f3wnie\u017c us\u0142uguj\u0105cych (lektorzy,\nministranci itd.). Z tego obowi\u0105zku wy\u0142\u0105czeni s\u0105 jedynie duchowni oraz\norgani\u015bci, i to tylko w trakcie sprawowania kultu religijnego.<\/p>\n\n\n\n<p>5. W czasie Mszy \u015bw.\nkoncelebrowanej przygotowywanie kielicha, spo\u017cywanie z niego&nbsp;i puryfikacj\u0119\nnale\u017cy pozostawi\u0107 g\u0142\u00f3wnemu celebransowi. Komunia \u015bwi\u0119ta powinna przebiega\u0107 w\nten spos\u00f3b, \u017ce najpierw koncelebransi spo\u017cywaj\u0105 Cia\u0142o Pa\u0144skie zanurzone w\nkielichu Krwi Pa\u0144skiej, a dopiero po nich g\u0142\u00f3wny celebrans spo\u017cywa Krew Pa\u0144sk\u0105\nz kielicha i puryfikuje naczynia liturgiczne.<\/p>\n\n\n\n<p>6. Wiernym nale\u017cy umo\u017cliwi\u0107\nprzyjmowanie Komunii \u015bwi\u0119tej wed\u0142ug ich wyboru albo do ust, albo na r\u0119k\u0119, w\nnast\u0119puj\u0105cy spos\u00f3b. Je\u015bli do dyspozycji jest wi\u0119cej ni\u017c jeden szafarz Komunii\n\u015bwi\u0119tej, nale\u017cy jej udziela\u0107 w dw\u00f3ch rz\u0119dach b\u0105d\u017a w r\u00f3\u017cnych miejscach w\nko\u015bciele, z wyra\u017anym zaznaczeniem, gdzie Cia\u0142o Pa\u0144skie jest udzielane do ust, a\ngdzie na r\u0119k\u0119. W przypadku jednego szafarza najpierw nale\u017cy udzieli\u0107 Komunii\n\u015bwi\u0119tej osobom pragn\u0105cym przyj\u0105\u0107 j\u0105 na r\u0119k\u0119, a nast\u0119pnie tym, kt\u00f3rzy chc\u0105\nprzyj\u0105\u0107 j\u0105 do ust. Powy\u017cszych zasad nale\u017cy przestrzega\u0107 bezwzgl\u0119dnie, poniewa\u017c\njakiekolwiek mieszanie obu form ca\u0142kowicie pozbawia je sensowno\u015bci pod wzgl\u0119dem\nprofilaktyki zaka\u017ce\u0144.<\/p>\n\n\n\n<p>Przyst\u0119puj\u0105c do Komunii\n\u015bwi\u0119tej, wierni winni ods\u0142oni\u0107 usta, nie dotykaj\u0105c zewn\u0119trznej cz\u0119\u015bci maseczki\nlub innego elementu ochronnego, i po przyj\u0119ciu Cia\u0142a Pa\u0144skiego ponownie je\nzas\u0142oni\u0107.<\/p>\n\n\n\n<p>7. Przypominam wskazania\nKonferencji Episkopatu Polski, aby w aktualnej sytuacji nie udziela\u0107 Komunii\n\u015bwi\u0119tej pod obiema postaciami.<\/p>\n\n\n\n<p>8. Zach\u0119cam do korzystania\nze specjalnego formularza Mszy \u015bwi\u0119tej \u201eW czasie pandemii\u201d. Podtrzymuj\u0119\nwskazanie dotycz\u0105ce \u015bpiewu suplikacji na zako\u0144czenie ka\u017cdej Mszy \u015bwi\u0119tej z\npro\u015bb\u0105 o zachowanie od epidemii; w obliczu suszy i jej konsekwencji niech ten\nb\u0142agalny \u015bpiew stanie si\u0119 tak\u017ce nasz\u0105 modlitw\u0105 o deszcz.<\/p>\n\n\n\n<p>9. Osoby niepe\u0142noletnie,\nczyli przed 18. rokiem \u017cycia, mog\u0105 by\u0107 dopuszczane do s\u0142u\u017cby przy o\u0142tarzu na\npodstawie pisemnej zgody rodzic\u00f3w\/opiekun\u00f3w z\u0142o\u017conej u Ksi\u0119dza Proboszcza.\nOsoby poni\u017cej 13 roku \u017cycia musz\u0105 znajdowa\u0107 si\u0119 w ko\u015bciele pod opiek\u0105 doros\u0142ej\nosoby. Zalecam, aby liturgie by\u0142y sprawowane przy zaanga\u017cowaniu minimalnej\nliczby os\u00f3b pos\u0142uguj\u0105cych.<\/p>\n\n\n\n<p>10. Nale\u017cy szczeg\u00f3lnie dba\u0107\no zasady higieny i my\u0107 dok\u0142adnie r\u0119ce przed ka\u017cd\u0105 czynno\u015bci\u0105 liturgiczn\u0105; bezwzgl\u0119dnie\npowinno si\u0119 zdezynfekowa\u0107 d\u0142onie tak\u017ce podczas liturgii, bezpo\u015brednio przed\nrozdzielaniem Komunii \u015bwi\u0119tej.<\/p>\n\n\n\n<p style=\"text-align:center\"><strong>II. SAKRAMENT POKUTY I POJEDNANIA<\/strong><\/p>\n\n\n\n<p>1. Wiernym nale\u017cy umo\u017cliwi\u0107\nprzyst\u0105pienie do Sakramentu Pokuty przy zachowaniu nale\u017cytych zabezpiecze\u0144\nprzed zaka\u017ceniem.<\/p>\n\n\n\n<p>2. Nale\u017cy zrezygnowa\u0107 ze\nspowiedzi w zamkni\u0119tych konfesjona\u0142ach, przenosz\u0105c j\u0105 do kaplic bocznych czy\ninnych podobnych pomieszcze\u0144, odpowiednio wietrzonych, a je\u015bli ich nie ma, w\notwarte miejsca w ko\u015bciele. Tam nale\u017cy spowiada\u0107, je\u015bli to mo\u017cliwe, przy\nkl\u0119czniku z krat\u0105 os\u0142oni\u0119t\u0105 solidn\u0105 foli\u0105 ochronn\u0105. Kl\u0119cznik i krata z foli\u0105\npowinny by\u0107 cz\u0119sto dezynfekowane.<\/p>\n\n\n\n<p>3. Nie tylko penitent, ale\ntak\u017ce szafarz Sakramentu Pokuty w czasie jego sprawowania ma mie\u0107 zas\u0142oni\u0119te\nusta i nos.<\/p>\n\n\n\n<p style=\"text-align:center\"><strong>III. POS\u0141UGA WSR\u00d3D CHORYCH<\/strong><\/p>\n\n\n\n<p>1. Pos\u0142ug\u0119 wobec chorych\nmaj\u0105 pe\u0142ni\u0107 jedynie duchowni, udaj\u0105c si\u0119 do nich wy\u0142\u0105cznie&nbsp;w sytuacji\nzagro\u017cenia ich \u017cycia, przy zachowaniu nale\u017cytych zabezpiecze\u0144 przed\nzaka\u017ceniem.&nbsp;<\/p>\n\n\n\n<p>2. W przypadku os\u00f3b, kt\u00f3re\ns\u0105 odwiedzane co miesi\u0105c w ramach parafialnego duszpasterstwa chorych, istnieje\nmo\u017cliwo\u015b\u0107 regularnych wizyt \u2013 na wyra\u017an\u0105 pro\u015bb\u0119 tych os\u00f3b i z zachowaniem\nwszelkich \u015brodk\u00f3w ostro\u017cno\u015bci.<\/p>\n\n\n\n<p style=\"text-align:center\"><strong>IV. OBRZ\u0118DY POGRZEBU<\/strong><\/p>\n\n\n\n<p>1. Sprawowanie pogrzeb\u00f3w ma\nodbywa\u0107 si\u0119 w nast\u0119puj\u0105cy spos\u00f3b, w zale\u017cno\u015bci od ustale\u0144 z rodzin\u0105:<\/p>\n\n\n\n<p>a. Msza pogrzebowa jest\ncelebrowana w ko\u015bciele bez cia\u0142a zmar\u0142ego;<\/p>\n\n\n\n<p>b. Msza \u015bwi\u0119ta za zmar\u0142ego\njest celebrowana w p\u00f3\u017aniejszym terminie.<\/p>\n\n\n\n<p>2. W dalszej cz\u0119\u015bci\nobrz\u0119d\u00f3w nale\u017cy w porozumieniu z rodzin\u0105 oraz zarz\u0105dc\u0105 kaplicy cmentarnej zastosowa\u0107\njeden z wariant\u00f3w:<\/p>\n\n\n\n<p>a. trzecia forma pogrzebu \u2013\nstacja tylko na cmentarzu, bez wchodzenia do cmentarnej kaplicy;<\/p>\n\n\n\n<p>b. druga forma pogrzebu \u2013\nstacja w kaplicy cmentarnej (bez Mszy \u015bwi\u0119tej) z zachowaniem wszelkich norm\npa\u0144stwowych (patrz: ust. I, pkt. 2).<\/p>\n\n\n\n<p>3. W obrz\u0119dach ostatniego\npo\u017cegnania powinna uczestniczy\u0107 jedynie rodzina zmar\u0142ego, przy czym liczba os\u00f3b\ntego zgromadzenia nie mo\u017ce przekracza\u0107 pi\u0119\u0107dziesi\u0119ciu (z wy\u0142\u0105czeniem os\u00f3b\npodejmuj\u0105cych pos\u0142ug\u0119 liturgiczn\u0105 i cmentarn\u0105).<\/p>\n\n\n\n<p style=\"text-align:center\"><strong>V. CHRZEST \u015aWI\u0118TY<\/strong><\/p>\n\n\n\n<p>Decyzje zwi\u0105zane z\nudzielaniem sakramentu chrztu pozostawiam roztropnej ocenie duszpasterzy.\nZwracam uwag\u0119 na zachowanie zasad higieny i wszelkich aktualnych norm\nwprowadzonych przez w\u0142adze \u015bwieckie i ko\u015bcielne.<\/p>\n\n\n\n<p style=\"text-align:center\"><strong>VI. PIERWSZA KOMUNIA \u015aWI\u0118TA<\/strong><\/p>\n\n\n\n<p>1. Zbiorowe uroczysto\u015bci\nPierwszej Komunii \u015awi\u0119tej pozostaj\u0105 odwo\u0142ane do momentu&nbsp;powrotu dzieci do\nszk\u00f3\u0142, kiedy to Ksi\u0105dz Proboszcz, po wys\u0142uchaniu g\u0142os\u00f3w rodzic\u00f3w, podejmie\nostateczn\u0105 decyzj\u0105 w sprawie nowego terminu uroczysto\u015bci.<\/p>\n\n\n\n<p>2. Istnieje r\u00f3wnie\u017c\nmo\u017cliwo\u015b\u0107 udzielenia Pierwszej Komunii \u015awi\u0119tej indywidualnie, na wyra\u017an\u0105 pro\u015bb\u0119\nrodzic\u00f3w. Takie uroczysto\u015bci mog\u0105 odbywa\u0107 si\u0119 r\u00f3wnie\u017c poza niedziel\u0105. Dotyczy\nto jednego dziecka (chyba \u017ce do Pierwszej Komunii przyst\u0119puje\nrodze\u0144stwo),&nbsp;w liturgii bior\u0105 udzia\u0142 jego rodzice\/opiekunowie oraz\nrodzina, z zachowaniem aktualnych norm rozporz\u0105dzenia o liczbie os\u00f3b w\nko\u015bciele.<\/p>\n\n\n\n<p style=\"text-align:center\"><strong>VII. BIERZMOWANIE<\/strong><\/p>\n\n\n\n<p>Udzielanie sakramentu\nbierzmowania pozostaje zawieszone do momentu powrotu dzieci&nbsp;i m\u0142odzie\u017cy do\nszk\u00f3\u0142.<\/p>\n\n\n\n<p style=\"text-align:center\"><strong>VIII. SAKRAMENT MA\u0141\u017bE\u0143STWA<\/strong><\/p>\n\n\n\n<p>Diecezjalne Duszpasterstwo\nRodzin organizuje seri\u0119&nbsp;internetowych katechez przedma\u0142\u017ce\u0144skich,\nprzygotowuj\u0105cych do sakramentu ma\u0142\u017ce\u0144stwa. Ta forma kursu przeznaczona jest\ntylko dla narzeczonych z terenu naszej diecezji, kt\u00f3rzy planuj\u0105 zawarcie\nsakramentu ma\u0142\u017ce\u0144stwa przed 1 pa\u017adziernika tego roku.<\/p>\n\n\n\n<p>Zg\u0142oszenia przyjmuje\ndiecezjalny duszpasterz rodzin ks. dr Mariusz Habiniak (tel. 76-724-41-12,\ne-mail:&nbsp;<a href=\"mailto:rodzina@diecezja.legnica.pl\">rodzina@diecezja.legnica.pl<\/a>)<\/p>\n\n\n\n<p style=\"text-align:center\"><strong>IX. \u015aWI\u0118CENIA DIAKONATU I PREZBITERATU<\/strong><\/p>\n\n\n\n<p>1. Termin \u015bwi\u0119ce\u0144 diakonatu\nzosta\u0142 przeniesiony na 6 czerwca 2020 roku.<\/p>\n\n\n\n<p>2. Gdy nie zaistnieje jaka\u015b\nprzeszkoda, \u015bwi\u0119cenia prezbiteratu odb\u0119d\u0105 si\u0119 w wyznaczonym wcze\u015bniej terminie,\ntzn. 23 maja 2020 roku, w katedrze legnickiej. Jednak&nbsp;w zwi\u0105zku z\naktualnymi ograniczeniami w uroczysto\u015bci b\u0119d\u0105 mogli wzi\u0105\u0107 udzia\u0142 tylko kap\u0142ani,\nosoby konsekrowane i \u015bwieccy, kt\u00f3rzy wcze\u015bniej otrzymaj\u0105 imienne zaproszenia na\nt\u0119 liturgi\u0119 w katedrze. Pozostali wierni b\u0119d\u0105 mieli mo\u017cliwo\u015b\u0107 uczestniczenia w\nuroczysto\u015bci dzi\u0119ki transmisji internetowej.<\/p>\n\n\n\n<p style=\"text-align:center\"><strong>X. DODATKOWE INFORMACJE<\/strong><\/p>\n\n\n\n<p>1. Przywracam mo\u017cliwo\u015b\u0107\nsprawowania dodatkowych nabo\u017ce\u0144stw, kt\u00f3re s\u0105 organizowane w poszczeg\u00f3lnych\nparafiach poza Msz\u0105 \u015bwi\u0119t\u0105 jako wyraz pobo\u017cno\u015bci ludowej. Pod wzgl\u0119dem\nliczebno\u015bci gromadz\u0105cych si\u0119 na nabo\u017ce\u0144stwach obowi\u0105zuj\u0105 takie same zasady, jak\npodczas Mszy \u015bwi\u0119tej (zob. p. I. 2.).<\/p>\n\n\n\n<p>2. Zezwalam, aby wierni\nmogli uzyskiwa\u0107 odpusty zupe\u0142ne zwi\u0105zane z nawiedzaniem&nbsp;ko\u015bcio\u0142\u00f3w i kaplic\nnaszej diecezji w uroczysto\u015b\u0107 ich tytu\u0142\u00f3w, a je\u015bli z racji ogranicze\u0144 w\nsprawowaniu sakrament\u00f3w wskutek pandemii i wprowadzonego stanu zagro\u017cenia\nepidemicznego nie b\u0119d\u0105 mieli mo\u017cliwo\u015bci przyst\u0105pienia do spowiedzi oraz\nprzyj\u0119cia Komunii \u015bwi\u0119tej, mog\u0105 uzyska\u0107 odpust zupe\u0142ny po wzbudzeniu&nbsp;w\nsobie \u017calu doskona\u0142ego oraz postanowienia przyst\u0105pienia do tych\u017ce sakrament\u00f3w w\nnajbli\u017cszym mo\u017cliwym czasie. Nale\u017cy r\u00f3wnie\u017c odm\u00f3wi\u0107 pobo\u017cnie&nbsp;<em>Ojcze nasz<\/em>&nbsp;oraz&nbsp;<em>Wierz\u0119&nbsp;<\/em>(<em>Wykaz odpust\u00f3w<\/em>, nr 33 \u00a71).<\/p>\n\n\n\n<p>3. Przypominam, \u017ce w mocy\npozostaj\u0105 wszelkie dokumenty wydane przez Stolic\u0119 Apostolsk\u0105 oraz Konferencj\u0119\nEpiskopatu Polski, reguluj\u0105ce kwestie odpust\u00f3w, szczeg\u00f3\u0142owego uczestnictwa w\nMszy \u015bwi\u0119tej etc.<\/p>\n\n\n\n<p>4. Prosz\u0119 wszystkich\nDuszpasterzy, by je\u015bli to mo\u017cliwe, organizowali transmisje internetowe z Mszy\n\u015bwi\u0119tych oraz nabo\u017ce\u0144stw, umo\u017cliwiaj\u0105c wiernym duchowy udzia\u0142&nbsp;w liturgii.\nJednocze\u015bnie do\u0142\u0105czam do apelu Papie\u017ca Franciszka, by\u015bmy pami\u0119tali, \u017ce \u201eKo\u015bci\u00f3\u0142\ni sakramenty to co\u015b konkretnego, a nie rzeczywisto\u015b\u0107 wirtualna\u201d.<\/p>\n\n\n\n<p>5. Zach\u0119cam kap\u0142an\u00f3w oraz\nosoby konsekrowane do dalszego trwania w jedno\u015bci na modlitwie r\u00f3\u017ca\u0144cowej w\nintencji ustania pandemii.<\/p>\n\n\n\n<p>6. Do odwo\u0142ania pozostaj\u0105\nzawieszone wszelkiego rodzaju procesje.<\/p>\n\n\n\n<p>7. Do odwo\u0142ania wstrzymane\ns\u0105 wszelkie spotkania wsp\u00f3lnot, ruch\u00f3w i grup dzia\u0142aj\u0105cych przy parafiach\ndiecezji legnickiej.<\/p>\n\n\n\n<p>8. Do odwo\u0142ania zostaj\u0105\nwstrzymane wizytacje kanoniczne.<\/p>\n\n\n\n<p>9. Legnicka Kuria Biskupia\npodejmuj\u0119 prac\u0119 wewn\u0119trzn\u0105 od poniedzia\u0142ku do pi\u0105tku&nbsp;w godz. od 9.00 do\n14.00. W tych godzinach kap\u0142ani mog\u0105 przychodzi\u0107 do Kurii (jedynie) w pilnych\nsprawach, kt\u00f3rych nie mo\u017cna podj\u0105\u0107 inaczej, jak tylko bezpo\u015brednio.<\/p>\n\n\n\n<p>10. Gdy do kancelarii\nparafialnej przychodz\u0105 interesanci, zar\u00f3wno oni, jak i pracownicy kancelarii\nmaj\u0105 mie\u0107 zas\u0142oni\u0119te usta i nos.<\/p>\n\n\n\n<p>11. Zalecam wi\u0119ksze\nstaranie o utrzymanie czysto\u015bci w ko\u015bcio\u0142ach i kaplicach przez cz\u0119stsz\u0105\ndezynfekcj\u0119, zw\u0142aszcza gdy chodzi o przedmioty i miejsca cz\u0119sto dotykane:\n\u0142awki, kl\u0119czniki, klamki, w\u0142\u0105czniki \u015bwiat\u0142a itp.<\/p>\n\n\n\n<p>12. Duchowni, kt\u00f3rzy\newentualnie zostan\u0105 obj\u0119ci kwarantann\u0105, s\u0105 zobowi\u0105zani zg\u0142osi\u0107 ten fakt do\nKurii natychmiast po wydaniu decyzji przez kompetentne w\u0142adze pa\u0144stwowe.<\/p>\n\n\n\n<p>13. Zalecam, aby ka\u017cda z\nos\u00f3b pos\u0142uguj\u0105cych, (tzn. duchowni, osoby konsekrowane&nbsp;i \u015bwieccy) na\nterenie diecezji legnickiej zapozna\u0142a si\u0119 z obowi\u0105zuj\u0105cymi przepisami wydanymi\nprzez w\u0142adze pa\u0144stwowe, sanitarne i ko\u015bcielne.<\/p>\n\n\n\n<p>14. Prosz\u0119, aby Ksi\u0119\u017ca\nwobec zagro\u017cenia niekontrolowanym rozprzestrzenianiem si\u0119 koronawirusa\nwystrzegali si\u0119 skrajno\u015bci w postawach i wypowiedziach oraz unikali tworzenia\natmosfery strachu i paniki, jak r\u00f3wnie\u017c lekcewa\u017cenia powagi sytuacji. B\u0105d\u017amy\ndla innych wzorem i umocnieniem w stosowaniu si\u0119 do zalece\u0144 w\u0142adz pa\u0144stwowych,\nsamorz\u0105dowych, sanitarnych i ko\u015bcielnych.<\/p>\n\n\n\n<p>15. W razie jakichkolwiek\nw\u0105tpliwo\u015bci czy trudno\u015bci interpretacyjnych w rozumieniu zapis\u00f3w niniejszego\nZarz\u0105dzenia nale\u017cy zwr\u00f3ci\u0107 si\u0119 \u2013 w mailu lub telefonicznie \u2013 do Biskupa\nLegnickiego, do kt\u00f3rego nale\u017cy autentyczna interpretacja wydawanego przez niego\nprawa, lub do tych, kt\u00f3rym w tej szczeg\u00f3lnej sytuacji j\u0105 powierzy\u0142, tj. do\nSekretarza Biskupa Legnickiego oraz Dyrektora Wydzia\u0142u Duszpasterskiego.<\/p>\n\n\n\n<p>16. Przedstawiony dokument\nnale\u017cy umie\u015bci\u0107 w gablotach parafialnych oraz na stronie internetowej parafii.\nPowy\u017csze wskazania mog\u0105 ulec modyfikacji w zale\u017cno\u015bci od rozwoju sytuacji\nzwi\u0105zanej z pandemi\u0105.<\/p>\n\n\n\n<p>Trac\u0105 moc wcze\u015bniejsze\nzarz\u0105dzenia w tej samej sprawie: z dnia 13 marca 2020 r. (580\/SBL\/2020); z dnia\n17 marca 2020 roku (ldz. 588\/SBL\/2020); z dnia 27 marca 2020&nbsp;r. (ldz.\n611\/SBL\/2020).<\/p>\n\n\n\n<p style=\"text-align:center\">W tym trudnym czasie modl\u0119 si\u0119 za ca\u0142\u0105 nasz\u0105 Wsp\u00f3lnot\u0119 diecezjaln\u0105<br>\ni wszystkim z serca b\u0142ogos\u0142awi\u0119<\/p>\n\n\n\n<p style=\"text-align:center\"><em>Wasz Biskup<\/em><\/p>\n\n\n\n<figure class=\"wp-block-image\"><img loading=\"lazy\" decoding=\"async\" width=\"736\" height=\"244\" src=\"http:\/\/parafia.scinawa.info\/wp-content\/uploads\/2020\/04\/Zrzut-ekranu-2020-04-7-o-15.55.03.png\" alt=\"\" class=\"wp-image-1414\" srcset=\"http:\/\/parafia.scinawa.info\/wp-content\/uploads\/2020\/04\/Zrzut-ekranu-2020-04-7-o-15.55.03.png 736w, http:\/\/parafia.scinawa.info\/wp-content\/uploads\/2020\/04\/Zrzut-ekranu-2020-04-7-o-15.55.03-300x99.png 300w, http:\/\/parafia.scinawa.info\/wp-content\/uploads\/2020\/04\/Zrzut-ekranu-2020-04-7-o-15.55.03-150x50.png 150w, http:\/\/parafia.scinawa.info\/wp-content\/uploads\/2020\/04\/Zrzut-ekranu-2020-04-7-o-15.55.03-250x83.png 250w\" sizes=\"auto, (max-width: 736px) 100vw, 736px\" \/><\/figure>\n","protected":false},"excerpt":{"rendered":"<p>I. EUCHARYSTIA 1. Podtrzymuj\u0119 do odwo\u0142ania dyspens\u0119 od obowi\u0105zku uczestnictwa w niedzielnej Mszy \u015bwi\u0119tej dla wszystkich wiernych diecezji legnickiej oraz innych os\u00f3b, kt\u00f3re w tym czasie przebywaj\u0105 na jej terenie. 2. Wed\u0142ug najnowszych rozporz\u0105dze\u0144 pa\u0144stwowych w ka\u017cdej Mszy \u015bwi\u0119tej i innych celebracjach mo\u017ce uczestniczy\u0107 1 osoba na 15 m2&nbsp;powierzchni danego&#8230; <a class=\"continue-reading-link\" href=\"http:\/\/parafia.scinawa.info\/index.php\/2020\/04\/25\/zarzadzenie-w-sprawie-duszpasterstwa-w-stanie-pandemii-22-kwietnia-2020-roku\/\">Czytaj dalej <span class=\"meta-nav\">&rarr; <\/span><\/a><\/p>\n","protected":false},"author":1,"featured_media":0,"comment_status":"closed","ping_status":"closed","sticky":false,"template":"","format":"standard","meta":{"footnotes":""},"categories":[41],"tags":[],"class_list":["post-1411","post","type-post","status-publish","format-standard","hentry","category-komunikaty-duszpasterskie"],"_links":{"self":[{"href":"http:\/\/parafia.scinawa.info\/index.php\/wp-json\/wp\/v2\/posts\/1411","targetHints":{"allow":["GET"]}}],"collection":[{"href":"http:\/\/parafia.scinawa.info\/index.php\/wp-json\/wp\/v2\/posts"}],"about":[{"href":"http:\/\/parafia.scinawa.info\/index.php\/wp-json\/wp\/v2\/types\/post"}],"author":[{"embeddable":true,"href":"http:\/\/parafia.scinawa.info\/index.php\/wp-json\/wp\/v2\/users\/1"}],"replies":[{"embeddable":true,"href":"http:\/\/parafia.scinawa.info\/index.php\/wp-json\/wp\/v2\/comments?post=1411"}],"version-history":[{"count":4,"href":"http:\/\/parafia.scinawa.info\/index.php\/wp-json\/wp\/v2\/posts\/1411\/revisions"}],"predecessor-version":[{"id":1416,"href":"http:\/\/parafia.scinawa.info\/index.php\/wp-json\/wp\/v2\/posts\/1411\/revisions\/1416"}],"wp:attachment":[{"href":"http:\/\/parafia.scinawa.info\/index.php\/wp-json\/wp\/v2\/media?parent=1411"}],"wp:term":[{"taxonomy":"category","embeddable":true,"href":"http:\/\/parafia.scinawa.info\/index.php\/wp-json\/wp\/v2\/categories?post=1411"},{"taxonomy":"post_tag","embeddable":true,"href":"http:\/\/parafia.scinawa.info\/index.php\/wp-json\/wp\/v2\/tags?post=1411"}],"curies":[{"name":"wp","href":"https:\/\/api.w.org\/{rel}","templated":true}]}}