{"id":1420,"date":"2020-05-03T16:50:14","date_gmt":"2020-05-03T14:50:14","guid":{"rendered":"http:\/\/parafia.scinawa.info\/?p=1420"},"modified":"2020-05-03T16:52:52","modified_gmt":"2020-05-03T14:52:52","slug":"4-niedziela-wielkanocna-03-05-2020","status":"publish","type":"post","link":"http:\/\/parafia.scinawa.info\/index.php\/2020\/05\/03\/4-niedziela-wielkanocna-03-05-2020\/","title":{"rendered":"Og\u0142oszenia duszpasterskie    4 Niedziela Wielkanocna \u2013 03.05. 2020"},"content":{"rendered":"\n<p>&nbsp; &nbsp;&nbsp;&nbsp;&nbsp;&nbsp;&nbsp; <strong>W\n<\/strong><strong>naszym ko\u015bciele z\nch\u00f3rem mo\u017ce uczestniczy\u0107 w liturgii<\/strong><\/p>\n\n\n\n<p><strong>&nbsp;<\/strong><strong>65\nos\u00f3b wewn\u0105trz ko\u015bcio\u0142a<\/strong><strong>,\na na zewn\u0105trz na placu inni z zachowaniem w\u0142a\u015bciwej odleg\u0142o\u015bci. Oczywi\u015bcie WIERNI\nW KO\u015aCIO\u0141ACH MUSZ\u0104 ZAS\u0141ANIA\u0106 USTA I NOS \u2013 podczas liturgii oraz poza ni\u0105.<\/strong><\/p>\n\n\n\n<p><strong>1.<\/strong>\nDzi\u015b prze\u017cywamy 4 Niedziel\u0119 Wielkanocn\u0105 i zarazem rozpoczniemy\nTydzie\u0144 modlitw o powo\u0142ania do s\u0142u\u017cby Bo\u017cej w Ko\u015bciele<strong>.<\/strong><strong><em>\n<\/em><\/strong>Msze \u015bw. wed\u0142ug porz\u0105dku niedzielnego.<strong><em>\n229 Rocznica uchwalenia Konstytucji 3 maja<\/em><\/strong><strong>.\nMsza \u015bw. w intencji Ojczyzny o godz. 11<sup>00<\/sup><\/strong>. <\/p>\n\n\n\n<p><strong>2.<\/strong><strong> <\/strong>Zmiana tajemnic\n\u017bywego R\u00f3\u017ca\u0144ca o <strong>10<sup>30<\/sup>.<\/strong><\/p>\n\n\n\n<p><strong>3<\/strong><strong>.<\/strong> Msze \u015bw. w\ntygodniu&nbsp; o <strong>7<sup>00<\/sup><\/strong> i <strong>18<sup>00<\/sup><\/strong>.&nbsp; <\/p>\n\n\n\n<p><strong>4<\/strong><strong>. <\/strong>Codziennie\nspowied\u017a i adoracja Naj\u015bwi\u0119tszego Sakramentu o godz. <strong>17<sup>00<\/sup>, <\/strong>anabo\u017ce\u0144stwa majowe o <strong>17<sup>30<\/sup>.<\/strong><\/p>\n\n\n\n<p><strong>5.<\/strong><strong> <\/strong>W tym tygodniu obchodzimy:<strong><\/strong><\/p>\n\n\n\n<p>&#8211; w poniedzia\u0142ek \u2013 wspomnienie \u015bw. Floriana,\nm\u0119czennika<\/p>\n\n\n\n<p>&#8211; w \u015brod\u0119 \u2013 \u015bwi\u0119to \u015bw. Aposto\u0142\u00f3w\nFilipa i Jakuba <\/p>\n\n\n\n<p>&#8211; w pi\u0105tek \u2013 uroczysto\u015b\u0107 \u015aw. Stanis\u0142awa,\nbiskupa i m\u0119czennika, g\u0142\u00f3wnego patrona Polski<\/p>\n\n\n\n<p><strong>6<\/strong><strong>. <\/strong>W przysz\u0142\u0105 niedziel\u0119 obchodzimy 5 Niedziel\u0119 Wielkanocn\u0105\nMsze \u015bw. wed\u0142ug porz\u0105dku niedzielnego.<strong><\/strong><\/p>\n\n\n\n<p><strong>7<\/strong><strong>.<\/strong> Kancelaria\nczynna codziennie po Mszy \u015bw. wieczornej z wyj\u0105tkiem niedziel i \u015bwi\u0105t.<\/p>\n\n\n\n<p><strong>8<\/strong><strong>.<\/strong> Do nabycia jest\nprasa katolicka: Niedziela, R\u00f3\u017caniec. <\/p>\n\n\n\n<p><strong>9<\/strong><strong>.<\/strong> Dzi\u0119kuj\u0119\nwszystkim, kt\u00f3rzy w tym tygodniu sprz\u0105tali \u015bwi\u0105tyni\u0119 i przygotowali j\u0105 na nasze\nspotkanie eucharystyczne.<\/p>\n\n\n\n<p><strong>10<\/strong><strong>.<\/strong> Serdeczne B\u00f3g\nzap\u0142a\u0107 za ofiary sk\u0142adane na remonty w naszej parafii. <\/p>\n\n\n\n<p><strong>11<\/strong><strong>.<\/strong> Intencje mszalne,\nkalendarze parafialne.<\/p>\n\n\n\n<p><em>\u017byczymy mi\u0142ego\ntygodnia i obfitych \u0142ask Bo\u017cych.<\/em><\/p>\n","protected":false},"excerpt":{"rendered":"<p>&nbsp; &nbsp;&nbsp;&nbsp;&nbsp;&nbsp;&nbsp; W naszym ko\u015bciele z ch\u00f3rem mo\u017ce uczestniczy\u0107 w liturgii &nbsp;65 os\u00f3b wewn\u0105trz ko\u015bcio\u0142a, a na zewn\u0105trz na placu inni z zachowaniem w\u0142a\u015bciwej odleg\u0142o\u015bci. Oczywi\u015bcie WIERNI W KO\u015aCIO\u0141ACH MUSZ\u0104 ZAS\u0141ANIA\u0106 USTA I NOS \u2013 podczas liturgii oraz poza ni\u0105. 1. Dzi\u015b prze\u017cywamy 4 Niedziel\u0119 Wielkanocn\u0105 i zarazem rozpoczniemy Tydzie\u0144&#8230; <a class=\"continue-reading-link\" href=\"http:\/\/parafia.scinawa.info\/index.php\/2020\/05\/03\/4-niedziela-wielkanocna-03-05-2020\/\">Czytaj dalej <span class=\"meta-nav\">&rarr; <\/span><\/a><\/p>\n","protected":false},"author":2,"featured_media":0,"comment_status":"closed","ping_status":"closed","sticky":false,"template":"","format":"standard","meta":{"footnotes":""},"categories":[40],"tags":[],"class_list":["post-1420","post","type-post","status-publish","format-standard","hentry","category-ogloszenia-duszpasterskie"],"_links":{"self":[{"href":"http:\/\/parafia.scinawa.info\/index.php\/wp-json\/wp\/v2\/posts\/1420","targetHints":{"allow":["GET"]}}],"collection":[{"href":"http:\/\/parafia.scinawa.info\/index.php\/wp-json\/wp\/v2\/posts"}],"about":[{"href":"http:\/\/parafia.scinawa.info\/index.php\/wp-json\/wp\/v2\/types\/post"}],"author":[{"embeddable":true,"href":"http:\/\/parafia.scinawa.info\/index.php\/wp-json\/wp\/v2\/users\/2"}],"replies":[{"embeddable":true,"href":"http:\/\/parafia.scinawa.info\/index.php\/wp-json\/wp\/v2\/comments?post=1420"}],"version-history":[{"count":2,"href":"http:\/\/parafia.scinawa.info\/index.php\/wp-json\/wp\/v2\/posts\/1420\/revisions"}],"predecessor-version":[{"id":1424,"href":"http:\/\/parafia.scinawa.info\/index.php\/wp-json\/wp\/v2\/posts\/1420\/revisions\/1424"}],"wp:attachment":[{"href":"http:\/\/parafia.scinawa.info\/index.php\/wp-json\/wp\/v2\/media?parent=1420"}],"wp:term":[{"taxonomy":"category","embeddable":true,"href":"http:\/\/parafia.scinawa.info\/index.php\/wp-json\/wp\/v2\/categories?post=1420"},{"taxonomy":"post_tag","embeddable":true,"href":"http:\/\/parafia.scinawa.info\/index.php\/wp-json\/wp\/v2\/tags?post=1420"}],"curies":[{"name":"wp","href":"https:\/\/api.w.org\/{rel}","templated":true}]}}