{"id":1434,"date":"2020-05-16T23:19:56","date_gmt":"2020-05-16T21:19:56","guid":{"rendered":"http:\/\/parafia.scinawa.info\/?p=1434"},"modified":"2020-05-16T23:19:56","modified_gmt":"2020-05-16T21:19:56","slug":"zarzadzenie-od-17-05-2020","status":"publish","type":"post","link":"http:\/\/parafia.scinawa.info\/index.php\/2020\/05\/16\/zarzadzenie-od-17-05-2020\/","title":{"rendered":"Zarz\u0105dzenie od 17.05.2020"},"content":{"rendered":"\n<p>Wed\u0142ug ustale\u0144 i komunikat\u00f3w w ko\u015bcio\u0142ach obowi\u0105zuje limit: <strong>1 osoba na\n10 m<sup>2<\/sup><\/strong>, <strong>nie wliczaj\u0105c ksi\u0119dza celebransa i us\u0142uguj\u0105cych mu do\nMszy.<\/strong>&nbsp; <strong>W <\/strong><strong>naszym ko\u015bciele mo\u017ce uczestniczy\u0107 w\nliturgii <\/strong><\/p>\n\n\n\n<p class=\"has-large-font-size\"><strong>110<\/strong><strong> <\/strong><strong>os\u00f3b wewn\u0105trz ko\u015bcio\u0142a<\/strong><strong>,<\/strong><strong><\/strong><\/p>\n\n\n\n<p><strong>a\nna zewn\u0105trz na placu<\/strong><strong>\n<\/strong><strong>inni ch\u0119tni<\/strong><strong> <\/strong><strong>z\nzachowaniem w\u0142a\u015bciwej odleg\u0142o\u015bci. Oczywi\u015bcie WIERNI W KO\u015aCIO\u0141ACH MUSZ\u0104\nZAS\u0141ANIA\u0106 USTA I NOS \u2013 podczas liturgii oraz poza ni\u0105.<\/strong><strong><\/strong><\/p>\n","protected":false},"excerpt":{"rendered":"<p>Wed\u0142ug ustale\u0144 i komunikat\u00f3w w ko\u015bcio\u0142ach obowi\u0105zuje limit: 1 osoba na 10 m2, nie wliczaj\u0105c ksi\u0119dza celebransa i us\u0142uguj\u0105cych mu do Mszy.&nbsp; W naszym ko\u015bciele mo\u017ce uczestniczy\u0107 w liturgii 110 os\u00f3b wewn\u0105trz ko\u015bcio\u0142a, a na zewn\u0105trz na placu inni ch\u0119tni z zachowaniem w\u0142a\u015bciwej odleg\u0142o\u015bci. Oczywi\u015bcie WIERNI W KO\u015aCIO\u0141ACH MUSZ\u0104 ZAS\u0141ANIA\u0106&#8230; <a class=\"continue-reading-link\" href=\"http:\/\/parafia.scinawa.info\/index.php\/2020\/05\/16\/zarzadzenie-od-17-05-2020\/\">Czytaj dalej <span class=\"meta-nav\">&rarr; <\/span><\/a><\/p>\n","protected":false},"author":2,"featured_media":0,"comment_status":"closed","ping_status":"closed","sticky":false,"template":"","format":"standard","meta":{"footnotes":""},"categories":[41],"tags":[],"class_list":["post-1434","post","type-post","status-publish","format-standard","hentry","category-komunikaty-duszpasterskie"],"_links":{"self":[{"href":"http:\/\/parafia.scinawa.info\/index.php\/wp-json\/wp\/v2\/posts\/1434","targetHints":{"allow":["GET"]}}],"collection":[{"href":"http:\/\/parafia.scinawa.info\/index.php\/wp-json\/wp\/v2\/posts"}],"about":[{"href":"http:\/\/parafia.scinawa.info\/index.php\/wp-json\/wp\/v2\/types\/post"}],"author":[{"embeddable":true,"href":"http:\/\/parafia.scinawa.info\/index.php\/wp-json\/wp\/v2\/users\/2"}],"replies":[{"embeddable":true,"href":"http:\/\/parafia.scinawa.info\/index.php\/wp-json\/wp\/v2\/comments?post=1434"}],"version-history":[{"count":1,"href":"http:\/\/parafia.scinawa.info\/index.php\/wp-json\/wp\/v2\/posts\/1434\/revisions"}],"predecessor-version":[{"id":1435,"href":"http:\/\/parafia.scinawa.info\/index.php\/wp-json\/wp\/v2\/posts\/1434\/revisions\/1435"}],"wp:attachment":[{"href":"http:\/\/parafia.scinawa.info\/index.php\/wp-json\/wp\/v2\/media?parent=1434"}],"wp:term":[{"taxonomy":"category","embeddable":true,"href":"http:\/\/parafia.scinawa.info\/index.php\/wp-json\/wp\/v2\/categories?post=1434"},{"taxonomy":"post_tag","embeddable":true,"href":"http:\/\/parafia.scinawa.info\/index.php\/wp-json\/wp\/v2\/tags?post=1434"}],"curies":[{"name":"wp","href":"https:\/\/api.w.org\/{rel}","templated":true}]}}