{"id":1443,"date":"2020-05-30T11:24:55","date_gmt":"2020-05-30T09:24:55","guid":{"rendered":"http:\/\/parafia.scinawa.info\/?p=1443"},"modified":"2020-05-30T11:24:55","modified_gmt":"2020-05-30T09:24:55","slug":"ogloszenia-duszpasterskie-uroczystosc-zeslania-ducha-swietego-31-05-2020","status":"publish","type":"post","link":"http:\/\/parafia.scinawa.info\/index.php\/2020\/05\/30\/ogloszenia-duszpasterskie-uroczystosc-zeslania-ducha-swietego-31-05-2020\/","title":{"rendered":"Og\u0142oszenia duszpasterskie Uroczysto\u015b\u0107 Zes\u0142ania Ducha \u015awi\u0119tego \u2013 31.05. 2020"},"content":{"rendered":"\n<p>\u00a0\u00a0\u00a0\u00a0 <\/p>\n\n\n\n<p><strong>1<\/strong><strong>.<\/strong>\nDzi\u015b prze\u017cywamy Uroczysto\u015b\u0107 Zes\u0142ania Ducha \u015awi\u0119tego. Msze \u015bw. wed\u0142ug porz\u0105dku niedzielnego.<\/p>\n\n\n\n<p>W naszej parafii &nbsp;go\u015bcimy dzisiaj ks. Neoprezbitera Tomasza\nKliszcza, kt\u00f3ry b\u0119dzie si\u0119 z nami modli\u0142 i udzieli prymicyjnego\nb\u0142ogos\u0142awie\u0144stwa po ka\u017cdej Mszy \u015bw.<\/p>\n\n\n\n<p><strong>2<\/strong><strong>.<\/strong>\nMsze \u015bw. w tygodniu&nbsp; o <strong>7<sup>00<\/sup><\/strong>\ni <strong>18<sup>00<\/sup><\/strong>.&nbsp; <\/p>\n\n\n\n<p><strong>3<\/strong><strong>. <\/strong>Codziennie\nspowied\u017a i adoracja Naj\u015bwi\u0119tszego Sakramentu o godz. <strong>17<sup>00<\/sup>, <\/strong>anabo\u017ce\u0144stwa czerwcowe o <strong>17<sup>30<\/sup>.<\/strong><strong><\/strong><\/p>\n\n\n\n<p><strong>4.<\/strong><strong> <\/strong>W\ntym tygodniu obchodzimy:<\/p>\n\n\n\n<p>&#8211;\n<strong>w poniedzia\u0142ek<\/strong> <strong>drugi dzie\u0144 Zielonych \u015awi\u0105t \u2013 NMP Matki\nKo\u015bcio\u0142a. <\/strong><\/p>\n\n\n\n<p>&#8211;\n<strong>we wtorek<\/strong> \u2013 wspomnienie NMP\n\u0141askawej<\/p>\n\n\n\n<p>&#8211;\n<strong>w \u015brod\u0119<\/strong> \u2013 wspomnienie \u015bw. m\u0119czennik\u00f3w\nKarola Lwangi i Towarzyszy<\/p>\n\n\n\n<p>&#8211;\n<strong>w czwartek<\/strong> \u2013 \u015bwi\u0119to Jezusa Chrystusa Najwy\u017cszego i\nWiecznego Kap\u0142ana<\/p>\n\n\n\n<p>&#8211;\n<strong>w pi\u0105tek<\/strong> \u2013 wspomnienie \u015bw.\nBonifacego biskupa i m\u0119czennika<\/p>\n\n\n\n<p><strong>5.<\/strong>\nW tym tygodniu obchodzimy I czwartek i I pi\u0105tek miesi\u0105ca i I sobot\u0119 miesi\u0105ca <\/p>\n\n\n\n<p><strong>6<\/strong><strong>.<\/strong>\n<strong><em>Odwiedziny\nchorych w I pi\u0105tek miesi\u0105ca od godz. 8.30.<\/em><\/strong><\/p>\n\n\n\n<p><strong>7.<\/strong>\nW I sobot\u0119 miesi\u0105ca o godz. <strong>17<sup>00<\/sup><\/strong>\n<strong><em>nabo\u017ce\u0144stwo\nfatimskie po\u0142\u0105czone z czerwcowym<\/em><\/strong>.<strong><\/strong><\/p>\n\n\n\n<p><strong>8<\/strong><strong>. <\/strong>W przysz\u0142\u0105 niedziel\u0119 b\u0119dziemy prze\u017cywa\u0107 Uroczysto\u015b\u0107\nTr\u00f3jcy Przenaj\u015bwi\u0119tszej. Msze \u015bw. wed\u0142ug porz\u0105dku niedzielnego.<\/p>\n\n\n\n<p><strong>9.<\/strong><strong> <\/strong>Zmiana tajemnic\n\u017bywego R\u00f3\u017ca\u0144ca o <strong>10<sup>30<\/sup>.<\/strong>\n<\/p>\n\n\n\n<p><strong>10<\/strong><strong>.<\/strong>\nKancelaria czynna codziennie po Mszy \u015bw. wieczornej z wyj\u0105tkiem niedziel,\nuroczysto\u015bci i \u015bwi\u0105t.<\/p>\n\n\n\n<p><strong>11<\/strong><strong>.<\/strong>\nDo nabycia jest prasa katolicka: Niedziela, Go\u015b\u0107 Niedzielny i R\u00f3\u017caniec. <\/p>\n\n\n\n<p><strong>12<\/strong><strong>.<\/strong>\nDzi\u0119kuj\u0119 wszystkim, kt\u00f3rzy w tym tygodniu sprz\u0105tali \u015bwi\u0105tyni\u0119 i przygotowali j\u0105\nna nasze spotkanie eucharystyczne.<\/p>\n\n\n\n<p><strong>13<\/strong><strong>.<\/strong>\nSerdeczne B\u00f3g zap\u0142a\u0107 za ofiary sk\u0142adane na remonty w naszej parafii. <\/p>\n\n\n\n<p><strong>14<\/strong><strong>.<\/strong>\nIntencje mszalne, obrazki.<\/p>\n\n\n\n<p><strong>15<\/strong><strong>.<\/strong>\nB\u00f3g zap\u0142a\u0107 Panom: Tadeuszowi Wolniakowi, Zenonowi Tyndykowi i Piotrowi \u017belazce\nza skoszenie trawy wok\u00f3\u0142 ko\u015bcio\u0142a i plebanii.<\/p>\n\n\n\n<p><em>\u017byczymy mi\u0142ego\ntygodnia i obfitych \u0142ask Bo\u017cych.<\/em><\/p>\n","protected":false},"excerpt":{"rendered":"<p>\u00a0\u00a0\u00a0\u00a0 1. Dzi\u015b prze\u017cywamy Uroczysto\u015b\u0107 Zes\u0142ania Ducha \u015awi\u0119tego. Msze \u015bw. wed\u0142ug porz\u0105dku niedzielnego. W naszej parafii &nbsp;go\u015bcimy dzisiaj ks. Neoprezbitera Tomasza Kliszcza, kt\u00f3ry b\u0119dzie si\u0119 z nami modli\u0142 i udzieli prymicyjnego b\u0142ogos\u0142awie\u0144stwa po ka\u017cdej Mszy \u015bw. 2. Msze \u015bw. w tygodniu&nbsp; o 700 i 1800.&nbsp; 3. Codziennie spowied\u017a i adoracja&#8230; <a class=\"continue-reading-link\" href=\"http:\/\/parafia.scinawa.info\/index.php\/2020\/05\/30\/ogloszenia-duszpasterskie-uroczystosc-zeslania-ducha-swietego-31-05-2020\/\">Czytaj dalej <span class=\"meta-nav\">&rarr; <\/span><\/a><\/p>\n","protected":false},"author":2,"featured_media":0,"comment_status":"closed","ping_status":"closed","sticky":false,"template":"","format":"standard","meta":{"footnotes":""},"categories":[1],"tags":[],"class_list":["post-1443","post","type-post","status-publish","format-standard","hentry","category-bez-kategorii"],"_links":{"self":[{"href":"http:\/\/parafia.scinawa.info\/index.php\/wp-json\/wp\/v2\/posts\/1443","targetHints":{"allow":["GET"]}}],"collection":[{"href":"http:\/\/parafia.scinawa.info\/index.php\/wp-json\/wp\/v2\/posts"}],"about":[{"href":"http:\/\/parafia.scinawa.info\/index.php\/wp-json\/wp\/v2\/types\/post"}],"author":[{"embeddable":true,"href":"http:\/\/parafia.scinawa.info\/index.php\/wp-json\/wp\/v2\/users\/2"}],"replies":[{"embeddable":true,"href":"http:\/\/parafia.scinawa.info\/index.php\/wp-json\/wp\/v2\/comments?post=1443"}],"version-history":[{"count":1,"href":"http:\/\/parafia.scinawa.info\/index.php\/wp-json\/wp\/v2\/posts\/1443\/revisions"}],"predecessor-version":[{"id":1444,"href":"http:\/\/parafia.scinawa.info\/index.php\/wp-json\/wp\/v2\/posts\/1443\/revisions\/1444"}],"wp:attachment":[{"href":"http:\/\/parafia.scinawa.info\/index.php\/wp-json\/wp\/v2\/media?parent=1443"}],"wp:term":[{"taxonomy":"category","embeddable":true,"href":"http:\/\/parafia.scinawa.info\/index.php\/wp-json\/wp\/v2\/categories?post=1443"},{"taxonomy":"post_tag","embeddable":true,"href":"http:\/\/parafia.scinawa.info\/index.php\/wp-json\/wp\/v2\/tags?post=1443"}],"curies":[{"name":"wp","href":"https:\/\/api.w.org\/{rel}","templated":true}]}}