{"id":1445,"date":"2020-05-30T12:20:53","date_gmt":"2020-05-30T10:20:53","guid":{"rendered":"http:\/\/parafia.scinawa.info\/?p=1445"},"modified":"2020-05-30T12:21:58","modified_gmt":"2020-05-30T10:21:58","slug":"korekta-do-zarzadzenia-biskupa-legnickiego","status":"publish","type":"post","link":"http:\/\/parafia.scinawa.info\/index.php\/2020\/05\/30\/korekta-do-zarzadzenia-biskupa-legnickiego\/","title":{"rendered":"Korekta do zarz\u0105dzenia Biskupa Legnickiego"},"content":{"rendered":"\n<p>Przewielebni Ksi\u0119\u017ca pos\u0142uguj\u0105cy w Diecezji Legnickiej!<\/p>\n\n\n\n<p>Na podstawie obowi\u0105zuj\u0105cego obecnie Rozporz\u0105dzenia Prezesa Rady Ministr\u00f3w z dnia 29 maja 2020 roku zostaj\u0105 zaktualizowane niekt\u00f3re ze wskaza\u0144 zawartych w Zarz\u0105dzeniu w sprawie duszpasterstwa w stanie pandemii z dnia 22 kwietnia br.<\/p>\n\n\n\n<h3 class=\"wp-block-heading\" style=\"text-align:center\">EUCHARYSTIA<\/h3>\n\n\n\n<ol class=\"wp-block-list\"><li>Dyspensa\nog\u00f3lna od uczestnictwa wiernych w niedzielnych Mszach \u015bwi\u0119tych zostaje\nodwo\u0142ana; pozostaje ona aktualna jedynie wobec os\u00f3b z objawami infekcji (np.\nkaszel, katar, podwy\u017cszona temperatura itp.).<\/li><li>Wed\u0142ug\nnajnowszych rozporz\u0105dze\u0144 pa\u0144stwowych od 30 maja br. zostaje zniesiony limit\nwiernych, kt\u00f3rzy mog\u0105 uczestniczy\u0107 w Mszy \u015bwi\u0119tej. Przypominam jednak o\nobowi\u0105zku zakrywania ust i nosa w ko\u015bcio\u0142ach.<\/li><li>W\nkwestii indywidualnej ka\u017cdego z kap\u0142an\u00f3w pozostaje spos\u00f3b przygotowania dar\u00f3w\noraz spo\u017cywania przez niego Cia\u0142a i Krwi Pa\u0144skiej. To samo odnosi si\u0119 do os\u00f3b\npos\u0142uguj\u0105cych podczas Eucharystii i do wszystkich wiernych.<\/li><li>Osoby\nponi\u017cej 13 roku \u017cycia, kt\u00f3re s\u0105 dopuszczone do s\u0142u\u017cby przy o\u0142tarzu na podstawie\npisemnej zgody rodzic\u00f3w\/opiekun\u00f3w, mog\u0105 znajdowa\u0107 si\u0119 w ko\u015bciele bez sta\u0142ej\nopieki doros\u0142ej osoby.<\/li><li>W\nprzypadku zbierania podczas Mszy \u015bwi\u0119tej ofiar pieni\u0119\u017cnych wyznaczone do tego\nosoby powinny mie\u0107 zakryte usta i nos, a po zako\u0144czeniu zbi\u00f3rki zdezynfekowa\u0107\nr\u0119ce.<\/li><li>Wobec\naktualnie obowi\u0105zuj\u0105cych przepis\u00f3w sanitarnych w dniu uroczysto\u015bci\nNaj\u015bwi\u0119tszego Cia\u0142a i Krwi Pa\u0144skiej (11 czerwca) prosz\u0119 o zrezygnowanie z\nprocesji miejskich i mi\u0119dzyparafialnych. W zwi\u0105zku z ograniczeniami liczby os\u00f3b\ngromadz\u0105cych si\u0119 poza budynkami (150 os\u00f3b) zach\u0119cam do organizowania\nparafialnych procesji eucharystycznych po ka\u017cdej z Mszy \u015bwi\u0119tych. Niech\nodbywaj\u0105 si\u0119 one w pobli\u017cu ko\u015bcio\u0142a lub w jego bezpo\u015brednim otoczeniu, po to by\nw obecnie trwaj\u0105cej sytuacji uszanowa\u0107 prac\u0119 s\u0142u\u017c porz\u0105dkowych, w spos\u00f3b\nszczeg\u00f3lny policji i stra\u017cy miejskiej, kt\u00f3re od kilku miesi\u0119cy intensywnie\npracuj\u0105 dla dobra wszystkich obywateli. Procesje eucharystyczne mog\u0105 si\u0119\nodbywa\u0107 bez tzw. czterech o\u0142tarzy. Zach\u0119cam r\u00f3wnie\u017c, by tego dnia umo\u017cliwi\u0107\nwiernym adoracj\u0119 Naj\u015bwi\u0119tszego Sakramentu.<\/li><li>Zach\u0119cam,\nby dalej trwa\u0107 w modlitwie o ustanie pandemii, np. poprzez \u015bpiew suplikacji\n(niekoniecznie po ka\u017cdej Eucharystii), wezwania modlitwy powszechnej, inne\n\u015bpiewy lub modlitwy, m.in. w czasie nabo\u017ce\u0144stw czerwcowych lub innych\nprowadzonych w parafiach.<\/li><\/ol>\n\n\n\n<h3 class=\"wp-block-heading\" style=\"text-align:center\">SAKRAMENT POKUTY 1 POJEDNANIA<\/h3>\n\n\n\n<ol class=\"wp-block-list\"><li>Prosz\u0119\no umo\u017cliwienie wszystkim wiernym skorzystania z sakramentu pokuty poprzez\nprzywr\u00f3cenie dy\u017cur\u00f3w, kt\u00f3re mog\u0105 by\u0107 pe\u0142nione w p\u00f3\u0142otwartych konfesjona\u0142ach, w\nkaplicach bocznych i innych pomieszczeniach. Nale\u017cy zrezygnowa\u0107 ze spowiedzi w\ntzw. zamkni\u0119tych konfesjona\u0142ach.<\/li><li>Podczas\nspowiedzi penitent oraz szafarz sakramentu pokuty maj\u0105 mie\u0107 zas\u0142oni\u0119te usta i\nnos.<\/li><\/ol>\n\n\n\n<h3 class=\"wp-block-heading\" style=\"text-align:center\">OBRZ\u0118DY POGRZEBU<\/h3>\n\n\n\n<p>Przywr\u00f3cona\nzostaje mo\u017cliwo\u015b\u0107 celebrowania Mszy \u015bwi\u0119tej (w zale\u017cno\u015bci od ustale\u0144 z rodzin\u0105)\nw kaplicach i ko\u015bcio\u0142ach cmentarnych &#8211; w porozumienie z zarz\u0105dc\u0105 cmentarza i\nwed\u0142ug aktualnych przepis\u00f3w pa\u0144stwowych i sanitarnych.<\/p>\n\n\n\n<h3 class=\"wp-block-heading\" style=\"text-align:center\">PIERWSZA KOMUNIA \u015aWI\u0118TA<\/h3>\n\n\n\n<p>Podtrzymuj\u0119 wskazania zawarte we\nwcze\u015bniejszym Zarz\u0105dzeniu. Jednocze\u015bnie informuj\u0119, \u017ce istnieje mo\u017cliwo\u015b\u0107\nzorganizowania Pierwszej Komunii \u015awi\u0119tej w grupie wi\u0119kszej ni\u017c tam podano, ale\ntylko na wyra\u017an\u0105 pro\u015bb\u0119 rodzic\u00f3w\/opiekun\u00f3w.<\/p>\n\n\n\n<h3 class=\"wp-block-heading\" style=\"text-align:center\">BIERZMOWANIE<\/h3>\n\n\n\n<p>1. Istnieje mo\u017cliwo\u015b\u0107 zorganizowania w czerwcu uroczysto\u015bci zwi\u0105zanej z udzieleniem sakramentu bierzmowania osobom, kt\u00f3re zako\u0144czy\u0142y swoj\u0105 formacj\u0119 przygotowuj\u0105c\u0105 ich do przyj\u0119cia tego sakramentu. Bierzmowanie mo\u017ce by\u0107 w tym czasie udzielone m\u0142odzie\u017cy, jednak tylko za zgod\u0105 ich rodzic\u00f3w\/opiekun\u00f3w, oraz osobom doros\u0142ym z parafii. Przypominam, \u017ce wed\u0142ug kan. 892 KPK istnieje mo\u017cliwo\u015b\u0107 udzielenia bierzmowania w obecno\u015bci jednego lub kilku \u015bwiadk\u00f3w dla wszystkich os\u00f3b przyst\u0119puj\u0105cych do tego sakramentu.<\/p>\n\n\n\n<p>W dniach od 1 do 30 czerwca br.\nsakramentu bierzmowania b\u0119d\u0105 udziela\u0107 Biskup Legnicki Zbigniew Kiernikowski,\nBiskup Senior Stefan Cichy oraz wyznaczeni na mocy specjalnego zezwolenia\nprezbiterzy:<\/p>\n\n\n\n<ul class=\"wp-block-list\"><li>Ks. Leopold Rzodkiewicz (wikariusz biskupi ds. formacji sta\u0142ej), \u00a0Ks. Robert Kristman (dziekan rejonowy rejonu legnickiego), <\/li><li>Ks. Leopold Rzodkiewicz (wikariusz biskupi ds. formacji sta\u0142ej), \u00a0Ks. Robert Kristman (dziekan rejonowy rejonu legnickiego), <\/li><li>Ks. Krzysztof S\u0142abicki (dziekan rejonowy rejonu boles\u0142awiecko-zgorzeleckiego), <\/li><li>Ks. Jaros\u0142aw \u015awi\u0119cicki (dziekan rejonowy rejonu lubi\u0144sko-polkowickiego),  <\/li><li>Ks. Bogdan \u017bygad\u0142o (dziekan rejonowy rejonu jeleniog\u00f3rsko-kamiennog\u00f3rskiego ). <\/li><\/ul>\n\n\n\n<h3 class=\"wp-block-heading\" style=\"text-align:center\">DODATKOWE INFORMACJE<\/h3>\n\n\n\n<ol class=\"wp-block-list\"><li>Przywracam mo\u017cliwo\u015b\u0107 spotka\u0144 formacyjnych w ramach duszpasterstwa diecezjalnego i parafialnego &#8211; z zachowaniem wszelkich obowi\u0105zuj\u0105cych przepis\u00f3w sanitarnych: w pomieszczeniach uczestnicy spotka\u0144 powinni mie\u0107 za\u0142o\u017cone maski, a je\u015bli spotkanie odbywa si\u0119 na zewn\u0105trz, nale\u017cy zachowa\u0107 dwa metry odleg\u0142o\u015bci od siebie lub mie\u0107 za\u0142o\u017cone maski. Osoby niepe\u0142noletnie mog\u0105 uczestniczy\u0107 w takich spotkaniach tylko za zgod\u0105 rodzic\u00f3w\/opiekun\u00f3w.<\/li><li> Zezwalam na udost\u0119pnienie kaplic p\u00f3\u0142publicznych wiernym z zewn\u0105trz.<\/li><li>Prosz\u0119 Ksi\u0119\u017cy Proboszcz\u00f3w, by zach\u0119cali wiernych do uczestnictwa w Mszach \u015bwi\u0119tych i nabo\u017ce\u0144stwach oraz do korzystania z sakrament\u00f3w. Powoli ograniczajmy transmisje internetowe, pozostawiaj\u0105c tylko te, kt\u00f3re pozwol\u0105 osobom korzystaj\u0105cym z dyspensy lub niemaj\u0105cym mo\u017cliwo\u015bci przyj\u015bcia do ko\u015bcio\u0142a, mie\u0107 udzia\u0142 w \u017cyciu wsp\u00f3lnoty parafialnej.<\/li><li>Procesje w ramach kultu religijnego (m.in. odpustowe, fatimskie) mog\u0105 odbywa\u0107 si\u0119 przy zachowaniu obowi\u0105zuj\u0105cych norm pa\u0144stwowych i sanitarnych.<\/li><li>Powy\u017csze zarz\u0105dzenie obowi\u0105zuje od 30 maja 2020 roku. <\/li><\/ol>\n\n\n\n<div class=\"wp-block-image\"><figure class=\"aligncenter\"><img loading=\"lazy\" decoding=\"async\" width=\"736\" height=\"244\" src=\"http:\/\/parafia.scinawa.info\/wp-content\/uploads\/2020\/04\/Zrzut-ekranu-2020-04-7-o-15.55.03.png\" alt=\"\" class=\"wp-image-1414\" srcset=\"http:\/\/parafia.scinawa.info\/wp-content\/uploads\/2020\/04\/Zrzut-ekranu-2020-04-7-o-15.55.03.png 736w, http:\/\/parafia.scinawa.info\/wp-content\/uploads\/2020\/04\/Zrzut-ekranu-2020-04-7-o-15.55.03-300x99.png 300w, http:\/\/parafia.scinawa.info\/wp-content\/uploads\/2020\/04\/Zrzut-ekranu-2020-04-7-o-15.55.03-150x50.png 150w, http:\/\/parafia.scinawa.info\/wp-content\/uploads\/2020\/04\/Zrzut-ekranu-2020-04-7-o-15.55.03-250x83.png 250w\" sizes=\"auto, (max-width: 736px) 100vw, 736px\" \/><\/figure><\/div>\n","protected":false},"excerpt":{"rendered":"<p>Przewielebni Ksi\u0119\u017ca pos\u0142uguj\u0105cy w Diecezji Legnickiej! Na podstawie obowi\u0105zuj\u0105cego obecnie Rozporz\u0105dzenia Prezesa Rady Ministr\u00f3w z dnia 29 maja 2020 roku zostaj\u0105 zaktualizowane niekt\u00f3re ze wskaza\u0144 zawartych w Zarz\u0105dzeniu w sprawie duszpasterstwa w stanie pandemii z dnia 22 kwietnia br. EUCHARYSTIA Dyspensa og\u00f3lna od uczestnictwa wiernych w niedzielnych Mszach \u015bwi\u0119tych zostaje&#8230; <a class=\"continue-reading-link\" href=\"http:\/\/parafia.scinawa.info\/index.php\/2020\/05\/30\/korekta-do-zarzadzenia-biskupa-legnickiego\/\">Czytaj dalej <span class=\"meta-nav\">&rarr; <\/span><\/a><\/p>\n","protected":false},"author":1,"featured_media":1418,"comment_status":"closed","ping_status":"closed","sticky":false,"template":"","format":"standard","meta":{"footnotes":""},"categories":[37],"tags":[],"class_list":["post-1445","post","type-post","status-publish","format-standard","has-post-thumbnail","hentry","category-aktualnosci"],"_links":{"self":[{"href":"http:\/\/parafia.scinawa.info\/index.php\/wp-json\/wp\/v2\/posts\/1445","targetHints":{"allow":["GET"]}}],"collection":[{"href":"http:\/\/parafia.scinawa.info\/index.php\/wp-json\/wp\/v2\/posts"}],"about":[{"href":"http:\/\/parafia.scinawa.info\/index.php\/wp-json\/wp\/v2\/types\/post"}],"author":[{"embeddable":true,"href":"http:\/\/parafia.scinawa.info\/index.php\/wp-json\/wp\/v2\/users\/1"}],"replies":[{"embeddable":true,"href":"http:\/\/parafia.scinawa.info\/index.php\/wp-json\/wp\/v2\/comments?post=1445"}],"version-history":[{"count":2,"href":"http:\/\/parafia.scinawa.info\/index.php\/wp-json\/wp\/v2\/posts\/1445\/revisions"}],"predecessor-version":[{"id":1447,"href":"http:\/\/parafia.scinawa.info\/index.php\/wp-json\/wp\/v2\/posts\/1445\/revisions\/1447"}],"wp:featuredmedia":[{"embeddable":true,"href":"http:\/\/parafia.scinawa.info\/index.php\/wp-json\/wp\/v2\/media\/1418"}],"wp:attachment":[{"href":"http:\/\/parafia.scinawa.info\/index.php\/wp-json\/wp\/v2\/media?parent=1445"}],"wp:term":[{"taxonomy":"category","embeddable":true,"href":"http:\/\/parafia.scinawa.info\/index.php\/wp-json\/wp\/v2\/categories?post=1445"},{"taxonomy":"post_tag","embeddable":true,"href":"http:\/\/parafia.scinawa.info\/index.php\/wp-json\/wp\/v2\/tags?post=1445"}],"curies":[{"name":"wp","href":"https:\/\/api.w.org\/{rel}","templated":true}]}}