{"id":1450,"date":"2020-06-13T16:45:56","date_gmt":"2020-06-13T14:45:56","guid":{"rendered":"http:\/\/parafia.scinawa.info\/?p=1450"},"modified":"2020-06-13T16:45:56","modified_gmt":"2020-06-13T14:45:56","slug":"ogloszenia-duszpasterskie-11-niedziela-zwykla-14-06-2020","status":"publish","type":"post","link":"http:\/\/parafia.scinawa.info\/index.php\/2020\/06\/13\/ogloszenia-duszpasterskie-11-niedziela-zwykla-14-06-2020\/","title":{"rendered":"Og\u0142oszenia duszpasterskie  11 Niedziela zwyk\u0142a \u2013 14.06. 2020"},"content":{"rendered":"\n<p><strong>1<\/strong><strong>.<\/strong>\nDzi\u015b prze\u017cywamy <strong>11 Niedziel\u0119 zwyk\u0142\u0105<\/strong>.\nMsze \u015bw. wed\u0142ug porz\u0105dku\nniedzielnego.<strong><\/strong><\/p>\n\n\n\n<p><strong>2<\/strong><strong>.<\/strong>\nMsze \u015bw. w tygodniu&nbsp; o <strong>7<sup>00<\/sup><\/strong>\ni <strong>18<sup>00<\/sup><\/strong>.&nbsp; <\/p>\n\n\n\n<p><strong>3<\/strong><strong>. <\/strong>Codziennie\nspowied\u017a i adoracja Naj\u015bwi\u0119tszego Sakramentu o godz. <strong>17<sup>00<\/sup>, <\/strong>anabo\u017ce\u0144stwa czerwcowe o <strong>17<sup>30<\/sup>.<\/strong>\n<strong><\/strong><\/p>\n\n\n\n<p><strong>4.<\/strong><strong> <\/strong>Oktawa Bo\u017cego Cia\u0142a do czwartku 18 czerwca.\nZapraszam do uczestnictwa codziennie w procesji wok\u00f3\u0142 ko\u015bcio\u0142a. <\/p>\n\n\n\n<p><strong>5<\/strong><strong>.<\/strong> W tym tygodniu\nobchodzimy:<\/p>\n\n\n\n<p>&#8211;\n<strong>w poniedzia\u0142ek<\/strong> \u2013 wspomnienie\n\u015bw. Brata Alberta Chmielowskiego, zakonnika<\/p>\n\n\n\n<p>&#8211;\n<strong>w pi\u0105tek<\/strong> \u2013 uroczysto\u015b\u0107\nNaj\u015bwi\u0119tszego Serca Pana Jezusa<\/p>\n\n\n\n<p>&#8211;\n<strong>w sobot\u0119<\/strong> \u2013 wspomnienie Niepokalanego\nSerca NMP<\/p>\n\n\n\n<p><strong>6<\/strong><strong>. <\/strong>W przysz\u0142\u0105 niedziel\u0119 b\u0119dziemy prze\u017cywa\u0107 <strong>12 Niedziel\u0119 zwyk\u0142\u0105<\/strong>. Msze \u015bw. wed\u0142ug porz\u0105dku niedzielnego.\n<\/p>\n\n\n\n<p><strong>7<\/strong><strong>.<\/strong>\nKancelaria czynna codziennie po Mszy \u015bw. wieczornej z wyj\u0105tkiem niedziel,\nuroczysto\u015bci i \u015bwi\u0105t.<\/p>\n\n\n\n<p><strong>8<\/strong><strong>.<\/strong>\nDo nabycia jest prasa katolicka: Niedziela, Go\u015b\u0107 Niedzielny i R\u00f3\u017caniec. <\/p>\n\n\n\n<p><strong>9<\/strong><strong>.<\/strong>\nDzi\u0119kuj\u0119 wszystkim, kt\u00f3rzy w tym tygodniu sprz\u0105tali \u015bwi\u0105tyni\u0119 i przygotowali j\u0105\nna nasze spotkanie eucharystyczne.<\/p>\n\n\n\n<p><strong>10<\/strong><strong>.<\/strong>\nSerdeczne B\u00f3g zap\u0142a\u0107 za ofiary sk\u0142adane na remonty w naszej parafii. <\/p>\n\n\n\n<p><strong>11<\/strong><strong>.<\/strong>\nIntencje mszalne, kalendarze parafialne, obrazki.<\/p>\n\n\n\n<p><em>\u017byczymy mi\u0142ego\ntygodnia i obfitych \u0142ask Bo\u017cych.<\/em><\/p>\n","protected":false},"excerpt":{"rendered":"<p>1. Dzi\u015b prze\u017cywamy 11 Niedziel\u0119 zwyk\u0142\u0105. Msze \u015bw. wed\u0142ug porz\u0105dku niedzielnego. 2. Msze \u015bw. w tygodniu&nbsp; o 700 i 1800.&nbsp; 3. Codziennie spowied\u017a i adoracja Naj\u015bwi\u0119tszego Sakramentu o godz. 1700, anabo\u017ce\u0144stwa czerwcowe o 1730. 4. Oktawa Bo\u017cego Cia\u0142a do czwartku 18 czerwca. Zapraszam do uczestnictwa codziennie w procesji wok\u00f3\u0142 ko\u015bcio\u0142a&#8230;. <a class=\"continue-reading-link\" href=\"http:\/\/parafia.scinawa.info\/index.php\/2020\/06\/13\/ogloszenia-duszpasterskie-11-niedziela-zwykla-14-06-2020\/\">Czytaj dalej <span class=\"meta-nav\">&rarr; <\/span><\/a><\/p>\n","protected":false},"author":2,"featured_media":0,"comment_status":"closed","ping_status":"closed","sticky":false,"template":"","format":"standard","meta":{"footnotes":""},"categories":[40],"tags":[],"class_list":["post-1450","post","type-post","status-publish","format-standard","hentry","category-ogloszenia-duszpasterskie"],"_links":{"self":[{"href":"http:\/\/parafia.scinawa.info\/index.php\/wp-json\/wp\/v2\/posts\/1450","targetHints":{"allow":["GET"]}}],"collection":[{"href":"http:\/\/parafia.scinawa.info\/index.php\/wp-json\/wp\/v2\/posts"}],"about":[{"href":"http:\/\/parafia.scinawa.info\/index.php\/wp-json\/wp\/v2\/types\/post"}],"author":[{"embeddable":true,"href":"http:\/\/parafia.scinawa.info\/index.php\/wp-json\/wp\/v2\/users\/2"}],"replies":[{"embeddable":true,"href":"http:\/\/parafia.scinawa.info\/index.php\/wp-json\/wp\/v2\/comments?post=1450"}],"version-history":[{"count":1,"href":"http:\/\/parafia.scinawa.info\/index.php\/wp-json\/wp\/v2\/posts\/1450\/revisions"}],"predecessor-version":[{"id":1451,"href":"http:\/\/parafia.scinawa.info\/index.php\/wp-json\/wp\/v2\/posts\/1450\/revisions\/1451"}],"wp:attachment":[{"href":"http:\/\/parafia.scinawa.info\/index.php\/wp-json\/wp\/v2\/media?parent=1450"}],"wp:term":[{"taxonomy":"category","embeddable":true,"href":"http:\/\/parafia.scinawa.info\/index.php\/wp-json\/wp\/v2\/categories?post=1450"},{"taxonomy":"post_tag","embeddable":true,"href":"http:\/\/parafia.scinawa.info\/index.php\/wp-json\/wp\/v2\/tags?post=1450"}],"curies":[{"name":"wp","href":"https:\/\/api.w.org\/{rel}","templated":true}]}}