{"id":1458,"date":"2020-06-20T16:49:58","date_gmt":"2020-06-20T14:49:58","guid":{"rendered":"http:\/\/parafia.scinawa.info\/?p=1458"},"modified":"2020-06-20T16:49:58","modified_gmt":"2020-06-20T14:49:58","slug":"wyjasnienie-dotyczace-dyspensy-biskupa-legnickiego-od-uczestnictwa-w-niedzielnej-mszy-swietej","status":"publish","type":"post","link":"http:\/\/parafia.scinawa.info\/index.php\/2020\/06\/20\/wyjasnienie-dotyczace-dyspensy-biskupa-legnickiego-od-uczestnictwa-w-niedzielnej-mszy-swietej\/","title":{"rendered":"Wyja\u015bnienie dotycz\u0105ce dyspensy Biskupa Legnickiego od uczestnictwa w niedzielnej Mszy \u015bwi\u0119tej"},"content":{"rendered":"\n<p>W zwi\u0105zku z licznymi\npytaniami dotycz\u0105cymi dyspensy Biskupa Legnickiego od uczestnictwa w\nniedzielnej Mszy \u015bwi\u0119tej chcia\u0142bym przypomnie\u0107 kilka kwestii:<\/p>\n\n\n\n<p>\u2013 zgodnie z Katechizmem Ko\u015bcio\u0142a Katolickiego (nr\n2181) grzech ci\u0119\u017cki pope\u0142niaj\u0105 te osoby, kt\u00f3re dobrowolnie zaniedbuj\u0105 obowi\u0105zek\nuczestnictwa w Mszy \u015bwi\u0119tej;<\/p>\n\n\n\n<p>\u2013 jednocze\u015bnie Katechizm zaznacza, \u017ce nikt nie\nobci\u0105\u017ca swojego sumienia grzechem ci\u0119\u017ckim, je\u017celi opuszcza Msz\u0119 \u015bwi\u0119t\u0105 dla\nwa\u017cnego powodu, jak np. choroba, opieka nad bli\u017anim wynikaj\u0105ca z przykazania\nmi\u0142o\u015bci, niesprawno\u015b\u0107 lub inna wa\u017cna przyczyna, kt\u00f3r\u0105 w czasie epidemii mo\u017ce\nte\u017c by\u0107 silne poczucie obawy przed zara\u017ceniem lub pozostawanie w grupie zwi\u0119kszonego\nryzyka zaka\u017cenia;<\/p>\n\n\n\n<p>\u2013 kto nie mo\u017ce wzi\u0105\u0107 udzia\u0142u w Eucharystii,\npowinien do\u0142o\u017cy\u0107 stara\u0144, aby z oddalenia jak najpe\u0142niej uczestniczy\u0107 w liturgii\nniedzielnej Mszy \u015bwi\u0119tej, najlepiej poprzez lektur\u0119 czyta\u0144 mszalnych\nprzewidzianych na dany dzie\u0144, skorzystanie z transmisji Mszy \u015bwi\u0119tej przez\ntelewizj\u0119, radio lub Internet oraz przez wzbudzenie w sobie pragnienia\nEucharystii (por. Jan Pawe\u0142 II,&nbsp;<em>Dies Domini<\/em>, nr 54).<\/p>\n\n\n\n<p>Biskup Legnicki zach\u0119ca,\nby\u015bmy na nowo rozpalili w sobie pragnienie \u017cycia sakramentalnego i realizowania\ngo w zgromadzeniu wierz\u0105cych. Doskona\u0142ym momentem \u201epowrotu do Domu\u201d, jakim jest\nwsp\u00f3lnota Ko\u015bcio\u0142a, staje si\u0119 uroczysto\u015b\u0107 Naj\u015bwi\u0119tszego Cia\u0142a i Krwi Chrystusa,\nkt\u00f3ra pozwala ujrze\u0107 Eucharysti\u0119 daj\u0105c\u0105 \u017bycie i wok\u00f3\u0142 tej tajemnicy gromadzi\nKo\u015bci\u00f3\u0142.<\/p>\n","protected":false},"excerpt":{"rendered":"<p>W zwi\u0105zku z licznymi pytaniami dotycz\u0105cymi dyspensy Biskupa Legnickiego od uczestnictwa w niedzielnej Mszy \u015bwi\u0119tej chcia\u0142bym przypomnie\u0107 kilka kwestii: \u2013 zgodnie z Katechizmem Ko\u015bcio\u0142a Katolickiego (nr 2181) grzech ci\u0119\u017cki pope\u0142niaj\u0105 te osoby, kt\u00f3re dobrowolnie zaniedbuj\u0105 obowi\u0105zek uczestnictwa w Mszy \u015bwi\u0119tej; \u2013 jednocze\u015bnie Katechizm zaznacza, \u017ce nikt nie obci\u0105\u017ca swojego sumienia&#8230; <a class=\"continue-reading-link\" href=\"http:\/\/parafia.scinawa.info\/index.php\/2020\/06\/20\/wyjasnienie-dotyczace-dyspensy-biskupa-legnickiego-od-uczestnictwa-w-niedzielnej-mszy-swietej\/\">Czytaj dalej <span class=\"meta-nav\">&rarr; <\/span><\/a><\/p>\n","protected":false},"author":2,"featured_media":0,"comment_status":"closed","ping_status":"closed","sticky":false,"template":"","format":"standard","meta":{"footnotes":""},"categories":[41],"tags":[],"class_list":["post-1458","post","type-post","status-publish","format-standard","hentry","category-komunikaty-duszpasterskie"],"_links":{"self":[{"href":"http:\/\/parafia.scinawa.info\/index.php\/wp-json\/wp\/v2\/posts\/1458","targetHints":{"allow":["GET"]}}],"collection":[{"href":"http:\/\/parafia.scinawa.info\/index.php\/wp-json\/wp\/v2\/posts"}],"about":[{"href":"http:\/\/parafia.scinawa.info\/index.php\/wp-json\/wp\/v2\/types\/post"}],"author":[{"embeddable":true,"href":"http:\/\/parafia.scinawa.info\/index.php\/wp-json\/wp\/v2\/users\/2"}],"replies":[{"embeddable":true,"href":"http:\/\/parafia.scinawa.info\/index.php\/wp-json\/wp\/v2\/comments?post=1458"}],"version-history":[{"count":1,"href":"http:\/\/parafia.scinawa.info\/index.php\/wp-json\/wp\/v2\/posts\/1458\/revisions"}],"predecessor-version":[{"id":1459,"href":"http:\/\/parafia.scinawa.info\/index.php\/wp-json\/wp\/v2\/posts\/1458\/revisions\/1459"}],"wp:attachment":[{"href":"http:\/\/parafia.scinawa.info\/index.php\/wp-json\/wp\/v2\/media?parent=1458"}],"wp:term":[{"taxonomy":"category","embeddable":true,"href":"http:\/\/parafia.scinawa.info\/index.php\/wp-json\/wp\/v2\/categories?post=1458"},{"taxonomy":"post_tag","embeddable":true,"href":"http:\/\/parafia.scinawa.info\/index.php\/wp-json\/wp\/v2\/tags?post=1458"}],"curies":[{"name":"wp","href":"https:\/\/api.w.org\/{rel}","templated":true}]}}