{"id":1461,"date":"2020-07-04T09:37:54","date_gmt":"2020-07-04T07:37:54","guid":{"rendered":"http:\/\/parafia.scinawa.info\/?p=1461"},"modified":"2020-07-04T09:37:54","modified_gmt":"2020-07-04T07:37:54","slug":"intencje-mszalne-28-06-05-07-2020","status":"publish","type":"post","link":"http:\/\/parafia.scinawa.info\/index.php\/2020\/07\/04\/intencje-mszalne-28-06-05-07-2020\/","title":{"rendered":"INTENCJE MSZALNE 28.06. \u2013 05.07. 2020"},"content":{"rendered":"\n<p><strong><em>Sk\u0142adaj\u0105c\nOfiar\u0119, kt\u00f3ra nam przypomina niezmierzon\u0105 mi\u0142o\u015b\u0107 Twojego Syna, pokornie prosimy\nCi\u0119, Bo\u017ce, przyjmij intencje Twoich wiernych i spraw przez dzia\u0142anie\nEucharystii, aby w naszych rodzinach wzrasta\u0142a prawdziwa wiara, \u015bwi\u0119to\u015b\u0107 \u017cycia,\nbraterska mi\u0142o\u015b\u0107 i duch modlitwy. <\/em><\/strong><strong>Niech\nMatka Naj\u015bwi\u0119tsza wyprosi \u0142aski, o kt\u00f3re modlili\u015bmy si\u0119 w tej Mszy \u015bw. dla \u2026\nZa\u015b zmar\u0142ym \u2026 za kt\u00f3rych odprawiali\u015bmy Msz\u0119 \u015bw.: wieczny odpoczynek racz im\nda\u0107 Panie (\u2026); niech odpoczywaj\u0105 w pokoju wiecznym. Amen<\/strong><\/p>\n\n\n\n<p><strong><em>28.06.\n&#8211; NIEDZIELA&nbsp; <\/em><\/strong><em><\/em><\/p>\n\n\n\n<p><strong>8.oo\n\u2013 1) <\/strong>zaj. P. Spiak\n<\/p>\n\n\n\n<p><strong>&nbsp;&nbsp;&nbsp;&nbsp;&nbsp;&nbsp;&nbsp; 2)<\/strong> + Stanis\u0142awa\nDraczy\u0144skiego \u2013 30 dzie\u0144 od pogrzebu \u2013 int. od uczestnik\u00f3w Mszy pogrzebowej <\/p>\n\n\n\n<p><strong>&nbsp; 9.3o \u2013 <\/strong>&nbsp;++ Jana z racji ziemskich imienin\ni Aleksandr\u0119 z rodziny Knap\u00f3w \u2013 modl\u0105 si\u0119 dzieci, wnuki <\/p>\n\n\n\n<p>&nbsp;&nbsp;&nbsp;&nbsp;&nbsp;&nbsp;&nbsp;&nbsp;&nbsp;&nbsp;&nbsp;&nbsp;&nbsp;&nbsp;&nbsp; i prawnuczka<\/p>\n\n\n\n<p><strong>11.oo\n\u2013 1) <\/strong>w 3 rocz. \u015bm. Stanis\u0142awy i\nw 22 rocz. \u015bm. Kazimierza z rodziny Zab\u0142ockich \u2013 modl\u0105 si\u0119<\/p>\n\n\n\n<p>&nbsp; &nbsp;&nbsp;&nbsp;&nbsp;&nbsp;&nbsp;&nbsp;&nbsp;&nbsp;&nbsp;&nbsp;&nbsp;&nbsp;&nbsp;&nbsp;dzieci z rodzinami<\/p>\n\n\n\n<p><strong>&nbsp;&nbsp;&nbsp;&nbsp;&nbsp;&nbsp;&nbsp;&nbsp;&nbsp;&nbsp;&nbsp; &nbsp;\n2) <\/strong>+ Janin\u0119 W\u00f3jcik w 1 rocz.\n\u015bm. oraz ++ z rodziny W\u00f3jcik\u00f3w, B\u0142a\u017cejewskich i Matczak\u00f3w\n<\/p>\n\n\n\n<p><strong>12.3o\n\u2013 1) <\/strong>++ te\u015bci\u00f3w: W\u0142adys\u0142awa i\nW\u0142adys\u0142aw\u0119 \u2013 modli si\u0119 synowa z rodzin\u0105<\/p>\n\n\n\n<p><strong>&nbsp;&nbsp;&nbsp;&nbsp;&nbsp;&nbsp;&nbsp;&nbsp;&nbsp;&nbsp;&nbsp; &nbsp;\n2)<\/strong> w 40 rocz. \u015blubu\nMa\u0142gorzaty i Tadeusza Wolniak\u00f3w dzi\u0119kczynna z pro\u015bb\u0105 o zdrowie, dary<\/p>\n\n\n\n<p>&nbsp;&nbsp;&nbsp; &nbsp;&nbsp;&nbsp;&nbsp;&nbsp;&nbsp;&nbsp;&nbsp;&nbsp;&nbsp;&nbsp;&nbsp;&nbsp;&nbsp;Ducha \u015awi\u0119tego, Bo\u017ce b\u0142ogos\u0142awie\u0144stwo i opiek\u0119\nNMP \u2013 modl\u0105 si\u0119 dzieci i wnuki<\/p>\n\n\n\n<p>&nbsp;&nbsp;&nbsp;&nbsp;&nbsp;&nbsp;&nbsp;&nbsp;&nbsp;&nbsp;&nbsp;&nbsp;&nbsp;&nbsp;&nbsp;&nbsp;&nbsp;&nbsp;&nbsp;&nbsp;&nbsp;&nbsp;&nbsp; &nbsp;&nbsp;&nbsp;&nbsp;&nbsp;&nbsp;&nbsp;&nbsp;&nbsp;&nbsp;&nbsp; <strong><em>chrzest\npo Mszy: Zuzanna Krystyna Kryci\u0144ska<\/em><\/strong><\/p>\n\n\n\n<p><strong>18.oo\n\u2013 1) <\/strong>+ Bartka Weissa \u2013 gregorianka 29 <\/p>\n\n\n\n<p><strong>&nbsp;&nbsp;&nbsp;&nbsp;&nbsp;&nbsp; 2) <\/strong>++ Mariusza, Witolda, Magdalen\u0119, Korneliusza,\nKatarzyn\u0119, Feliks\u0119 i J\u00f3zefa \u2013 modli si\u0119 rodzina<\/p>\n\n\n\n<p><strong><em>29.06.\n\u2013 PONIEDZIA\u0141EK<\/em><\/strong><\/p>\n\n\n\n<p><strong>&nbsp; &nbsp;&nbsp;7.3o\n\u2013 <\/strong>&nbsp;w intencji Mariusza i Damiana z okazji Dnia\nOjca dzi\u0119kczynna z pro\u015bb\u0105 o zdrowie, dary<\/p>\n\n\n\n<p>&nbsp;&nbsp;&nbsp; &nbsp;&nbsp;&nbsp;&nbsp;&nbsp;&nbsp;&nbsp;&nbsp;&nbsp;&nbsp;&nbsp;&nbsp;&nbsp;&nbsp;Ducha \u015awi\u0119tego, Bo\u017ce b\u0142ogos\u0142awie\u0144stwo i opiek\u0119\nNMP oraz ++ Konstantego i Stanis\u0142awa<\/p>\n\n\n\n<p><strong>18.oo\n\u2013 1) <\/strong>&nbsp;+ Agnieszk\u0119 w\n13 rocz. \u015bm. \u2013 modl\u0105 si\u0119 rodzice<\/p>\n\n\n\n<p><strong>&nbsp;&nbsp;&nbsp;&nbsp;&nbsp;&nbsp;&nbsp;&nbsp;&nbsp;&nbsp;&nbsp; &nbsp;\n2)<\/strong> + Bartka Weissa \u2013 <strong>gregorianka 30<\/strong><\/p>\n\n\n\n<p><strong><em>30.06.\n&#8211; WTOREK<\/em><\/strong><em><\/em><\/p>\n\n\n\n<p><strong>&nbsp; 7.3o \u2013<\/strong> w 70 rocz. urodzin Lucyny dzi\u0119kczynna z pro\u015bb\u0105 o\nzdrowie, dary Ducha \u015awi\u0119tego, Bo\u017ce <\/p>\n\n\n\n<p>&nbsp;&nbsp;&nbsp;&nbsp;&nbsp;&nbsp;&nbsp;&nbsp;&nbsp;&nbsp;&nbsp;&nbsp; b\u0142ogos\u0142awie\u0144stwo i opiek\u0119 NMP \u2013\nmodli si\u0119 m\u0105\u017c z dzie\u0107mi i wnukami<\/p>\n\n\n\n<p><strong>18.oo\n\u2013 <\/strong>&nbsp;++ Ludwika, Miros\u0142awa, Romana, z rodziny\nBartczak\u00f3w oraz Iren\u0119 Ikoniak \u2013 modli si\u0119<\/p>\n\n\n\n<p>&nbsp;&nbsp;&nbsp;&nbsp;&nbsp;&nbsp;&nbsp;&nbsp;&nbsp;&nbsp;&nbsp;&nbsp;&nbsp; &nbsp;rodzina<\/p>\n\n\n\n<p><strong><em>01.07.\n\u2013 \u015aRODA <\/em><\/strong><\/p>\n\n\n\n<p><strong>&nbsp; 7.3o \u2013 <\/strong><\/p>\n\n\n\n<p><strong>18.oo\n\u2013&nbsp; intencja zbiorowa nowennowa:<\/strong><\/p>\n\n\n\n<p><strong>&nbsp;1)<\/strong> + Iren\u0119<\/p>\n\n\n\n<p><strong>&nbsp;2)<\/strong> ++ Zbigniewa, Jana,\nMieczys\u0142awa z rodziny Wilgosz\u00f3w oraz Wojciecha i Jana z rodziny R\u0119bisz\u00f3w <\/p>\n\n\n\n<p>&nbsp;&nbsp;&nbsp;&nbsp; \u2013 modli si\u0119 rodzina<\/p>\n\n\n\n<p><strong>&nbsp;3)<\/strong><\/p>\n\n\n\n<p><strong><em>02.07.\n\u2013 CZWARTEK <\/em><\/strong><em>&nbsp;<\/em><\/p>\n\n\n\n<p><strong>&nbsp; 7.3o \u2013<\/strong> &nbsp;o zdrowie, Bo\u017ce b\u0142ogos\u0142awie\u0144stwo i potrzebne\n\u0142aski dla ks. Tomasza Filipka<\/p>\n\n\n\n<p><strong>18.oo\n\u2013 <\/strong>&nbsp;++ Stefani\u0119 w 4 rocz. \u015bm., braci: Piotra,\nJ\u00f3zefa, Micha\u0142a, Eugeniusza, ++ rodzic\u00f3w: Juli\u0119<\/p>\n\n\n\n<p>&nbsp;&nbsp;&nbsp;&nbsp;&nbsp;&nbsp;&nbsp;&nbsp;&nbsp;&nbsp;&nbsp;&nbsp;&nbsp;&nbsp; &nbsp;i Aleksego, Janusza, J\u00f3zefa i Helen\u0119 \u2013 modli si\u0119\nMaria z rodzin\u0105<\/p>\n\n\n\n<p><strong><em>03.07.\n\u2013 PI\u0104TEK<\/em><\/strong><\/p>\n\n\n\n<p><strong>&nbsp; 7.3o \u2013<\/strong> <strong>1)<\/strong> za dusze w czy\u015b\u0107cu\ncierpi\u0105ce&nbsp;<\/p>\n\n\n\n<p><strong>&nbsp;&nbsp;&nbsp;&nbsp;&nbsp;&nbsp;&nbsp;&nbsp;&nbsp;&nbsp;&nbsp; &nbsp;\n2)<\/strong> + Grzegorza i dusze w czy\u015b\u0107cu cierpi\u0105ce<\/p>\n\n\n\n<p><strong>18.oo\n\u2013 1) <\/strong>+ Adel\u0119 Czuczo\u0142\u0119 \u2013 modli si\u0119\n\u017bywy R\u00f3\u017caniec <\/p>\n\n\n\n<p><strong>&nbsp;&nbsp;&nbsp;&nbsp;&nbsp;&nbsp;&nbsp;&nbsp;&nbsp;&nbsp;&nbsp; &nbsp;\n2)<\/strong> &nbsp;++\nZbigniewa, Andrzeja, Andrzeja, Kazimierza z rodziny Budnych, Mariana, Natali\u0119,<\/p>\n\n\n\n<p>&nbsp;&nbsp;&nbsp;&nbsp;&nbsp;&nbsp;&nbsp;&nbsp;&nbsp;&nbsp;&nbsp;&nbsp;&nbsp; &nbsp;J\u00f3zefa, Klar\u0119, Jerzego z rodziny Osak\u00f3w oraz\nLudwika i Waleri\u0119 z rodziny Grze\u017cu\u0142kowskich<\/p>\n\n\n\n<p><strong><em>04.07.\n\u2013 SOBOTA<\/em><\/strong><\/p>\n\n\n\n<p><strong>&nbsp; &nbsp;&nbsp;7.3o\n\u2013<\/strong>\nIntencja wynagradzaj\u0105ca Niepokalanemu Sercu NMP<\/p>\n\n\n\n<p><strong>16.oo\n\u2013<\/strong> \u015blub: Arkadiusz Studzi\u0144ski \u2013 Kinga W\u00f3jcik<\/p>\n\n\n\n<p><strong>18.oo\n\u2013 1) <\/strong>+ Adel\u0119 Czuczo\u0142\u0119 w 1 rocz.\n\u015bm. \u2013 modli si\u0119 rodzina <\/p>\n\n\n\n<p><strong>&nbsp;&nbsp;&nbsp;&nbsp;&nbsp;&nbsp;&nbsp;&nbsp;&nbsp;&nbsp;&nbsp; 2)<\/strong> w 30 rocz.\nurodzin wnuk\u00f3w: Rados\u0142awa, Jakuba, Andrzeja dzi\u0119kczynna z pro\u015bb\u0105 o zdrowie,<\/p>\n\n\n\n<p>&nbsp;&nbsp;&nbsp;&nbsp;&nbsp;&nbsp;&nbsp;&nbsp;&nbsp;&nbsp;&nbsp;&nbsp;&nbsp; &nbsp;dary Ducha \u015awi\u0119tego, Bo\u017ce b\u0142ogos\u0142awie\u0144stwo i\nopiek\u0119 NMP \u2013 modli si\u0119 babcia z rodzin\u0105<\/p>\n\n\n\n<p><strong><em>05.07.\n\u2013 NIEDZIELA&nbsp; <\/em><\/strong><\/p>\n\n\n\n<p><strong>&nbsp; 8.oo \u2013 1) <\/strong>&nbsp;++ m\u0119\u017ca Zbigniewa w 30 rocz. \u015bm. oraz syn\u00f3w\nLeszka w 14 rocz. \u015bm. <\/p>\n\n\n\n<p>&nbsp;&nbsp;&nbsp;&nbsp;&nbsp;&nbsp;&nbsp;&nbsp;&nbsp;&nbsp;&nbsp;&nbsp;&nbsp;&nbsp;&nbsp;&nbsp;&nbsp;&nbsp;&nbsp; i Ryszarda w 12 rocz. \u015bm. \u2013\nmodli si\u0119 rodzina<\/p>\n\n\n\n<p><strong>&nbsp;&nbsp;&nbsp;&nbsp;&nbsp;&nbsp;&nbsp;&nbsp;&nbsp;&nbsp;&nbsp; &nbsp;\n2)<\/strong> + J\u00f3zefa Szepietowskiego w 25 rocz. \u015bm. \u2013 modli si\u0119\n\u017cona z dzie\u0107mi i wnukami <\/p>\n\n\n\n<p><strong>11.oo\n\u2013 1) <\/strong>++ Michalin\u0119 i Jana oraz\n++ z rodziny \u2013 modli si\u0119 rodzina<\/p>\n\n\n\n<p><strong>&nbsp;&nbsp;&nbsp;&nbsp;&nbsp;&nbsp;&nbsp;&nbsp;&nbsp;&nbsp;&nbsp; &nbsp;2) <\/strong>&nbsp;w 65 rocz. \u015blubu Stefanii i Eugeniusza\nWiniarskich dzi\u0119kczynna z pro\u015bb\u0105 o zdrowie, dary<\/p>\n\n\n\n<p>&nbsp;&nbsp;&nbsp;&nbsp;&nbsp;&nbsp;&nbsp;&nbsp;&nbsp;&nbsp;&nbsp;&nbsp; &nbsp;Ducha \u015awi\u0119tego, Bo\u017ce b\u0142ogos\u0142awie\u0144stwo i opiek\u0119\nNMP \u2013 modl\u0105 si\u0119 dzieci, wnuki i prawnuki<\/p>\n\n\n\n<p><strong>12.3o\n\u2013 1) <\/strong>++ Helen\u0119 i Jerzego\nKaczmarskich oraz Wojciecha \u0141oz\u0119<\/p>\n\n\n\n<p><strong>&nbsp;&nbsp;&nbsp;&nbsp;&nbsp;&nbsp;&nbsp;&nbsp;&nbsp;&nbsp;&nbsp; &nbsp;\n2)<\/strong> + Mart\u0119 Ryng w 8 rocz. \u015bm. ++ jej dziadk\u00f3w i\npradziadk\u00f3w \u2013 modli si\u0119 rodzina<\/p>\n\n\n\n<p><strong>18.oo\n\u2013 &nbsp;<\/strong>&nbsp;++ z rodziny Winnowicz\u00f3w: rodzic\u00f3w: Wojciecha,\nKonstancj\u0119, Katarzyn\u0119, braci: Stanis\u0142awa,<\/p>\n\n\n\n<p>&nbsp;&nbsp;&nbsp;&nbsp;&nbsp;&nbsp;&nbsp;&nbsp;&nbsp;&nbsp;&nbsp;&nbsp;&nbsp; &nbsp;Jana, Mariana, Boles\u0142awa, J\u00f3zefa, bratowe:\nAniel\u0119, W\u0142adys\u0142aw\u0119 &nbsp;&#8211; modli si\u0119 Maria z\nrodzin\u0105<\/p>\n","protected":false},"excerpt":{"rendered":"<p>Sk\u0142adaj\u0105c Ofiar\u0119, kt\u00f3ra nam przypomina niezmierzon\u0105 mi\u0142o\u015b\u0107 Twojego Syna, pokornie prosimy Ci\u0119, Bo\u017ce, przyjmij intencje Twoich wiernych i spraw przez dzia\u0142anie Eucharystii, aby w naszych rodzinach wzrasta\u0142a prawdziwa wiara, \u015bwi\u0119to\u015b\u0107 \u017cycia, braterska mi\u0142o\u015b\u0107 i duch modlitwy. Niech Matka Naj\u015bwi\u0119tsza wyprosi \u0142aski, o kt\u00f3re modlili\u015bmy si\u0119 w tej Mszy \u015bw. dla&#8230; <a class=\"continue-reading-link\" href=\"http:\/\/parafia.scinawa.info\/index.php\/2020\/07\/04\/intencje-mszalne-28-06-05-07-2020\/\">Czytaj dalej <span class=\"meta-nav\">&rarr; <\/span><\/a><\/p>\n","protected":false},"author":2,"featured_media":0,"comment_status":"closed","ping_status":"closed","sticky":false,"template":"","format":"standard","meta":{"footnotes":""},"categories":[39],"tags":[],"class_list":["post-1461","post","type-post","status-publish","format-standard","hentry","category-intencje"],"_links":{"self":[{"href":"http:\/\/parafia.scinawa.info\/index.php\/wp-json\/wp\/v2\/posts\/1461","targetHints":{"allow":["GET"]}}],"collection":[{"href":"http:\/\/parafia.scinawa.info\/index.php\/wp-json\/wp\/v2\/posts"}],"about":[{"href":"http:\/\/parafia.scinawa.info\/index.php\/wp-json\/wp\/v2\/types\/post"}],"author":[{"embeddable":true,"href":"http:\/\/parafia.scinawa.info\/index.php\/wp-json\/wp\/v2\/users\/2"}],"replies":[{"embeddable":true,"href":"http:\/\/parafia.scinawa.info\/index.php\/wp-json\/wp\/v2\/comments?post=1461"}],"version-history":[{"count":1,"href":"http:\/\/parafia.scinawa.info\/index.php\/wp-json\/wp\/v2\/posts\/1461\/revisions"}],"predecessor-version":[{"id":1462,"href":"http:\/\/parafia.scinawa.info\/index.php\/wp-json\/wp\/v2\/posts\/1461\/revisions\/1462"}],"wp:attachment":[{"href":"http:\/\/parafia.scinawa.info\/index.php\/wp-json\/wp\/v2\/media?parent=1461"}],"wp:term":[{"taxonomy":"category","embeddable":true,"href":"http:\/\/parafia.scinawa.info\/index.php\/wp-json\/wp\/v2\/categories?post=1461"},{"taxonomy":"post_tag","embeddable":true,"href":"http:\/\/parafia.scinawa.info\/index.php\/wp-json\/wp\/v2\/tags?post=1461"}],"curies":[{"name":"wp","href":"https:\/\/api.w.org\/{rel}","templated":true}]}}