{"id":1465,"date":"2020-07-04T09:41:43","date_gmt":"2020-07-04T07:41:43","guid":{"rendered":"http:\/\/parafia.scinawa.info\/?p=1465"},"modified":"2020-07-04T09:41:43","modified_gmt":"2020-07-04T07:41:43","slug":"ogloszenia-duszpasterskie-13-niedziela-zwykla-28-06-2020","status":"publish","type":"post","link":"http:\/\/parafia.scinawa.info\/index.php\/2020\/07\/04\/ogloszenia-duszpasterskie-13-niedziela-zwykla-28-06-2020\/","title":{"rendered":"Og\u0142oszenia duszpasterskie  13 Niedziela zwyk\u0142a \u2013 28.06. 2020"},"content":{"rendered":"\n<p><strong>1<\/strong><strong>.<\/strong> Dzi\u015b prze\u017cywamy\n<strong>13 Niedziel\u0119 zwyk\u0142\u0105<\/strong>. Msze \u015bw. wed\u0142ug porz\u0105dku niedzielnego.<strong><\/strong><\/p>\n\n\n\n<p><strong>2<\/strong><strong>.<\/strong> Msze \u015bw. w\ntygodniu&nbsp; o <strong>7<sup>30<\/sup><\/strong> i <strong>18<sup>00<\/sup><\/strong>.\n&nbsp;<\/p>\n\n\n\n<p><strong>3.<\/strong>\nCodziennie spowied\u017a i adoracja Naj\u015bwi\u0119tszego Sakramentu o godz. <strong>17<sup>00<\/sup>.<\/strong><\/p>\n\n\n\n<p><strong>4.<\/strong><strong>\n<\/strong>Codziennie\nnabo\u017ce\u0144stwa czerwcowe o <strong>17<sup>30<\/sup>.<\/strong><\/p>\n\n\n\n<p><strong>5<\/strong><strong>.<\/strong> <strong>&nbsp;<\/strong>W tym tygodniu obchodzimy:<strong><\/strong><\/p>\n\n\n\n<p>&#8211;\n<strong>w poniedzia\u0142ek<\/strong> \u2013 uroczysto\u015b\u0107\n\u015bw. Aposto\u0142\u00f3w Piotra i Paw\u0142a. Msza \u015bw. o <strong>7<sup>30<\/sup><\/strong> i <strong>18<sup>00<\/sup><\/strong>.\nTaca tzw. \u015awi\u0119topietrze przeznaczona jest z ca\u0142ego \u015bwiata na Stolic\u0119\nApostolsk\u0105.<\/p>\n\n\n\n<p>&#8211; <strong>w\npi\u0105tek<\/strong> \u2013 \u015bwi\u0119to\n\u015bw. Tomasza Aposto\u0142a<\/p>\n\n\n\n<p><strong>6.<\/strong>\nW tym tygodniu obchodzimy I czwartek i I pi\u0105tek miesi\u0105ca i I sobot\u0119 miesi\u0105ca <\/p>\n\n\n\n<p><strong>7<\/strong><strong>.<\/strong>\n<strong><em>Odwiedziny\nchorych w I pi\u0105tek miesi\u0105ca od godz. 8.30.<\/em><\/strong><\/p>\n\n\n\n<p><strong>8.<\/strong> W\nsobot\u0119 o godz. <strong>17<sup>00<\/sup><\/strong> <strong><em>nabo\u017ce\u0144stwo\nfatimskie<\/em><\/strong> I soboty miesi\u0105ca.<\/p>\n\n\n\n<p><strong>9<\/strong><strong>. <\/strong>W przysz\u0142\u0105 niedziel\u0119\nb\u0119dziemy prze\u017cywa\u0107 <strong>14 Niedziel\u0119 zwyk\u0142\u0105<\/strong>. Msze \u015bw. wg porz\u0105dku wakacyjnego. Zmiana tajemnic \u017bywego R\u00f3\u017ca\u0144ca o <strong>10<sup>30<\/sup>.<\/strong><\/p>\n\n\n\n<p><strong>10<\/strong><strong>.<\/strong> Kancelaria\nczynna codziennie po Mszy \u015bw. wieczornej z wyj\u0105tkiem niedziel, uroczysto\u015bci i\n\u015bwi\u0105t.<\/p>\n\n\n\n<p><strong>11<\/strong><strong>.<\/strong> Do nabycia jest\nprasa katolicka: Niedziela, Go\u015b\u0107 Niedzielny i R\u00f3\u017caniec. <\/p>\n\n\n\n<p><strong>12<\/strong><strong>.<\/strong> Dzi\u0119kuj\u0119\nwszystkim, kt\u00f3rzy w tym tygodniu sprz\u0105tali \u015bwi\u0105tyni\u0119 i przygotowali j\u0105 na nasze\nspotkanie eucharystyczne.<\/p>\n\n\n\n<p><strong>13<\/strong><strong>.<\/strong> Serdeczne B\u00f3g\nzap\u0142a\u0107 za ofiary sk\u0142adane na remonty w naszej parafii. <\/p>\n\n\n\n<p><strong>14<\/strong><strong>.<\/strong> Intencje\nmszalne, kalendarze parafialne.<\/p>\n\n\n\n<p><em>\u017byczymy mi\u0142ego\ntygodnia i obfitych \u0142ask Bo\u017cych.<\/em><\/p>\n","protected":false},"excerpt":{"rendered":"<p>1. Dzi\u015b prze\u017cywamy 13 Niedziel\u0119 zwyk\u0142\u0105. Msze \u015bw. wed\u0142ug porz\u0105dku niedzielnego. 2. Msze \u015bw. w tygodniu&nbsp; o 730 i 1800. &nbsp; 3. Codziennie spowied\u017a i adoracja Naj\u015bwi\u0119tszego Sakramentu o godz. 1700. 4. Codziennie nabo\u017ce\u0144stwa czerwcowe o 1730. 5. &nbsp;W tym tygodniu obchodzimy: &#8211; w poniedzia\u0142ek \u2013 uroczysto\u015b\u0107 \u015bw. Aposto\u0142\u00f3w Piotra&#8230; <a class=\"continue-reading-link\" href=\"http:\/\/parafia.scinawa.info\/index.php\/2020\/07\/04\/ogloszenia-duszpasterskie-13-niedziela-zwykla-28-06-2020\/\">Czytaj dalej <span class=\"meta-nav\">&rarr; <\/span><\/a><\/p>\n","protected":false},"author":2,"featured_media":0,"comment_status":"closed","ping_status":"closed","sticky":false,"template":"","format":"standard","meta":{"footnotes":""},"categories":[40],"tags":[],"class_list":["post-1465","post","type-post","status-publish","format-standard","hentry","category-ogloszenia-duszpasterskie"],"_links":{"self":[{"href":"http:\/\/parafia.scinawa.info\/index.php\/wp-json\/wp\/v2\/posts\/1465","targetHints":{"allow":["GET"]}}],"collection":[{"href":"http:\/\/parafia.scinawa.info\/index.php\/wp-json\/wp\/v2\/posts"}],"about":[{"href":"http:\/\/parafia.scinawa.info\/index.php\/wp-json\/wp\/v2\/types\/post"}],"author":[{"embeddable":true,"href":"http:\/\/parafia.scinawa.info\/index.php\/wp-json\/wp\/v2\/users\/2"}],"replies":[{"embeddable":true,"href":"http:\/\/parafia.scinawa.info\/index.php\/wp-json\/wp\/v2\/comments?post=1465"}],"version-history":[{"count":1,"href":"http:\/\/parafia.scinawa.info\/index.php\/wp-json\/wp\/v2\/posts\/1465\/revisions"}],"predecessor-version":[{"id":1466,"href":"http:\/\/parafia.scinawa.info\/index.php\/wp-json\/wp\/v2\/posts\/1465\/revisions\/1466"}],"wp:attachment":[{"href":"http:\/\/parafia.scinawa.info\/index.php\/wp-json\/wp\/v2\/media?parent=1465"}],"wp:term":[{"taxonomy":"category","embeddable":true,"href":"http:\/\/parafia.scinawa.info\/index.php\/wp-json\/wp\/v2\/categories?post=1465"},{"taxonomy":"post_tag","embeddable":true,"href":"http:\/\/parafia.scinawa.info\/index.php\/wp-json\/wp\/v2\/tags?post=1465"}],"curies":[{"name":"wp","href":"https:\/\/api.w.org\/{rel}","templated":true}]}}