{"id":1469,"date":"2020-07-04T09:54:46","date_gmt":"2020-07-04T07:54:46","guid":{"rendered":"http:\/\/parafia.scinawa.info\/?p=1469"},"modified":"2020-07-04T09:54:46","modified_gmt":"2020-07-04T07:54:46","slug":"porzadek-wakacyjny-mszy-sw","status":"publish","type":"post","link":"http:\/\/parafia.scinawa.info\/index.php\/2020\/07\/04\/porzadek-wakacyjny-mszy-sw\/","title":{"rendered":"Porz\u0105dek wakacyjny Mszy \u015bw.:"},"content":{"rendered":"\n<p><strong><em>\u2013 w tygodniu:<\/em><\/strong><\/p>\n\n\n\n<p><strong>\u015acinawa\n&#8211;<\/strong>\n<strong>7<sup>30<\/sup><\/strong> i <strong>18<sup>00<\/sup><\/strong> <\/p>\n\n\n\n<p><strong>\u2013\nw niedziele:<\/strong><\/p>\n\n\n\n<p><strong>\u015acinawa &#8211;<\/strong>\n<strong>8<sup>00<\/sup>, 11<sup>00<\/sup>, 12<sup>30<\/sup> i 18<sup>00<\/sup> <\/strong><\/p>\n\n\n\n<p><strong>&#8211;\n\u015bwi\u0119ta poza niedziel\u0105:<\/strong><\/p>\n\n\n\n<p><strong>\u015acinawa &#8211;<\/strong>\n<strong>8<sup>00<\/sup>, 11<sup>00<\/sup> i 18<sup>00<\/sup><\/strong><\/p>\n\n\n\n<p><strong>R\u0119sz\u00f3w\n\u2013 9<sup>30<\/sup> <\/strong><strong>\u2013 w niedziele i \u015bwi\u0119ta<\/strong><\/p>\n","protected":false},"excerpt":{"rendered":"<p>\u2013 w tygodniu: \u015acinawa &#8211; 730 i 1800 \u2013 w niedziele: \u015acinawa &#8211; 800, 1100, 1230 i 1800 &#8211; \u015bwi\u0119ta poza niedziel\u0105: \u015acinawa &#8211; 800, 1100 i 1800 R\u0119sz\u00f3w \u2013 930 \u2013 w niedziele i \u015bwi\u0119ta<\/p>\n","protected":false},"author":2,"featured_media":0,"comment_status":"closed","ping_status":"closed","sticky":false,"template":"","format":"standard","meta":{"footnotes":""},"categories":[41],"tags":[],"class_list":["post-1469","post","type-post","status-publish","format-standard","hentry","category-komunikaty-duszpasterskie"],"_links":{"self":[{"href":"http:\/\/parafia.scinawa.info\/index.php\/wp-json\/wp\/v2\/posts\/1469","targetHints":{"allow":["GET"]}}],"collection":[{"href":"http:\/\/parafia.scinawa.info\/index.php\/wp-json\/wp\/v2\/posts"}],"about":[{"href":"http:\/\/parafia.scinawa.info\/index.php\/wp-json\/wp\/v2\/types\/post"}],"author":[{"embeddable":true,"href":"http:\/\/parafia.scinawa.info\/index.php\/wp-json\/wp\/v2\/users\/2"}],"replies":[{"embeddable":true,"href":"http:\/\/parafia.scinawa.info\/index.php\/wp-json\/wp\/v2\/comments?post=1469"}],"version-history":[{"count":1,"href":"http:\/\/parafia.scinawa.info\/index.php\/wp-json\/wp\/v2\/posts\/1469\/revisions"}],"predecessor-version":[{"id":1470,"href":"http:\/\/parafia.scinawa.info\/index.php\/wp-json\/wp\/v2\/posts\/1469\/revisions\/1470"}],"wp:attachment":[{"href":"http:\/\/parafia.scinawa.info\/index.php\/wp-json\/wp\/v2\/media?parent=1469"}],"wp:term":[{"taxonomy":"category","embeddable":true,"href":"http:\/\/parafia.scinawa.info\/index.php\/wp-json\/wp\/v2\/categories?post=1469"},{"taxonomy":"post_tag","embeddable":true,"href":"http:\/\/parafia.scinawa.info\/index.php\/wp-json\/wp\/v2\/tags?post=1469"}],"curies":[{"name":"wp","href":"https:\/\/api.w.org\/{rel}","templated":true}]}}