{"id":1477,"date":"2020-09-12T11:42:12","date_gmt":"2020-09-12T09:42:12","guid":{"rendered":"http:\/\/parafia.scinawa.info\/?p=1477"},"modified":"2020-09-12T11:42:12","modified_gmt":"2020-09-12T09:42:12","slug":"intencje-mszalne-19-07-26-07-2020","status":"publish","type":"post","link":"http:\/\/parafia.scinawa.info\/index.php\/2020\/09\/12\/intencje-mszalne-19-07-26-07-2020\/","title":{"rendered":"INTENCJE MSZALNE 19.07. \u2013 26.07. 2020"},"content":{"rendered":"\n<p><strong><em>Sk\u0142adaj\u0105c\nOfiar\u0119, kt\u00f3ra nam przypomina niezmierzon\u0105 mi\u0142o\u015b\u0107 Twojego Syna, pokornie prosimy\nCi\u0119, Bo\u017ce, przyjmij intencje Twoich wiernych i spraw przez dzia\u0142anie\nEucharystii, aby w naszych rodzinach wzrasta\u0142a prawdziwa wiara, \u015bwi\u0119to\u015b\u0107 \u017cycia,\nbraterska mi\u0142o\u015b\u0107 i duch modlitwy. <\/em><\/strong><strong>Niech\nMatka Naj\u015bwi\u0119tsza wyprosi \u0142aski, o kt\u00f3re modlili\u015bmy si\u0119 w tej Mszy \u015bw. dla \u2026\nZa\u015b zmar\u0142ym \u2026 za kt\u00f3rych odprawiali\u015bmy Msz\u0119 \u015bw.: wieczny odpoczynek racz im\nda\u0107 Panie (\u2026); niech odpoczywaj\u0105 w pokoju wiecznym. Amen<\/strong><\/p>\n\n\n\n<p><strong><em>19.07.\n&#8211; NIEDZIELA&nbsp; <\/em><\/strong><em><\/em><\/p>\n\n\n\n<p><strong>&nbsp; 8.oo \u2013 1) <\/strong>&nbsp;+ Krzysztofa Lulka w 32 rocz. \u015bm. \u2013 modl\u0105 si\u0119 rodzice<\/p>\n\n\n\n<p><strong>&nbsp;&nbsp;&nbsp;&nbsp;&nbsp;&nbsp;&nbsp;&nbsp;&nbsp;&nbsp;&nbsp; &nbsp;\n2)<\/strong> + Tomasza Srebrniaka z okazji dnia Ojca \u2013 modli si\u0119\nsyn<\/p>\n\n\n\n<p><strong>11.oo\n\u2013 1) <\/strong>&nbsp;+ m\u0119\u017ca Leszka i ++ rodzic\u00f3w Mari\u0119 i Stanis\u0142awa\n\u2013 modli si\u0119 rodzina<\/p>\n\n\n\n<p><strong>&nbsp;&nbsp;&nbsp;&nbsp;&nbsp;&nbsp;&nbsp;&nbsp;&nbsp;&nbsp;&nbsp; &nbsp;\n2) <\/strong>++ Karolin\u0119 i Micha\u0142a\nMakuchowskich oraz ++ z rodziny: Mieczys\u0142awa, W\u0142adys\u0142awa, <\/p>\n\n\n\n<p>&nbsp;&nbsp;&nbsp;&nbsp;&nbsp;&nbsp;&nbsp;&nbsp;&nbsp;&nbsp;&nbsp;&nbsp;&nbsp;&nbsp;&nbsp;&nbsp;&nbsp; Wiktori\u0119, El\u017cbiet\u0119, Jana,\nJ\u00f3zefa, Jana i dusze w czy\u015b\u0107cu cierpi\u0105ce \u2013 modli si\u0119 rodzina\n<\/p>\n\n\n\n<p><strong>12.3o\n\u2013 1) <\/strong>w intencji wnuka Zbysia w 1\nrocz. urodzin i wnuka Kazia z rodziny Wajd\u00f3w oraz za dzieci <\/p>\n\n\n\n<p>&nbsp;&nbsp;&nbsp;&nbsp;&nbsp;&nbsp;&nbsp;&nbsp;&nbsp;&nbsp;&nbsp;&nbsp;&nbsp;&nbsp;&nbsp;&nbsp; Katarzyn\u0119 i Tomasza dzi\u0119kczynna\nz pro\u015bb\u0105 o zdrowie, dary Ducha \u015awi\u0119tego, Bo\u017ce <\/p>\n\n\n\n<p>&nbsp;&nbsp;&nbsp;&nbsp;&nbsp;&nbsp;&nbsp;&nbsp;&nbsp;&nbsp;&nbsp;&nbsp;&nbsp;&nbsp;&nbsp;&nbsp;\nb\u0142ogos\u0142awie\u0144stwo, opiek\u0119 NMP \u2013 modl\u0105 si\u0119 dziadkowie i rodzice <\/p>\n\n\n\n<p><strong>&nbsp;&nbsp;&nbsp;&nbsp;&nbsp;&nbsp;&nbsp;&nbsp;&nbsp;&nbsp;&nbsp; &nbsp;\n2)<\/strong> + J\u00f3zefa Budrewicza \u2013 30 dzie\u0144 od pogrzebu \u2013 int.\nod uczestnik\u00f3w Mszy pogrzebowej<\/p>\n\n\n\n<p><strong>18.oo\n\u2013 &nbsp;<\/strong>+ Wand\u0119 \u0141owisz w 9 rocz. \u015bm. \u2013 modli si\u0119 rodzina<strong> &nbsp;<\/strong>&nbsp;<\/p>\n\n\n\n<p><strong><em>20.07.\n\u2013 PONIEDZIA\u0141EK<\/em><\/strong><\/p>\n\n\n\n<p><strong>&nbsp; &nbsp;&nbsp;7.3o\n\u2013 <\/strong>&nbsp;<\/p>\n\n\n\n<p><strong>18.oo\n\u2013 <\/strong>++ Czes\u0142aw\u0119, J\u00f3zefa, ++ braci, siostry, bratowe z\nrodziny Machowiak\u00f3w \u2013 modli si\u0119 rodzina<\/p>\n\n\n\n<p><strong><em>21.07.\n&#8211; WTOREK<\/em><\/strong><em><\/em><\/p>\n\n\n\n<p><strong>&nbsp; 7.3o \u2013<\/strong> ++ Rodzic\u00f3w: Czes\u0142aw\u0119(ona) i Kazimierza (on)<\/p>\n\n\n\n<p><strong>18.oo\n\u2013 <\/strong>&nbsp;++Zofi\u0119, Baltazara, Alfreda oraz ++ z rodziny:\nKoz\u0142owskich, Trubickich i +El\u017cbiet\u0119 Demczak oraz Jadwig\u0119 \u017bybort<\/p>\n\n\n\n<p><strong><em>22.07.\n\u2013 \u015aRODA <\/em><\/strong><\/p>\n\n\n\n<p><strong>&nbsp; 7.3o \u2013 <\/strong><\/p>\n\n\n\n<p><strong>18.oo\n\u2013&nbsp; intencja zbiorowa nowennowa:<\/strong><\/p>\n\n\n\n<p><strong>&nbsp;1)<\/strong> W intencji Dawida z\nokazji zbli\u017caj\u0105cych si\u0119 urodzin z pro\u015bb\u0105 o zdrowie Bo\u017ce b\u0142., opiek\u0119 MBNP- modl\u0105\nsi\u0119 rodzice i rodzina<\/p>\n\n\n\n<p><strong>&nbsp;2)<\/strong> <\/p>\n\n\n\n<p><strong>&nbsp;3)&nbsp;&nbsp;&nbsp;&nbsp;&nbsp;&nbsp; <\/strong><\/p>\n\n\n\n<p><strong><em>23.07. \u2013 CZWARTEK <\/em><\/strong><em>&nbsp;<\/em><\/p>\n\n\n\n<p><strong>&nbsp; 7.3o \u2013<\/strong> + Zofi\u0119 Kozak w 5\nrocz. \u015bm. <\/p>\n\n\n\n<p><strong>18.oo\n\u2013 <\/strong>&nbsp;zaj. P. Babij<\/p>\n\n\n\n<p><strong><em>24.07. \u2013 PI\u0104TEK<\/em><\/strong><\/p>\n\n\n\n<p><strong>&nbsp; &nbsp;&nbsp;7.3o\n\u2013<\/strong>\n&nbsp;+ Piotra w dniu ziemskich urodzin<\/p>\n\n\n\n<p><strong>18.oo\n\u2013 1) <\/strong>&nbsp;w intencji Magdaleny\ni Jakuba z okazji urodzin dzi\u0119kczynna z pro\u015bb\u0105 o zdrowie, dary <\/p>\n\n\n\n<p>&nbsp;&nbsp;&nbsp;&nbsp;&nbsp;&nbsp;&nbsp;&nbsp;&nbsp;&nbsp;&nbsp;&nbsp;&nbsp;&nbsp;&nbsp;&nbsp;&nbsp;&nbsp;\nDucha \u015awi\u0119tego, Bo\u017ce b\u0142ogos\u0142awie\u0144stwo, opiek\u0119 NMP \u2013 modli si\u0119 rodzina<\/p>\n\n\n\n<p><strong>&nbsp;&nbsp;&nbsp;&nbsp;&nbsp;&nbsp;&nbsp;&nbsp;&nbsp;&nbsp;&nbsp; &nbsp;\n2)<\/strong> + J\u00f3zefa Lisa \u2013 30 dzie\u0144 od pogrzebu \u2013 intencja od uczestnik\u00f3w\nMszy pogrzebowej <\/p>\n\n\n\n<p><strong><em>25.07. \u2013 SOBOTA<\/em><\/strong><\/p>\n\n\n\n<p><strong>&nbsp; &nbsp;&nbsp;7.3o\n\u2013<\/strong>\n+ Romana Warcho\u0142a w 1 rocz. \u015bm. \u2013 modli si\u0119 \u017cona z rodzin\u0105<\/p>\n\n\n\n<p><strong>18.oo\n\u2013 1) <\/strong>++ Ann\u0119, Jadwig\u0119 i Henryka\nz rodziny Szelig\u00f3w &nbsp;<\/p>\n\n\n\n<p><strong>&nbsp;&nbsp;&nbsp;&nbsp;&nbsp;&nbsp;&nbsp;&nbsp;&nbsp;&nbsp;&nbsp; &nbsp;\n2)<\/strong> &nbsp;+ Mari\u0119\nMiniewsk\u0105 w 2 miesi\u0105ce od pogrzebu \u2013 modli si\u0119 rodzina<\/p>\n\n\n\n<p><strong><em>26.07. \u2013 NIEDZIELA&nbsp; <\/em><\/strong><\/p>\n\n\n\n<p><strong>&nbsp; 8.oo \u2013 1) <\/strong>+El\u017cbieta\nKowaliszyn- 5 r. \u015bm oraz +Anna \u017bwir- 2 r. \u015bm.&nbsp;\ni ++ z rodziny Kowaliszyn\u00f3w i Ho\u0142yk\u00f3w- modli si\u0119 rodzina<\/p>\n\n\n\n<p><strong>&nbsp;&nbsp;&nbsp;&nbsp;&nbsp;&nbsp;&nbsp;&nbsp;&nbsp;&nbsp;&nbsp; &nbsp;\n2)<\/strong> ++ Zofi\u0119, Jana, Michalin\u0119, Jana, Helen\u0119<\/p>\n\n\n\n<p><strong>11.oo\n\u2013 1) <\/strong>W intencji Ma\u0142gorzaty i Wies\u0142awa\nSucharskich z okazji 10 r. \u015blubu, jako podzi\u0119kowanie za otrzymane \u0142aski z\npro\u015bb\u0105 o Bo\u017ce b\u0142., zdrowie i opiek\u0119 Matki Bo\u017cej dla nich i ich dzieci Nikoli i\nHuberta- prosz\u0105 rodzice.<\/p>\n\n\n\n<p><strong>&nbsp;&nbsp;&nbsp;&nbsp;&nbsp;&nbsp;&nbsp;&nbsp;&nbsp;&nbsp;&nbsp; &nbsp;\n2) <\/strong>++ rodzic\u00f3w: Ann\u0119 J\u00f3zefa,\nStanis\u0142aw\u0119 i Wawrzy\u0144ca, siostr\u0119 Iren\u0119 i Zbigniewa, <\/p>\n\n\n\n<p>&nbsp;&nbsp;&nbsp;&nbsp;&nbsp;&nbsp;&nbsp;&nbsp;&nbsp;&nbsp;&nbsp;&nbsp;&nbsp;&nbsp;&nbsp;&nbsp;&nbsp; brata W\u0142odzimierza, Dariusza\nHarasima\n<\/p>\n\n\n\n<p><strong>12.3o\n\u2013 1) <\/strong>+ Ann\u0119 Lipi\u0144sk\u0105 z racji ziemskich\nimienin \u2013 modli si\u0119 rodzina<\/p>\n\n\n\n<p><strong>&nbsp;&nbsp;&nbsp;&nbsp;&nbsp;&nbsp;&nbsp;&nbsp;&nbsp;&nbsp;&nbsp; &nbsp;\n2)<\/strong> w intencji babci Ani dzi\u0119kczynna z pro\u015bb\u0105 o\nzdrowie, dary Ducha \u015awi\u0119tego, Bo\u017ce<\/p>\n\n\n\n<p>&nbsp;&nbsp;&nbsp;&nbsp;&nbsp;&nbsp;&nbsp;&nbsp;&nbsp;&nbsp;&nbsp;&nbsp;&nbsp;&nbsp;&nbsp;&nbsp;\n&nbsp;b\u0142ogos\u0142awie\u0144stwo, opiek\u0119 NMP \u2013 modl\u0105\nsi\u0119 wnuki: Maciej, Jan i Ignacy<\/p>\n\n\n\n<p><strong>&nbsp;&nbsp;&nbsp;&nbsp;&nbsp;&nbsp;&nbsp;&nbsp;&nbsp;&nbsp;&nbsp; &nbsp;3) <\/strong>W intencji 45 rocznicy\nzawarcia sakramentu ma\u0142\u017ce\u0144stwa Edwardy(ona) i Kazimierza(on) P\u0119pkowskich z\npro\u015bb\u0105 o zdrowie Bo\u017ce b\u0142. i potrzebne \u0142aski- modli si\u0119 rodzina <\/p>\n\n\n\n<p>&nbsp;&nbsp;&nbsp;&nbsp;&nbsp;&nbsp;&nbsp;&nbsp;&nbsp;&nbsp;&nbsp;&nbsp;&nbsp;&nbsp;&nbsp;&nbsp;&nbsp;&nbsp;&nbsp;&nbsp;&nbsp;&nbsp;&nbsp;&nbsp;&nbsp;&nbsp;&nbsp;&nbsp;&nbsp;&nbsp;&nbsp;&nbsp;&nbsp;&nbsp; <strong><em>chrzest\npo Mszy: Ignacy Jan Janas<\/em><\/strong><\/p>\n\n\n\n<p><strong>18.oo\n\u2013 &nbsp;<\/strong>+ Tadeusza Mazurkiewicza w 21 rocz. \u015bm. <\/p>\n","protected":false},"excerpt":{"rendered":"<p>Sk\u0142adaj\u0105c Ofiar\u0119, kt\u00f3ra nam przypomina niezmierzon\u0105 mi\u0142o\u015b\u0107 Twojego Syna, pokornie prosimy Ci\u0119, Bo\u017ce, przyjmij intencje Twoich wiernych i spraw przez dzia\u0142anie Eucharystii, aby w naszych rodzinach wzrasta\u0142a prawdziwa wiara, \u015bwi\u0119to\u015b\u0107 \u017cycia, braterska mi\u0142o\u015b\u0107 i duch modlitwy. Niech Matka Naj\u015bwi\u0119tsza wyprosi \u0142aski, o kt\u00f3re modlili\u015bmy si\u0119 w tej Mszy \u015bw. dla&#8230; <a class=\"continue-reading-link\" href=\"http:\/\/parafia.scinawa.info\/index.php\/2020\/09\/12\/intencje-mszalne-19-07-26-07-2020\/\">Czytaj dalej <span class=\"meta-nav\">&rarr; <\/span><\/a><\/p>\n","protected":false},"author":2,"featured_media":0,"comment_status":"closed","ping_status":"closed","sticky":false,"template":"","format":"standard","meta":{"footnotes":""},"categories":[39],"tags":[],"class_list":["post-1477","post","type-post","status-publish","format-standard","hentry","category-intencje"],"_links":{"self":[{"href":"http:\/\/parafia.scinawa.info\/index.php\/wp-json\/wp\/v2\/posts\/1477","targetHints":{"allow":["GET"]}}],"collection":[{"href":"http:\/\/parafia.scinawa.info\/index.php\/wp-json\/wp\/v2\/posts"}],"about":[{"href":"http:\/\/parafia.scinawa.info\/index.php\/wp-json\/wp\/v2\/types\/post"}],"author":[{"embeddable":true,"href":"http:\/\/parafia.scinawa.info\/index.php\/wp-json\/wp\/v2\/users\/2"}],"replies":[{"embeddable":true,"href":"http:\/\/parafia.scinawa.info\/index.php\/wp-json\/wp\/v2\/comments?post=1477"}],"version-history":[{"count":1,"href":"http:\/\/parafia.scinawa.info\/index.php\/wp-json\/wp\/v2\/posts\/1477\/revisions"}],"predecessor-version":[{"id":1478,"href":"http:\/\/parafia.scinawa.info\/index.php\/wp-json\/wp\/v2\/posts\/1477\/revisions\/1478"}],"wp:attachment":[{"href":"http:\/\/parafia.scinawa.info\/index.php\/wp-json\/wp\/v2\/media?parent=1477"}],"wp:term":[{"taxonomy":"category","embeddable":true,"href":"http:\/\/parafia.scinawa.info\/index.php\/wp-json\/wp\/v2\/categories?post=1477"},{"taxonomy":"post_tag","embeddable":true,"href":"http:\/\/parafia.scinawa.info\/index.php\/wp-json\/wp\/v2\/tags?post=1477"}],"curies":[{"name":"wp","href":"https:\/\/api.w.org\/{rel}","templated":true}]}}