{"id":1481,"date":"2020-09-12T11:44:01","date_gmt":"2020-09-12T09:44:01","guid":{"rendered":"http:\/\/parafia.scinawa.info\/?p=1481"},"modified":"2020-09-12T11:44:01","modified_gmt":"2020-09-12T09:44:01","slug":"intencje-mszalne-02-08-09-08-2020","status":"publish","type":"post","link":"http:\/\/parafia.scinawa.info\/index.php\/2020\/09\/12\/intencje-mszalne-02-08-09-08-2020\/","title":{"rendered":"INTENCJE MSZALNE 02.08. \u2013 09.08. 2020"},"content":{"rendered":"\n<p><strong><em>Sk\u0142adaj\u0105c\nOfiar\u0119, kt\u00f3ra nam przypomina niezmierzon\u0105 mi\u0142o\u015b\u0107 Twojego Syna, pokornie prosimy\nCi\u0119, Bo\u017ce, przyjmij intencje Twoich wiernych i spraw przez dzia\u0142anie\nEucharystii, aby w naszych rodzinach wzrasta\u0142a prawdziwa wiara, \u015bwi\u0119to\u015b\u0107 \u017cycia,\nbraterska mi\u0142o\u015b\u0107 i duch modlitwy. <\/em><\/strong><strong>Niech\nMatka Naj\u015bwi\u0119tsza wyprosi \u0142aski, o kt\u00f3re modlili\u015bmy si\u0119 w tej Mszy \u015bw. dla \u2026\nZa\u015b zmar\u0142ym \u2026 za kt\u00f3rych odprawiali\u015bmy Msz\u0119 \u015bw.: wieczny odpoczynek racz im\nda\u0107 Panie (\u2026); niech odpoczywaj\u0105 w pokoju wiecznym. Amen<\/strong><\/p>\n\n\n\n<p><strong><em>02.08.\n&#8211; NIEDZIELA&nbsp; <\/em><\/strong><em><\/em><\/p>\n\n\n\n<p><strong>&nbsp;8.oo \u2013 1) <\/strong>&nbsp;zaj. P. Chirowska<\/p>\n\n\n\n<p><strong>&nbsp;&nbsp;&nbsp;&nbsp;&nbsp;&nbsp;&nbsp;&nbsp;&nbsp;&nbsp;&nbsp; &nbsp;2)<\/strong> ++ rodzic\u00f3w: \u0141ucj\u0119 i\nW\u0142adys\u0142awa oraz rodze\u0144stwo: Danut\u0119, Paw\u0142a, W\u0142adys\u0142awa, Zbigniewa<\/p>\n\n\n\n<p>&nbsp;&nbsp;&nbsp;&nbsp;&nbsp;&nbsp;&nbsp;&nbsp;&nbsp;&nbsp;&nbsp;&nbsp;&nbsp;&nbsp;&nbsp;\n&nbsp;z rodziny Szpyrk\u00f3w<\/p>\n\n\n\n<p><strong>11.oo\n\u2013 1) <\/strong>++ Mariann\u0119 i Boles\u0142awa z\nrodziny Sztab\u00f3w \u2013 modli si\u0119 rodzina<\/p>\n\n\n\n<p><strong>&nbsp;&nbsp;&nbsp;&nbsp;&nbsp;&nbsp;&nbsp;&nbsp;&nbsp;&nbsp;&nbsp; &nbsp;\n2) <\/strong>w 50 rocz. \u015blubu\nBronis\u0142awy i J\u00f3zefa Pierog\u00f3w <strong>&nbsp;<\/strong>dzi\u0119kczynna z pro\u015bb\u0105 o\nzdrowie, dary<\/p>\n\n\n\n<p>&nbsp;&nbsp;&nbsp;&nbsp;&nbsp;&nbsp;&nbsp;&nbsp;&nbsp;&nbsp;&nbsp;&nbsp;&nbsp;&nbsp;&nbsp;&nbsp;\n&nbsp;Ducha \u015awi\u0119tego, Bo\u017ce b\u0142ogos\u0142awie\u0144stwo,\nopiek\u0119 NMP \u2013 modli si\u0119 rodzina<\/p>\n\n\n\n<p><strong>12.3o\n\u2013 1) <\/strong>W intencji Edyty i Damiana\nPytlarz\u00f3w z okazji 19 rocznicy zawarcia zwi\u0105zku ma\u0142\u017ce\u0144skiego <\/p>\n\n\n\n<p>&nbsp;&nbsp;&nbsp;&nbsp;&nbsp;&nbsp;&nbsp;&nbsp;&nbsp;&nbsp;&nbsp;&nbsp;&nbsp;&nbsp;&nbsp;&nbsp;&nbsp; z pro\u015bb\u0105 o zdrowie, Bo\u017ce b\u0142.,\nopiek\u0119 NMP &#8211; modli si\u0119 rodzina.<\/p>\n\n\n\n<p><strong>&nbsp;&nbsp;&nbsp;&nbsp;&nbsp;&nbsp;&nbsp;&nbsp;&nbsp;&nbsp;&nbsp; &nbsp;\n2)<\/strong> W 18 r. urodzin Alicji Surmy &#8211; dzi\u0119kczynna z pro\u015bb\u0105\no zdrowie, dary<\/p>\n\n\n\n<p>&nbsp;&nbsp;&nbsp;&nbsp;&nbsp;&nbsp;&nbsp;&nbsp;&nbsp;&nbsp;&nbsp;&nbsp;&nbsp;&nbsp;&nbsp;&nbsp;\n&nbsp;Ducha \u015awi\u0119tego, Bo\u017ce b\u0142ogos\u0142awie\u0144stwo,\nopiek\u0119 NMP \u2013 modl\u0105 si\u0119 rodzice <\/p>\n\n\n\n<p><strong><em>Chrzest\npo Mszy: \u0141ucja Tomaszkiewicz<\/em><\/strong><\/p>\n\n\n\n<p><strong>18.oo\n\u2013 <\/strong>+ Kazimierza Skrzyniarza w 5 rocz. \u015bm. oraz wszystkich\n++ z rodziny Skrzyniarz\u00f3w<strong>\n<\/strong>&nbsp;<\/p>\n\n\n\n<p><strong><em>03.08.\n\u2013 PONIEDZIA\u0141EK<\/em><\/strong><\/p>\n\n\n\n<p><strong>&nbsp; &nbsp;&nbsp;7.3o\n\u2013 <\/strong>&nbsp;o zdrowie, Bo\u017ce b\u0142ogos\u0142awie\u0144stwo, potrzebne\n\u0142aski i opiek\u0119 NMP dla Mateusza w 6 rocz. <\/p>\n\n\n\n<p>&nbsp;&nbsp;&nbsp;&nbsp;&nbsp;&nbsp;&nbsp;&nbsp;&nbsp;&nbsp;&nbsp;&nbsp;&nbsp;&nbsp;&nbsp; urodzin<\/p>\n\n\n\n<p><strong>18.oo\n\u2013 <\/strong>++ rodzic\u00f3w: Aniel\u0119 i Izydora oraz ++ rodze\u0144stwo \u2013\nmodli si\u0119 Bronis\u0142aw Wysocza\u0144ski<\/p>\n\n\n\n<p><strong><em>04.08.\n&#8211; WTOREK<\/em><\/strong><em><\/em><\/p>\n\n\n\n<p><strong>&nbsp; 7.3o \u2013<\/strong> + Jana Feliszka \u2013 modli si\u0119 rodzina z Juszyna i \u015arody \u015al\u0105skiej<\/p>\n\n\n\n<p><strong>18.oo\n\u2013 <\/strong>&nbsp;+ Eugeniusza Kr\u0119\u017cela w 4 rocz. \u015bm. \u2013 modli si\u0119\n\u017cona z rodzin\u0105<\/p>\n\n\n\n<p><strong><em>05.08.\n\u2013 \u015aRODA <\/em><\/strong><\/p>\n\n\n\n<p><strong>&nbsp; 7.3o \u2013 <\/strong>o zdrowie, Bo\u017ce b\u0142ogos\u0142awie\u0144stwo i potrzebne \u0142aski dla Andrzeja w 52\nrocz. urodzin<\/p>\n\n\n\n<p><strong>18.oo\n\u2013&nbsp; intencja zbiorowa nowennowa:<\/strong><\/p>\n\n\n\n<p><strong>&nbsp;1)<\/strong> ++ J\u00f3zef\u0119, Mateusza i\nFloriana z rodziny M\u0142otk\u00f3w<\/p>\n\n\n\n<p><strong>&nbsp;2)<\/strong> <\/p>\n\n\n\n<p><strong><em>06.08. \u2013 CZWARTEK <\/em><\/strong><em>&nbsp;<\/em><\/p>\n\n\n\n<p><strong>&nbsp; 7.3o \u2013<\/strong> &nbsp;w 60\nrocz. \u015blubu Anny i Piotra Madziar\u00f3w <strong>&nbsp;<\/strong>dzi\u0119kczynna z pro\u015bb\u0105 o zdrowie, dary Ducha\n<\/p>\n\n\n\n<p>&nbsp;&nbsp;&nbsp;&nbsp;&nbsp;&nbsp;&nbsp;&nbsp;&nbsp;&nbsp;&nbsp;&nbsp;&nbsp; \u015awi\u0119tego,\nBo\u017ce b\u0142ogos\u0142awie\u0144stwo, opiek\u0119 NMP \u2013 modli si\u0119 kuzynka Wac\u0142awa z rodzin\u0105<\/p>\n\n\n\n<p><strong>18.oo\n\u2013 <\/strong>&nbsp;przeb\u0142aganie za grzechy ma\u0142\u017ce\u0144stwa i rodziny<\/p>\n\n\n\n<p><strong><em>07.08. \u2013 PI\u0104TEK<\/em><\/strong><\/p>\n\n\n\n<p><strong>&nbsp; &nbsp;&nbsp;7.3o\n\u2013<\/strong>\n&nbsp;+ Grzegorza i dusze w czy\u015b\u0107cu cierpi\u0105ce<\/p>\n\n\n\n<p><strong>18.oo\n\u2013 <\/strong>zaj. P. Zdobylak<\/p>\n\n\n\n<p><strong><em>08.08. \u2013 SOBOTA<\/em><\/strong><\/p>\n\n\n\n<p><strong>&nbsp; &nbsp;&nbsp;7.3o\n\u2013<\/strong>\n<\/p>\n\n\n\n<p><strong>18.oo\n\u2013 1) <\/strong>&nbsp;zaj. P.\n\u017belazko<\/p>\n\n\n\n<p><strong>&nbsp;&nbsp;&nbsp;&nbsp;&nbsp;&nbsp;&nbsp;&nbsp;&nbsp;&nbsp;&nbsp; &nbsp;\n2)<\/strong> + Stefani\u0119 Parkasiewicz \u2013 30 dzie\u0144 od pogrzebu \u2013\nint. od uczestnik\u00f3w Mszy pogrzebowej &nbsp;<\/p>\n\n\n\n<p><strong><em>09.08. \u2013 NIEDZIELA&nbsp; <\/em><\/strong><\/p>\n\n\n\n<p><strong>&nbsp; 8.oo \u2013 1) <\/strong>+ Stanis\u0142awa Chirowskiego <\/p>\n\n\n\n<p><strong>&nbsp;&nbsp;&nbsp;&nbsp;&nbsp;&nbsp;&nbsp;&nbsp;&nbsp;&nbsp;&nbsp; &nbsp;\n2)<\/strong> <\/p>\n\n\n\n<p><strong>11.oo\n\u2013 1) <\/strong>++ Barbar\u0119 w 7 rocz. \u015bm.\noraz Henryka, Stanis\u0142aw\u0119 i J\u00f3zefa \u2013 modli si\u0119 rodzina<\/p>\n\n\n\n<p><strong>&nbsp;&nbsp;&nbsp;&nbsp;&nbsp;&nbsp;&nbsp;&nbsp;&nbsp;&nbsp;&nbsp; &nbsp;\n2) <\/strong>&nbsp;<\/p>\n\n\n\n<p><strong>12.3o\n\u2013 1) <\/strong>w 70 rocz. urodzin Zenobii\nP\u0142atek\ndzi\u0119kczynna z pro\u015bb\u0105 o zdrowie, dary Ducha \u015awi\u0119tego, <\/p>\n\n\n\n<p>&nbsp;&nbsp;&nbsp;&nbsp;&nbsp;&nbsp;&nbsp;&nbsp; &nbsp;&nbsp;&nbsp;&nbsp;&nbsp;&nbsp;&nbsp;&nbsp;&nbsp;Bo\u017ce b\u0142ogos\u0142awie\u0144stwo, opiek\u0119 NMP \u2013\nmodli si\u0119 syn z \u017con\u0105<\/p>\n\n\n\n<p><strong>&nbsp;&nbsp;&nbsp;&nbsp;&nbsp;&nbsp;&nbsp;&nbsp;&nbsp;&nbsp;&nbsp; &nbsp;\n2)<\/strong> zaj. P. Zdobylak<\/p>\n\n\n\n<p><strong>18.oo\n\u2013 &nbsp;<\/strong>++ rodzic\u00f3w i dziadk\u00f3w: Mari\u0119 i Paw\u0142a Pejs\u00f3w oraz Franciszk\u0119 i Krzysztofa\nGrocholskich <\/p>\n\n\n\n<p>&nbsp;&nbsp;&nbsp;&nbsp;&nbsp;&nbsp;&nbsp;&nbsp;&nbsp;&nbsp;&nbsp;&nbsp;&nbsp;&nbsp; \u2013 modli si\u0119 c\u00f3rka z rodzin\u0105\n<\/p>\n","protected":false},"excerpt":{"rendered":"<p>Sk\u0142adaj\u0105c Ofiar\u0119, kt\u00f3ra nam przypomina niezmierzon\u0105 mi\u0142o\u015b\u0107 Twojego Syna, pokornie prosimy Ci\u0119, Bo\u017ce, przyjmij intencje Twoich wiernych i spraw przez dzia\u0142anie Eucharystii, aby w naszych rodzinach wzrasta\u0142a prawdziwa wiara, \u015bwi\u0119to\u015b\u0107 \u017cycia, braterska mi\u0142o\u015b\u0107 i duch modlitwy. Niech Matka Naj\u015bwi\u0119tsza wyprosi \u0142aski, o kt\u00f3re modlili\u015bmy si\u0119 w tej Mszy \u015bw. dla&#8230; <a class=\"continue-reading-link\" href=\"http:\/\/parafia.scinawa.info\/index.php\/2020\/09\/12\/intencje-mszalne-02-08-09-08-2020\/\">Czytaj dalej <span class=\"meta-nav\">&rarr; <\/span><\/a><\/p>\n","protected":false},"author":2,"featured_media":0,"comment_status":"closed","ping_status":"closed","sticky":false,"template":"","format":"standard","meta":{"footnotes":""},"categories":[39],"tags":[],"class_list":["post-1481","post","type-post","status-publish","format-standard","hentry","category-intencje"],"_links":{"self":[{"href":"http:\/\/parafia.scinawa.info\/index.php\/wp-json\/wp\/v2\/posts\/1481","targetHints":{"allow":["GET"]}}],"collection":[{"href":"http:\/\/parafia.scinawa.info\/index.php\/wp-json\/wp\/v2\/posts"}],"about":[{"href":"http:\/\/parafia.scinawa.info\/index.php\/wp-json\/wp\/v2\/types\/post"}],"author":[{"embeddable":true,"href":"http:\/\/parafia.scinawa.info\/index.php\/wp-json\/wp\/v2\/users\/2"}],"replies":[{"embeddable":true,"href":"http:\/\/parafia.scinawa.info\/index.php\/wp-json\/wp\/v2\/comments?post=1481"}],"version-history":[{"count":1,"href":"http:\/\/parafia.scinawa.info\/index.php\/wp-json\/wp\/v2\/posts\/1481\/revisions"}],"predecessor-version":[{"id":1482,"href":"http:\/\/parafia.scinawa.info\/index.php\/wp-json\/wp\/v2\/posts\/1481\/revisions\/1482"}],"wp:attachment":[{"href":"http:\/\/parafia.scinawa.info\/index.php\/wp-json\/wp\/v2\/media?parent=1481"}],"wp:term":[{"taxonomy":"category","embeddable":true,"href":"http:\/\/parafia.scinawa.info\/index.php\/wp-json\/wp\/v2\/categories?post=1481"},{"taxonomy":"post_tag","embeddable":true,"href":"http:\/\/parafia.scinawa.info\/index.php\/wp-json\/wp\/v2\/tags?post=1481"}],"curies":[{"name":"wp","href":"https:\/\/api.w.org\/{rel}","templated":true}]}}