{"id":1485,"date":"2020-09-12T11:45:58","date_gmt":"2020-09-12T09:45:58","guid":{"rendered":"http:\/\/parafia.scinawa.info\/?p=1485"},"modified":"2020-09-12T11:45:58","modified_gmt":"2020-09-12T09:45:58","slug":"intencje-mszalne-16-08-23-08-2020","status":"publish","type":"post","link":"http:\/\/parafia.scinawa.info\/index.php\/2020\/09\/12\/intencje-mszalne-16-08-23-08-2020\/","title":{"rendered":"INTENCJE MSZALNE 16.08. \u2013 23.08. 2020"},"content":{"rendered":"\n<p><strong><em>Sk\u0142adaj\u0105c\nOfiar\u0119, kt\u00f3ra nam przypomina niezmierzon\u0105 mi\u0142o\u015b\u0107 Twojego Syna, pokornie prosimy\nCi\u0119, Bo\u017ce, przyjmij intencje Twoich wiernych i spraw przez dzia\u0142anie\nEucharystii, aby w naszych rodzinach wzrasta\u0142a prawdziwa wiara, \u015bwi\u0119to\u015b\u0107 \u017cycia,\nbraterska mi\u0142o\u015b\u0107 i duch modlitwy. <\/em><\/strong><strong>Niech\nMatka Naj\u015bwi\u0119tsza wyprosi \u0142aski, o kt\u00f3re modlili\u015bmy si\u0119 w tej Mszy \u015bw. dla \u2026\nZa\u015b zmar\u0142ym \u2026 za kt\u00f3rych odprawiali\u015bmy Msz\u0119 \u015bw.: wieczny odpoczynek racz im\nda\u0107 Panie (\u2026); niech odpoczywaj\u0105 w pokoju wiecznym. Amen<\/strong><\/p>\n\n\n\n<p><strong><em>16.08.\n&#8211; NIEDZIELA&nbsp; <\/em><\/strong><em><\/em><\/p>\n\n\n\n<p><strong>&nbsp; &nbsp;8.oo \u2013\n1) <\/strong>&nbsp;+J\u00f3zef\u0119 Oleks\u00f3w<\/p>\n\n\n\n<p><strong>&nbsp;&nbsp;&nbsp;&nbsp;&nbsp;&nbsp;&nbsp;&nbsp;&nbsp;&nbsp;&nbsp; &nbsp;\n&nbsp;2)<\/strong>\n&nbsp;W 4 rocznic\u0119 \u015bmierci mamy Marii o jej\nwieczne szcz\u0119\u015bcie i spok\u00f3j duszy- modli si\u0119<\/p>\n\n\n\n<p>&nbsp;&nbsp;&nbsp;&nbsp;&nbsp;&nbsp;&nbsp;&nbsp;&nbsp;&nbsp;&nbsp;&nbsp;&nbsp;&nbsp;&nbsp;&nbsp;&nbsp;&nbsp;&nbsp;\nrodzina &nbsp;&nbsp;&nbsp;&nbsp;&nbsp;&nbsp;&nbsp;<\/p>\n\n\n\n<p>&nbsp;&nbsp;&nbsp;&nbsp;&nbsp;&nbsp;&nbsp;&nbsp;&nbsp;&nbsp; &nbsp;&nbsp;&nbsp;<strong>3) <\/strong>O\n\u0142ask\u0119 zdrowia dla ci\u0119\u017cko chorego wnuczka Arturka- modl\u0105 si\u0119 dziadkowie<\/p>\n\n\n\n<p><strong>11.oo\n\u2013 1) <\/strong>++ Magdalen\u0119 i Piotra\nBogacz\u00f3w w rocz. ich \u015bm., Ann\u0119 i Jana drobnych w rocz. ich \u015bm.<\/p>\n\n\n\n<p>&nbsp;&nbsp;&nbsp;&nbsp;&nbsp;&nbsp;&nbsp;&nbsp;&nbsp;&nbsp;&nbsp;&nbsp;&nbsp;&nbsp;&nbsp;&nbsp; &nbsp;oraz wszystkich zmar\u0142ych z tych rodzin \u2013 modli\nsi\u0119 Stanis\u0142aw z \u017con\u0105<strong><\/strong><\/p>\n\n\n\n<p><strong>&nbsp;&nbsp;&nbsp;&nbsp;&nbsp;&nbsp;&nbsp;&nbsp;&nbsp;&nbsp;&nbsp; &nbsp;\n2) <\/strong>&nbsp;Z okazji 95\nrocznicy urodzin Bronis\u0142awy \u017bo\u0142y\u0144skiej- modli si\u0119 rodzina<\/p>\n\n\n\n<p><strong>12.3o\n\u2013 1) <\/strong>+Czes\u0142aw\u0119(ona), Katarzyn\u0119,\nStanis\u0142awa(on) oraz zmar\u0142ych z rodziny \u017bo\u0142y\u0144skich- modli si\u0119 rodzina<\/p>\n\n\n\n<p><strong>&nbsp;&nbsp;&nbsp;&nbsp;&nbsp;&nbsp;&nbsp;&nbsp;&nbsp;&nbsp;&nbsp; &nbsp;\n2)<\/strong> + Stanis\u0142aw\u0119 \u017bo\u0142\u0105dziejewsk\u0105 w 3 rocz. \u015bm. \u2013 modli si\u0119\nJ\u00f3zef z rodzin\u0105<\/p>\n\n\n\n<p><strong><em>chrzest\npo Mszy: Weronika Michalina i Filip Rzepa, Antoni Stanis\u0142awski<\/em><\/strong><\/p>\n\n\n\n<p><strong>18.oo\n\u2013 1) <\/strong>+ Mariana Ma\u0142ka w 18 rocz.\n\u015bm. oraz ++ rodzic\u00f3w z obu stron \u2013 modli si\u0119 \u017cona z rodzin\u0105\n<\/p>\n\n\n\n<p>&nbsp;&nbsp;&nbsp;&nbsp;&nbsp;&nbsp;&nbsp;&nbsp;&nbsp;&nbsp; &nbsp;&nbsp;<strong>&nbsp;2)<\/strong> ++ Iren\u0119, Wies\u0142awa i Kamil\u0119 z rodziny\nStruskich i ++ Janin\u0119 i Stanis\u0142awa(on) Stochmal- modli si\u0119 rodzina<\/p>\n\n\n\n<p><strong><em>17.08.\n\u2013 PONIEDZIA\u0141EK<\/em><\/strong><\/p>\n\n\n\n<p><strong>&nbsp; &nbsp;&nbsp;7.3o\n\u2013 <\/strong>++ Micha\u0142a i Hann\u0119 w rocz. ich ziemskich urodzin\n<\/p>\n\n\n\n<p><strong>18.oo\n\u2013 <\/strong>+ Mari\u0119 Szpularz z racji ziemskich imienin oraz ++\nKarolin\u0119, Antoniego<\/p>\n\n\n\n<p>&nbsp;&nbsp;&nbsp;&nbsp;&nbsp;&nbsp;&nbsp;&nbsp;&nbsp;&nbsp;&nbsp;&nbsp;&nbsp; &nbsp;i wszystkich ++ z rodziny Szpularz\u00f3w \u2013 modli si\u0119\nm\u0105\u017c&nbsp; rodzin\u0105<\/p>\n\n\n\n<p><strong><em>18.08.\n&#8211; WTOREK<\/em><\/strong><em><\/em><\/p>\n\n\n\n<p><strong>&nbsp; 7.3o \u2013<\/strong> <\/p>\n\n\n\n<p><strong>18.oo\n\u2013 <\/strong>&nbsp;+ Jana Feliszka \u2013 intencja od rodziny\nAgnieszki i Tadeusza Pakos\u00f3w z Rybnika<\/p>\n\n\n\n<p><strong><em>19.08.\n\u2013 \u015aRODA <\/em><\/strong><\/p>\n\n\n\n<p><strong>&nbsp; 7.3o \u2013 <\/strong>+ Wiktori\u0119 w 16 rocz. \u015bm.<\/p>\n\n\n\n<p><strong>18.oo\n\u2013&nbsp; intencja zbiorowa nowennowa:<\/strong><\/p>\n\n\n\n<p><strong>&nbsp;1)<\/strong> J\u00f3zefa(on)- w 3 r.\n\u015bm.- modli si\u0119 \u017cona z dzie\u0107mi<\/p>\n\n\n\n<p><strong>&nbsp;2)<\/strong> ++ rodzic\u00f3w: Mari\u0119 w\n20 rocz. \u015bm. i Stanis\u0142awa w 47 rocz. \u015bm. z rodziny Kulpi\u0144skich \u2013 modli si\u0119 <\/p>\n\n\n\n<p>&nbsp;&nbsp;&nbsp;&nbsp;&nbsp; c\u00f3rka Genowefa z rodziny Pirog\u00f3w<\/p>\n\n\n\n<p><strong>&nbsp;3) <\/strong>+ Katarzyna Zdobylak<\/p>\n\n\n\n<p>&nbsp;<strong>4)\n<\/strong>W intencji Bart\u0142omieja Dudy z okazji 18 urodzin z\npro\u015bb\u0105 o Bo\u017ce b\u0142. i opiek\u0119 Matki Bo\u017cej<strong><\/strong><\/p>\n\n\n\n<p><strong><em>20.08. \u2013 CZWARTEK <\/em><\/strong><em>&nbsp;<\/em><\/p>\n\n\n\n<p><strong>&nbsp; 7.3o \u2013<\/strong> &nbsp;o zdrowie, Bo\u017ce b\u0142ogos\u0142awie\u0144stwo i opiek\u0119 NMP\ndla Zenobii <\/p>\n\n\n\n<p><strong>18.oo\n\u2013 <\/strong>zaj. P. \u017belazko <\/p>\n\n\n\n<p><strong><em>21.08. \u2013 PI\u0104TEK<\/em><\/strong><\/p>\n\n\n\n<p><strong>&nbsp; &nbsp;&nbsp;7.3o\n\u2013<\/strong>\n&nbsp;+ Jana Feliszka \u2013 30 dzie\u0144 od pogrzebu \u2013\nintencja od uczestnik\u00f3w Mszy pogrzebowej<\/p>\n\n\n\n<p><strong>18.oo\n\u20131) <\/strong>+\n\u017con\u0119 Halin\u0119 Bednarsk\u0105 w 2 rocz. \u015bm. oraz dusze w czy\u015b\u0107cu cierpi\u0105ce \u2013 modli si\u0119\nrodzina<\/p>\n\n\n\n<p>&nbsp;&nbsp;&nbsp;&nbsp;&nbsp;&nbsp;&nbsp;&nbsp;&nbsp;&nbsp;&nbsp; &nbsp;<strong>2)<\/strong> + Mari\u0119 Miniewsk\u0105 w 3 miesi\u0105ce od\npogrzebu \u2013 modli si\u0119 rodzina &nbsp;&nbsp;<\/p>\n\n\n\n<p><strong><em>22.08. \u2013 SOBOTA<\/em><\/strong><\/p>\n\n\n\n<p><strong>&nbsp; &nbsp;&nbsp;7.3o\n\u2013<\/strong>\n<\/p>\n\n\n\n<p><strong>16.3o\n\u2013<\/strong> <strong><em>chrzest:\nAntoni Tomaszek<\/em><\/strong><\/p>\n\n\n\n<p><strong>18.oo\n\u2013 1) <\/strong>&nbsp;+Stanis\u0142awa\n(on) \u0141agod\u0119-&nbsp; wieczne szcz\u0119\u015bcie<\/p>\n\n\n\n<p><strong>&nbsp;&nbsp;&nbsp;&nbsp;&nbsp;&nbsp;&nbsp;&nbsp;&nbsp;&nbsp;&nbsp; &nbsp;\n2)<\/strong> + Wies\u0142awa Cichut\u0119 w 2 rocz. \u015bm. \u2013 modli si\u0119 \u017cona,\ndzieci, rodzice i rodze\u0144stwo <\/p>\n\n\n\n<p><strong><em>23.08. \u2013 NIEDZIELA&nbsp; <\/em><\/strong><\/p>\n\n\n\n<p><strong>&nbsp; 8.oo \u2013 1) <\/strong>+ Henryka Deca w 2 r. \u015bm., +tat\u0119 Boles\u0142awa(on)i ++ te\u015bci\u00f3w: Mari\u0119 i Stanis\u0142awa(on)-\nmodli si\u0119 rodzina <\/p>\n\n\n\n<p><strong>&nbsp;&nbsp;&nbsp;&nbsp;&nbsp;&nbsp;&nbsp;&nbsp;&nbsp;&nbsp;&nbsp; &nbsp;\n2)<\/strong> W intencji kap\u0142an\u00f3w, kt\u00f3rzy pos\u0142uguj\u0105 w naszej\nparafii, szczeg\u00f3lnie za ks. Proboszcza Andrzeja, kt\u00f3ry 5 rok jest z nami o potrzebne\n\u0142aski i Bo\u017ce b\u0142. w dalszej pos\u0142udze kap\u0142a\u0144skiej- modli si\u0119 parafianka <\/p>\n\n\n\n<p><strong>11.oo\n\u2013 1) <\/strong>++ Stefana(on), J\u0119drzeja,\nMariann\u0119(ona), Zofi\u0119 z rodziny Brz\u00f3zk\u00f3w- modli si\u0119 rodzina<strong><\/strong><\/p>\n\n\n\n<p><strong>&nbsp;&nbsp;&nbsp;&nbsp;&nbsp;&nbsp;&nbsp;&nbsp;&nbsp;&nbsp;&nbsp; &nbsp;\n2) <\/strong>&nbsp;O zdrowie,\nBo\u017ce b\u0142ogos\u0142awie\u0144stwo oraz opiek\u0119 MB dla J\u00f3zefa(on) Bednarczuka<\/p>\n\n\n\n<p><strong>12.3o\n\u2013 1) <\/strong>Za Micha\u0142a Pytlarz w 11\nrocznic\u0119 urodzin&nbsp; pro\u015bb\u0105 o Bo\u017ce b\u0142.,\nopiek\u0119 NMP i \u015bw. patron\u00f3w- modli si\u0119 rodzina<\/p>\n\n\n\n<p><strong>&nbsp;&nbsp;&nbsp;&nbsp;&nbsp;&nbsp;&nbsp;&nbsp;&nbsp;&nbsp;&nbsp; &nbsp;\n2)<\/strong> w 1 rocz. urodzin Szymona Witkowskiego dzi\u0119kczynna\nz pro\u015bb\u0105 o zdrowie, dary Ducha<\/p>\n\n\n\n<p>&nbsp;&nbsp;&nbsp;&nbsp;&nbsp;&nbsp;&nbsp;&nbsp;&nbsp;&nbsp;&nbsp;&nbsp;&nbsp;&nbsp;\n&nbsp;\u015awi\u0119tego, Bo\u017ce b\u0142ogos\u0142awie\u0144stwo,\nopiek\u0119 NMP \u2013 modl\u0105 si\u0119 dziadkowie Janina i Stanis\u0142aw<\/p>\n\n\n\n<p><strong>18.oo\n\u2013 <\/strong>zaj. P. Spiak<strong> <\/strong>&nbsp;<\/p>\n","protected":false},"excerpt":{"rendered":"<p>Sk\u0142adaj\u0105c Ofiar\u0119, kt\u00f3ra nam przypomina niezmierzon\u0105 mi\u0142o\u015b\u0107 Twojego Syna, pokornie prosimy Ci\u0119, Bo\u017ce, przyjmij intencje Twoich wiernych i spraw przez dzia\u0142anie Eucharystii, aby w naszych rodzinach wzrasta\u0142a prawdziwa wiara, \u015bwi\u0119to\u015b\u0107 \u017cycia, braterska mi\u0142o\u015b\u0107 i duch modlitwy. Niech Matka Naj\u015bwi\u0119tsza wyprosi \u0142aski, o kt\u00f3re modlili\u015bmy si\u0119 w tej Mszy \u015bw. dla&#8230; <a class=\"continue-reading-link\" href=\"http:\/\/parafia.scinawa.info\/index.php\/2020\/09\/12\/intencje-mszalne-16-08-23-08-2020\/\">Czytaj dalej <span class=\"meta-nav\">&rarr; <\/span><\/a><\/p>\n","protected":false},"author":2,"featured_media":0,"comment_status":"closed","ping_status":"closed","sticky":false,"template":"","format":"standard","meta":{"footnotes":""},"categories":[39],"tags":[],"class_list":["post-1485","post","type-post","status-publish","format-standard","hentry","category-intencje"],"_links":{"self":[{"href":"http:\/\/parafia.scinawa.info\/index.php\/wp-json\/wp\/v2\/posts\/1485","targetHints":{"allow":["GET"]}}],"collection":[{"href":"http:\/\/parafia.scinawa.info\/index.php\/wp-json\/wp\/v2\/posts"}],"about":[{"href":"http:\/\/parafia.scinawa.info\/index.php\/wp-json\/wp\/v2\/types\/post"}],"author":[{"embeddable":true,"href":"http:\/\/parafia.scinawa.info\/index.php\/wp-json\/wp\/v2\/users\/2"}],"replies":[{"embeddable":true,"href":"http:\/\/parafia.scinawa.info\/index.php\/wp-json\/wp\/v2\/comments?post=1485"}],"version-history":[{"count":1,"href":"http:\/\/parafia.scinawa.info\/index.php\/wp-json\/wp\/v2\/posts\/1485\/revisions"}],"predecessor-version":[{"id":1486,"href":"http:\/\/parafia.scinawa.info\/index.php\/wp-json\/wp\/v2\/posts\/1485\/revisions\/1486"}],"wp:attachment":[{"href":"http:\/\/parafia.scinawa.info\/index.php\/wp-json\/wp\/v2\/media?parent=1485"}],"wp:term":[{"taxonomy":"category","embeddable":true,"href":"http:\/\/parafia.scinawa.info\/index.php\/wp-json\/wp\/v2\/categories?post=1485"},{"taxonomy":"post_tag","embeddable":true,"href":"http:\/\/parafia.scinawa.info\/index.php\/wp-json\/wp\/v2\/tags?post=1485"}],"curies":[{"name":"wp","href":"https:\/\/api.w.org\/{rel}","templated":true}]}}