{"id":1507,"date":"2020-09-12T11:59:08","date_gmt":"2020-09-12T09:59:08","guid":{"rendered":"http:\/\/parafia.scinawa.info\/?p=1507"},"modified":"2020-09-12T11:59:08","modified_gmt":"2020-09-12T09:59:08","slug":"ogloszenia-duszpasterskie-22-niedziela-zwykla-30-08-2020","status":"publish","type":"post","link":"http:\/\/parafia.scinawa.info\/index.php\/2020\/09\/12\/ogloszenia-duszpasterskie-22-niedziela-zwykla-30-08-2020\/","title":{"rendered":"Og\u0142oszenia duszpasterskie  22 Niedziela zwyk\u0142a \u2013 30.08. 2020"},"content":{"rendered":"\n<p><strong>1<\/strong><strong>.<\/strong>\nDzi\u015b prze\u017cywamy <strong>22 Niedziel\u0119 zwyk\u0142\u0105<\/strong>.\nMsze \u015bw. wed\u0142ug porz\u0105dku\nwakacyjnego. <strong><em>Na Mszy \u015bw. o 12<sup>30<\/sup> Siostry\nJadwi\u017canki prze\u017cywaj\u0105 i dzi\u0119kuj\u0105 Bogu za Jubileusz 50 &#8211; lecia przybycia i pracy\nw \u015acinawie. Serdecznie zapraszamy.<\/em><\/strong><\/p>\n\n\n\n<p><strong>2<\/strong><strong>.<\/strong>\nMsze \u015bw. w tygodniu&nbsp; o\n<strong>7<sup>00<\/sup><\/strong> i <strong>18<sup>00<\/sup><\/strong>. &nbsp;<\/p>\n\n\n\n<p><strong>3.<\/strong>\nCodziennie spowied\u017a i adoracja Naj\u015bwi\u0119tszego Sakramentu o godz. <strong>17<sup>00<\/sup>.<\/strong><\/p>\n\n\n\n<p><strong>4. <\/strong><strong>W poniedzia\u0142ek o&nbsp; 17<sup>30<\/sup> nabo\u017ce\u0144stwo do Bo\u017cego\nMi\u0142osierdzia. <\/strong>(Na stoliku pod ch\u00f3rem znajduj\u0105 si\u0119\nkartki, na kt\u00f3rych mo\u017cna wypisywa\u0107 pro\u015bby i podzi\u0119kowania, kt\u00f3re b\u0119dziemy\npoleca\u0107 Bo\u017cemu Mi\u0142osierdziu).<strong><\/strong><\/p>\n\n\n\n<p><strong>5. <\/strong>W\n\u015brod\u0119 Nowenna do NMP Nieustaj\u0105cej Pomocy o godz. <strong>17<sup>30<\/sup><\/strong>.<\/p>\n\n\n\n<p><strong>6<\/strong><strong>.<\/strong> <strong>&nbsp;<\/strong>W tym tygodniu obchodzimy:<\/p>\n\n\n\n<p>&#8211; <strong>we wtorek<\/strong>&nbsp;\n\u2013 rozpocz\u0119cie Nowego Roku szkolnego \u2013 Msza \u015bw. o godz. <strong>18<sup>00<\/sup><\/strong>.<\/p>\n\n\n\n<p>&#8211; <strong>w czwartek<\/strong>&nbsp;\n\u2013 wspomnienie \u015bw. Grzegorza Wielkiego, papie\u017ca i doktora Ko\u015bcio\u0142a<\/p>\n\n\n\n<p><strong>7.<\/strong>\nW tym tygodniu obchodzimy I czwartek, I pi\u0105tek i I sobota miesi\u0105ca. <\/p>\n\n\n\n<p><strong>8<\/strong><strong>.<\/strong>\n<strong><em>Odwiedziny\nchorych w I pi\u0105tek miesi\u0105ca od godz. <\/em>8<sup>30<\/sup><em>. <\/em><\/strong><\/p>\n\n\n\n<p><strong>9.<\/strong>\nW sobot\u0119 o godz. <strong>17<sup>00<\/sup><\/strong> <strong><em>nabo\u017ce\u0144stwo\nfatimskie<\/em><\/strong> I soboty miesi\u0105ca.<strong><\/strong><\/p>\n\n\n\n<p><strong>7<\/strong><strong>. <\/strong>W przysz\u0142\u0105 niedziel\u0119 b\u0119dziemy\nprze\u017cywa\u0107 <strong>23 Niedziel\u0119\nzwyk\u0142\u0105<\/strong>. Msze \u015bw.:<strong>\n<\/strong><strong>8<sup>00<\/sup>,\n9<sup>30<\/sup><\/strong>, <strong>11<sup>00<\/sup><\/strong> \u2013 I Komunia<strong>,\n18<sup>00<\/sup><\/strong>. Zmiana tajemnic \u017bywego R\u00f3\u017ca\u0144ca po Mszy\no <strong>8<sup>00<\/sup><\/strong><strong>.<\/strong>\n<\/p>\n\n\n\n<p><strong>8<\/strong><strong>.<\/strong>\nKancelaria czynna codziennie po Mszy \u015bw. wieczornej z wyj\u0105tkiem niedziel,\nuroczysto\u015bci i \u015bwi\u0105t.<\/p>\n\n\n\n<p><strong>9<\/strong><strong>.<\/strong>\nDo nabycia jest prasa katolicka: Niedziela, Go\u015b\u0107 Niedzielny i R\u00f3\u017caniec. <\/p>\n\n\n\n<p><strong>10<\/strong><strong>.<\/strong>\nDzi\u0119kuj\u0119 wszystkim, kt\u00f3rzy w tym tygodniu sprz\u0105tali \u015bwi\u0105tyni\u0119 i przygotowali j\u0105\nna nasze spotkanie eucharystyczne.<\/p>\n\n\n\n<p><strong>11<\/strong><strong>.<\/strong>\nSerdeczne B\u00f3g zap\u0142a\u0107 za ofiary sk\u0142adane na remonty w naszej parafii. <\/p>\n\n\n\n<p><strong>12.<\/strong>\nW czwartek po Mszy wieczornej w ko\u015bciele zbi\u00f3rka kandydat\u00f3w, ministrant\u00f3w i\nlektor\u00f3w.<\/p>\n\n\n\n<p><strong>13.<\/strong>\nIntencje mszalne, obrazki \u2013 pami\u0105tki odprawionej Mszy \u015bw.<\/p>\n\n\n\n<p><strong>14.<\/strong>\n<strong>I Komunia:<\/strong><\/p>\n\n\n\n<p>&#8211;\npr\u00f3ba dzieci do I Komunii \u015bw. odb\u0119dzie si\u0119 w poniedzia\u0142ek i wtorek o godz. <strong>16<sup>00<\/sup>\n<\/strong>w ko\u015bciele. <\/p>\n\n\n\n<p>&#8211;\nw czwartek o <strong>9<sup>00<\/sup> <\/strong>sprz\u0105tanie ko\u015bcio\u0142a przez rodzic\u00f3w na\nuroczysto\u015b\u0107 I Komunii<\/p>\n\n\n\n<p>&#8211;\nw sobot\u0119 o godz. <strong>9<sup>00<\/sup><\/strong>\nspowied\u017a dzieci pierwszokomunijnych i ich rodzin.<\/p>\n\n\n\n<p>&#8211;\nw niedziel\u0119 o <strong>11<sup>00<\/sup><\/strong> \u2013 I Komunia<\/p>\n\n\n\n<p><em>\u017byczymy mi\u0142ego tygodnia\ni obfitych \u0142ask Bo\u017cych.<\/em><\/p>\n","protected":false},"excerpt":{"rendered":"<p>1. Dzi\u015b prze\u017cywamy 22 Niedziel\u0119 zwyk\u0142\u0105. Msze \u015bw. wed\u0142ug porz\u0105dku wakacyjnego. Na Mszy \u015bw. o 1230 Siostry Jadwi\u017canki prze\u017cywaj\u0105 i dzi\u0119kuj\u0105 Bogu za Jubileusz 50 &#8211; lecia przybycia i pracy w \u015acinawie. Serdecznie zapraszamy. 2. Msze \u015bw. w tygodniu&nbsp; o 700 i 1800. &nbsp; 3. Codziennie spowied\u017a i adoracja Naj\u015bwi\u0119tszego&#8230; <a class=\"continue-reading-link\" href=\"http:\/\/parafia.scinawa.info\/index.php\/2020\/09\/12\/ogloszenia-duszpasterskie-22-niedziela-zwykla-30-08-2020\/\">Czytaj dalej <span class=\"meta-nav\">&rarr; <\/span><\/a><\/p>\n","protected":false},"author":2,"featured_media":0,"comment_status":"closed","ping_status":"closed","sticky":false,"template":"","format":"standard","meta":{"footnotes":""},"categories":[40],"tags":[],"class_list":["post-1507","post","type-post","status-publish","format-standard","hentry","category-ogloszenia-duszpasterskie"],"_links":{"self":[{"href":"http:\/\/parafia.scinawa.info\/index.php\/wp-json\/wp\/v2\/posts\/1507","targetHints":{"allow":["GET"]}}],"collection":[{"href":"http:\/\/parafia.scinawa.info\/index.php\/wp-json\/wp\/v2\/posts"}],"about":[{"href":"http:\/\/parafia.scinawa.info\/index.php\/wp-json\/wp\/v2\/types\/post"}],"author":[{"embeddable":true,"href":"http:\/\/parafia.scinawa.info\/index.php\/wp-json\/wp\/v2\/users\/2"}],"replies":[{"embeddable":true,"href":"http:\/\/parafia.scinawa.info\/index.php\/wp-json\/wp\/v2\/comments?post=1507"}],"version-history":[{"count":1,"href":"http:\/\/parafia.scinawa.info\/index.php\/wp-json\/wp\/v2\/posts\/1507\/revisions"}],"predecessor-version":[{"id":1508,"href":"http:\/\/parafia.scinawa.info\/index.php\/wp-json\/wp\/v2\/posts\/1507\/revisions\/1508"}],"wp:attachment":[{"href":"http:\/\/parafia.scinawa.info\/index.php\/wp-json\/wp\/v2\/media?parent=1507"}],"wp:term":[{"taxonomy":"category","embeddable":true,"href":"http:\/\/parafia.scinawa.info\/index.php\/wp-json\/wp\/v2\/categories?post=1507"},{"taxonomy":"post_tag","embeddable":true,"href":"http:\/\/parafia.scinawa.info\/index.php\/wp-json\/wp\/v2\/tags?post=1507"}],"curies":[{"name":"wp","href":"https:\/\/api.w.org\/{rel}","templated":true}]}}