{"id":1509,"date":"2020-09-12T12:00:25","date_gmt":"2020-09-12T10:00:25","guid":{"rendered":"http:\/\/parafia.scinawa.info\/?p=1509"},"modified":"2020-09-12T12:00:25","modified_gmt":"2020-09-12T10:00:25","slug":"ogloszenia-duszpasterskie-23-niedziela-zwykla-06-09-2020","status":"publish","type":"post","link":"http:\/\/parafia.scinawa.info\/index.php\/2020\/09\/12\/ogloszenia-duszpasterskie-23-niedziela-zwykla-06-09-2020\/","title":{"rendered":"Og\u0142oszenia duszpasterskie  23 Niedziela zwyk\u0142a \u2013 06.09. 2020"},"content":{"rendered":"\n<p><strong>1<\/strong><strong>.<\/strong>\nDzi\u015b prze\u017cywamy <strong>23\nNiedziel\u0119 zwyk\u0142\u0105<\/strong>. Msze \u015bw.:<strong>\n<\/strong><strong>8<sup>00<\/sup>,\n9<sup>30<\/sup><\/strong>, <strong>11<sup>00<\/sup><\/strong> \u2013 I Komunia<strong>,\n18<sup>00<\/sup><\/strong>. Zmiana tajemnic \u017bywego\nR\u00f3\u017ca\u0144ca po Mszy o <strong>8<sup>00<\/sup>.<\/strong><\/p>\n\n\n\n<p><strong>2<\/strong><strong>.<\/strong>\nMsze \u015bw. w tygodniu&nbsp; o\n<strong>7<sup>00<\/sup><\/strong> i <strong>18<sup>00<\/sup><\/strong>. Dzieci I\nkomunijne prze\u017cywaj\u0105 Bia\u0142y Tydzie\u0144 codziennie o <strong>18<sup>00<\/sup>.<\/strong><\/p>\n\n\n\n<p><strong>3.<\/strong>\nCodziennie spowied\u017a i adoracja Naj\u015bwi\u0119tszego Sakramentu o godz. <strong>17<sup>00<\/sup>.<\/strong><\/p>\n\n\n\n<p><strong>4. <\/strong><strong>W poniedzia\u0142ek o&nbsp; 17<sup>30<\/sup> nabo\u017ce\u0144stwo do Bo\u017cego\nMi\u0142osierdzia. <\/strong>(Na stoliku pod ch\u00f3rem znajduj\u0105 si\u0119\nkartki, na kt\u00f3rych mo\u017cna wypisywa\u0107 pro\u015bby i podzi\u0119kowania, kt\u00f3re b\u0119dziemy\npoleca\u0107 Bo\u017cemu Mi\u0142osierdziu).<strong><\/strong><\/p>\n\n\n\n<p><strong>5. <\/strong>W\n\u015brod\u0119 Nowenna do NMP Nieustaj\u0105cej Pomocy o godz. <strong>17<sup>30<\/sup><\/strong>.<\/p>\n\n\n\n<p><strong>6<\/strong><strong>.<\/strong> <strong>&nbsp;<\/strong>W tym tygodniu obchodzimy:<\/p>\n\n\n\n<p>&#8211; <strong>we wtorek<\/strong>&nbsp;\n\u2013 \u015bwi\u0119to Narodzenia NMP. <strong><em>W\nR\u0119szowie Msza \u015bw. odpustowa o godz. 18<sup>00<\/sup>.<\/em><\/strong><\/p>\n\n\n\n<p><strong>7<\/strong><strong>. <\/strong>W przysz\u0142\u0105 niedziel\u0119 b\u0119dziemy\nprze\u017cywa\u0107 <strong>24 Niedziel\u0119\nzwyk\u0142\u0105<\/strong>. Msze \u015bw. wg porz\u0105dku niedzielnego,\na wi\u0119c:<strong>8<sup>00 <\/sup>, 9<sup>30<\/sup><\/strong>,\n<strong>11<sup>00<\/sup><\/strong>, <strong>12<sup>30 <\/sup>, 18<sup>00<\/sup><\/strong>. <strong><em>W\nniedziel\u0119, 13 wrze\u015bnia kolejne nabo\u017ce\u0144stwo fatimskie po Mszy wieczornej.<\/em><\/strong>\nZapraszamy.<\/p>\n\n\n\n<p><strong>8<\/strong><strong>.<\/strong>\nKancelaria czynna codziennie po Mszy \u015bw. wieczornej z wyj\u0105tkiem niedziel,\nuroczysto\u015bci i \u015bwi\u0105t.<\/p>\n\n\n\n<p><strong>9<\/strong><strong>.<\/strong>\nDo nabycia jest prasa katolicka: Niedziela, Go\u015b\u0107 Niedzielny i R\u00f3\u017caniec. <\/p>\n\n\n\n<p><strong>10<\/strong><strong>.<\/strong>\nDzi\u0119kuj\u0119 wszystkim, kt\u00f3rzy w tym tygodniu sprz\u0105tali \u015bwi\u0105tyni\u0119 i przygotowali j\u0105\nna nasze spotkanie eucharystyczne.<\/p>\n\n\n\n<p><strong>11<\/strong><strong>.<\/strong>\nSerdeczne B\u00f3g zap\u0142a\u0107 za ofiary sk\u0142adane na remonty w naszej parafii. <\/p>\n\n\n\n<p><strong>12.<\/strong>\n<strong><em>We wtorek o 16<sup>00<\/sup> &nbsp;zbi\u00f3rka ministrant\u00f3w w salce parafialnej.<\/em><\/strong><\/p>\n\n\n\n<p><strong>13.<\/strong>\nIntencje mszalne, obrazki \u2013 pami\u0105tki odprawionej Mszy \u015bw.<\/p>\n\n\n\n<p><em>\u017byczymy mi\u0142ego tygodnia\ni obfitych \u0142ask Bo\u017cych.<\/em><\/p>\n","protected":false},"excerpt":{"rendered":"<p>1. Dzi\u015b prze\u017cywamy 23 Niedziel\u0119 zwyk\u0142\u0105. Msze \u015bw.: 800, 930, 1100 \u2013 I Komunia, 1800. Zmiana tajemnic \u017bywego R\u00f3\u017ca\u0144ca po Mszy o 800. 2. Msze \u015bw. w tygodniu&nbsp; o 700 i 1800. Dzieci I komunijne prze\u017cywaj\u0105 Bia\u0142y Tydzie\u0144 codziennie o 1800. 3. Codziennie spowied\u017a i adoracja Naj\u015bwi\u0119tszego Sakramentu o godz&#8230;. <a class=\"continue-reading-link\" href=\"http:\/\/parafia.scinawa.info\/index.php\/2020\/09\/12\/ogloszenia-duszpasterskie-23-niedziela-zwykla-06-09-2020\/\">Czytaj dalej <span class=\"meta-nav\">&rarr; <\/span><\/a><\/p>\n","protected":false},"author":2,"featured_media":0,"comment_status":"closed","ping_status":"closed","sticky":false,"template":"","format":"standard","meta":{"footnotes":""},"categories":[40],"tags":[],"class_list":["post-1509","post","type-post","status-publish","format-standard","hentry","category-ogloszenia-duszpasterskie"],"_links":{"self":[{"href":"http:\/\/parafia.scinawa.info\/index.php\/wp-json\/wp\/v2\/posts\/1509","targetHints":{"allow":["GET"]}}],"collection":[{"href":"http:\/\/parafia.scinawa.info\/index.php\/wp-json\/wp\/v2\/posts"}],"about":[{"href":"http:\/\/parafia.scinawa.info\/index.php\/wp-json\/wp\/v2\/types\/post"}],"author":[{"embeddable":true,"href":"http:\/\/parafia.scinawa.info\/index.php\/wp-json\/wp\/v2\/users\/2"}],"replies":[{"embeddable":true,"href":"http:\/\/parafia.scinawa.info\/index.php\/wp-json\/wp\/v2\/comments?post=1509"}],"version-history":[{"count":1,"href":"http:\/\/parafia.scinawa.info\/index.php\/wp-json\/wp\/v2\/posts\/1509\/revisions"}],"predecessor-version":[{"id":1510,"href":"http:\/\/parafia.scinawa.info\/index.php\/wp-json\/wp\/v2\/posts\/1509\/revisions\/1510"}],"wp:attachment":[{"href":"http:\/\/parafia.scinawa.info\/index.php\/wp-json\/wp\/v2\/media?parent=1509"}],"wp:term":[{"taxonomy":"category","embeddable":true,"href":"http:\/\/parafia.scinawa.info\/index.php\/wp-json\/wp\/v2\/categories?post=1509"},{"taxonomy":"post_tag","embeddable":true,"href":"http:\/\/parafia.scinawa.info\/index.php\/wp-json\/wp\/v2\/tags?post=1509"}],"curies":[{"name":"wp","href":"https:\/\/api.w.org\/{rel}","templated":true}]}}