{"id":1521,"date":"2020-09-19T13:53:03","date_gmt":"2020-09-19T11:53:03","guid":{"rendered":"http:\/\/parafia.scinawa.info\/?p=1521"},"modified":"2020-09-19T13:53:03","modified_gmt":"2020-09-19T11:53:03","slug":"intencje-mszalne-20-09-27-09-2020","status":"publish","type":"post","link":"http:\/\/parafia.scinawa.info\/index.php\/2020\/09\/19\/intencje-mszalne-20-09-27-09-2020\/","title":{"rendered":"INTENCJE MSZALNE 20.09. \u2013 27.09. 2020"},"content":{"rendered":"\n<p><strong><em>Sk\u0142adaj\u0105c\nOfiar\u0119, kt\u00f3ra nam przypomina niezmierzon\u0105 mi\u0142o\u015b\u0107 Twojego Syna, pokornie prosimy\nCi\u0119, Bo\u017ce, przyjmij intencje Twoich wiernych i spraw przez dzia\u0142anie\nEucharystii, aby w naszych rodzinach wzrasta\u0142a prawdziwa wiara, \u015bwi\u0119to\u015b\u0107 \u017cycia,\nbraterska mi\u0142o\u015b\u0107 i duch modlitwy. <\/em><\/strong><strong>Niech\nMatka Naj\u015bwi\u0119tsza wyprosi \u0142aski, o kt\u00f3re modlili\u015bmy si\u0119 w tej Mszy \u015bw. dla \u2026\nZa\u015b zmar\u0142ym \u2026 za kt\u00f3rych odprawiali\u015bmy Msz\u0119 \u015bw.: wieczny odpoczynek racz im\nda\u0107 Panie (\u2026); niech odpoczywaj\u0105 w pokoju wiecznym. Amen<\/strong><\/p>\n\n\n\n<p><strong><em>20.09.\n&#8211; NIEDZIELA&nbsp; <\/em><\/strong><em><\/em><\/p>\n\n\n\n<p><strong>&nbsp; &nbsp;8.oo \u2013\n1) <\/strong>&nbsp;++ J\u00f3zefa w 19 rocz. \u015bm., Kazimier\u0119,\nStanis\u0142awa, W\u0142adys\u0142aw\u0119 z rodziny Szymczak\u00f3w <\/p>\n\n\n\n<p>&nbsp;&nbsp;&nbsp;&nbsp;&nbsp;&nbsp;&nbsp;&nbsp;&nbsp;&nbsp;&nbsp;&nbsp;&nbsp;&nbsp;&nbsp;&nbsp;&nbsp;&nbsp; oraz Maryl\u0119 Sta\u0144czyk z domu\nSzymczak \u2013 modl\u0105 si\u0119 dzieci z rodzin\u0105<\/p>\n\n\n\n<p><strong>&nbsp;&nbsp;&nbsp;&nbsp;&nbsp;&nbsp;&nbsp;&nbsp;&nbsp;&nbsp; 2)<\/strong> + m\u0119\u017ca Czes\u0142awa\nPowiad\u0119, ++ rodzic\u00f3w z obu stron oraz siostr\u0119 Emili\u0119 \u2013 modli si\u0119 rodzina<\/p>\n\n\n\n<p><strong>&nbsp; 9.3o \u2013 <\/strong>++ Waleri\u0119 i Mariana Wolnych oraz ++ dziadk\u00f3w i brata Henryka \u2013 modli si\u0119\nrodzina\n<\/p>\n\n\n\n<p><strong>11.oo\n\u2013 1)<\/strong> w intencji cz\u0142onk\u00f3w Ko\u0142a Zwi\u0105zku Sybirak\u00f3w i ich\nrodzin dzi\u0119kczynna z pro\u015bb\u0105 o zdrowie,<\/p>\n\n\n\n<p>&nbsp;&nbsp;&nbsp;&nbsp;&nbsp;&nbsp;&nbsp;&nbsp;&nbsp;&nbsp;&nbsp;&nbsp;&nbsp;&nbsp;&nbsp; &nbsp;dary Ducha \u015awi\u0119tego, Bo\u017ce b\u0142ogos\u0142awie\u0144stwo,\nopiek\u0119 NMP oraz ++ Sybirak\u00f3w<\/p>\n\n\n\n<p>&nbsp;&nbsp;&nbsp;&nbsp;&nbsp;&nbsp;&nbsp;&nbsp;&nbsp;&nbsp;&nbsp;&nbsp;&nbsp;&nbsp;&nbsp;&nbsp; &nbsp;i z ich rodzin \u2013 modli si\u0119 Ko\u0142o Sybirak\u00f3w w\n\u015acinawie <\/p>\n\n\n\n<p><strong>&nbsp;&nbsp;&nbsp;&nbsp;&nbsp;&nbsp;&nbsp;&nbsp;&nbsp;&nbsp;&nbsp; &nbsp;\n2) <\/strong>&nbsp;+ Henryka\nSobierajskiego \u2013 modli si\u0119 c\u00f3rka Lucyna z rodzin\u0105<\/p>\n\n\n\n<p><strong>12.3o\n\u2013 &nbsp;&nbsp;1) <\/strong>w 1 rocz. urodzin Malwinki dzi\u0119kczynna z pro\u015bb\u0105 o zdrowie, dary Ducha\n\u015awi\u0119tego, Bo\u017ce<\/p>\n\n\n\n<p>&nbsp;&nbsp;&nbsp;&nbsp;&nbsp;&nbsp;&nbsp; &nbsp;&nbsp;&nbsp;&nbsp;&nbsp;&nbsp;&nbsp;&nbsp;&nbsp;&nbsp;&nbsp;b\u0142ogos\u0142awie\u0144stwo,\nopiek\u0119 NMP<\/p>\n\n\n\n<p><strong>&nbsp;&nbsp;\n2)<\/strong> dzi\u0119kczynno-b\u0142agalna w\nintencji mamy Danuty o powr\u00f3t do zdrowia i opiek\u0119 NMP \u2013 modl\u0105 <\/p>\n\n\n\n<p>&nbsp;&nbsp;&nbsp;&nbsp;&nbsp;&nbsp;&nbsp; si\u0119 dzieci\nz rodzinami<\/p>\n\n\n\n<p><strong><em>chrzty po Mszy:\nWiktoria Chmielewska, Hanna Barczuk, <\/em><\/strong><\/p>\n\n\n\n<p><strong><em>&nbsp;&nbsp;&nbsp;&nbsp;&nbsp;&nbsp;&nbsp;&nbsp;&nbsp;&nbsp;&nbsp;&nbsp;&nbsp;&nbsp;&nbsp;&nbsp; &nbsp;&nbsp;&nbsp;&nbsp;&nbsp;&nbsp;&nbsp;&nbsp;&nbsp;&nbsp;Gabriela Zuzanna Rogala, Zofia Halina\nBulak<\/em><\/strong><\/p>\n\n\n\n<p><strong>18.oo\n\u2013 &nbsp;1) <\/strong>o zdrowie<strong>,\n<\/strong>Bo\u017ce b\u0142ogos\u0142awie\u0144stwo, dary Ducha \u015awi\u0119tego i opiek\u0119\nNMP<\/p>\n\n\n\n<p>&nbsp;&nbsp;&nbsp;&nbsp;&nbsp;&nbsp;&nbsp;&nbsp;&nbsp;&nbsp;&nbsp;&nbsp; &nbsp;&nbsp;&nbsp;&nbsp;&nbsp;dla\nMariusza i Ma\u0142gorzaty \u2013 modli si\u0119 mama<strong>\n<\/strong><\/p>\n\n\n\n<p><strong>&nbsp;&nbsp;&nbsp;&nbsp;&nbsp;&nbsp;&nbsp;&nbsp;&nbsp;&nbsp;&nbsp; 2)<\/strong> w 15 rocz. \u015blubu\nJoanny i Jacka Stembalskich dzi\u0119kczynna\nz pro\u015bb\u0105 o zdrowie, dary Ducha<\/p>\n\n\n\n<p>&nbsp;&nbsp;&nbsp;&nbsp;&nbsp;&nbsp;&nbsp;&nbsp;&nbsp;&nbsp;&nbsp;&nbsp;&nbsp; &nbsp;\u015awi\u0119tego, Bo\u017ce b\u0142ogos\u0142awie\u0144stwo, opiek\u0119 NMP\ndla nich i ich dzieci \u2013 modl\u0105 si\u0119 rodzice<strong>&nbsp; &nbsp;<\/strong>&nbsp;<\/p>\n\n\n\n<p><strong><em>21.09.\n\u2013 PONIEDZIA\u0141EK<\/em><\/strong><\/p>\n\n\n\n<p><strong>&nbsp; &nbsp;&nbsp;7.oo\n\u2013 <\/strong><\/p>\n\n\n\n<p><strong>14.oo\n\u2013<\/strong> + Tomasza Ma\u017carskiego &#8211; pogrzebowa<\/p>\n\n\n\n<p><strong>18.oo\n\u2013 1) <\/strong>++ W\u0142adys\u0142aw\u0119 w 2 rocz.\n\u015bm. i Tadeusza w 21 rocz. \u015bm. z rodziny Mazurkiewicz\u00f3w <\/p>\n\n\n\n<p>&nbsp;&nbsp;&nbsp;&nbsp;&nbsp;&nbsp;&nbsp;&nbsp;&nbsp;&nbsp;&nbsp;&nbsp;&nbsp;&nbsp;&nbsp;&nbsp;&nbsp; oraz Teres\u0119\nKurman w 1 rocz. \u015bm. \u2013 modli si\u0119 rodzina <\/p>\n\n\n\n<p><strong>&nbsp;&nbsp;&nbsp;&nbsp;&nbsp;&nbsp;&nbsp;&nbsp;&nbsp;&nbsp;&nbsp; &nbsp;\n2)<\/strong> + Zbigniewa Rozkruta \u2013 30 dzie\u0144 od pogrzebu \u2013 int. od uczestnik\u00f3w Mszy pogrzebowej<\/p>\n\n\n\n<p><strong><em>22.09.\n&#8211; WTOREK<\/em><\/strong><em><\/em><\/p>\n\n\n\n<p><strong>&nbsp; 7.oo \u2013 <\/strong>+ Micha\u0142a w 10 rocz. \u015bm.<\/p>\n\n\n\n<p><strong>18.oo\n\u2013 <\/strong>++ Jana w 21 rocz. \u015bm., Helen\u0119, Tadeusza i Janusza\noraz ++ z rodziny Cie\u015bli\u0144skich, <\/p>\n\n\n\n<p>&nbsp;&nbsp;&nbsp;&nbsp;&nbsp;&nbsp;&nbsp;&nbsp;&nbsp;&nbsp;&nbsp;&nbsp;&nbsp; Wr\u00f3blewskich i \u0141oz\u00f3w \u2013\nmodli si\u0119 rodzina <\/p>\n\n\n\n<p><strong><em>23.09.\n\u2013 \u015aRODA <\/em><\/strong><\/p>\n\n\n\n<p><strong>&nbsp; 7.oo \u2013 <\/strong><\/p>\n\n\n\n<p><strong>18.oo\n\u2013&nbsp; intencja zbiorowa nowennowa:<\/strong><\/p>\n\n\n\n<p><strong>&nbsp;1)<\/strong> ++ Stefani\u0119 Konik w 10\nrocz. \u015bm., jej m\u0119\u017ca Edmunda, syn\u00f3w Jana i Zygmunta \u2013 modli si\u0119 rodzina<\/p>\n\n\n\n<p><strong>&nbsp;2)<\/strong> ++ rodzic\u00f3w: Jana w 27\nrocz. \u015bm. i Helen\u0119 \u0141ani\u00f3w, Antonin\u0119 w 26 rocz. \u015bm. i Daniela W\u0142odarskich<\/p>\n\n\n\n<p>&nbsp;&nbsp;&nbsp;&nbsp;&nbsp; &nbsp;oraz\nc\u00f3rk\u0119 Ann\u0119 \u2013 modli si\u0119 rodzina<\/p>\n\n\n\n<p><strong>&nbsp;3)<\/strong> ++ rodzic\u00f3w: Mari\u0119 i Stanis\u0142awa Kulpi\u0144skich, Apoloni\u0119 i J\u00f3zefa oraz\nBoles\u0142awa Pirog\u00f3w, <\/p>\n\n\n\n<p>&nbsp;&nbsp;&nbsp;&nbsp;&nbsp; Helen\u0119-Teres\u0119 Ga\u0142\u0119zowsk\u0105 i\nRyszarda Magonia \u2013 modli si\u0119 c\u00f3rka Genowefa z rodzin\u0105 Pirog\u00f3w<\/p>\n\n\n\n<p><strong>&nbsp;4)<\/strong><\/p>\n\n\n\n<p><strong><em>24.09.\n\u2013 CZWARTEK <\/em><\/strong><em>&nbsp;<\/em><\/p>\n\n\n\n<p><strong>&nbsp; 7.oo \u2013<\/strong> &nbsp;<\/p>\n\n\n\n<p><strong>18.oo\n\u2013 <\/strong>&nbsp;<strong>1)<\/strong> ++ Kazimierza, Helen\u0119, Stanis\u0142awa i J\u00f3zef\u0119 z\nrodziny P\u0142acht\u00f3w&nbsp;<\/p>\n\n\n\n<p><strong>&nbsp;&nbsp;&nbsp;&nbsp;&nbsp;&nbsp;&nbsp;&nbsp;&nbsp;&nbsp;&nbsp; &nbsp;\n2)<\/strong> ++ J\u00f3zef\u0119, Mateusza i\nFloriana<\/p>\n\n\n\n<p><strong><em>25.09.\n\u2013 PI\u0104TEK<\/em><\/strong><\/p>\n\n\n\n<p><strong>&nbsp;&nbsp;7.oo \u2013<\/strong>\n&nbsp;<\/p>\n\n\n\n<p><strong>15.oo\n\u2013<\/strong> \u015blub: Oskar Mizieli\u0144ski- Joanna Gr\u0119dysa<\/p>\n\n\n\n<p><strong>18.oo\n\u2013 1) <\/strong>+ brata Tadeusza w 5 rocz. \u015bm. \u2013 modli si\u0119 siostra z\nrodzin\u0105<\/p>\n\n\n\n<p><strong>&nbsp;&nbsp;&nbsp;&nbsp;&nbsp;&nbsp;&nbsp;&nbsp;&nbsp;&nbsp;&nbsp; &nbsp;\n2)<\/strong> w intencji Franciszka w 10 rocz. urodzin i Apolonii\nw 8 rocz. urodzin &nbsp;dzi\u0119kczynna z pro\u015bb\u0105<\/p>\n\n\n\n<p>&nbsp;&nbsp;&nbsp;&nbsp;&nbsp;&nbsp;&nbsp;&nbsp;&nbsp;&nbsp;&nbsp;&nbsp;&nbsp;&nbsp;&nbsp; &nbsp;o zdrowie, dary Ducha \u015awi\u0119tego, Bo\u017ce b\u0142ogos\u0142awie\u0144stwo,\nopiek\u0119 NMP \u2013 modl\u0105 si\u0119 rodzice<\/p>\n\n\n\n<p><strong><em>26.09.\n\u2013 SOBOTA<\/em><\/strong><\/p>\n\n\n\n<p><strong>&nbsp; 7.oo \u2013<\/strong> <\/p>\n\n\n\n<p><strong>12.oo\n\u2013<\/strong> chrzest bez Mszy: Amelia Szymankiewicz<\/p>\n\n\n\n<p><strong>18.oo\n\u2013 1) <\/strong>++ z rodziny Raks\u00f3w,\nKoz\u0142owskich, Trubickich, El\u017cbiet\u0119 Demczak i J\u00f3zef\u0119 Dobrzy\u0144sk\u0105\n<\/p>\n\n\n\n<p><strong>&nbsp;&nbsp;&nbsp;&nbsp;&nbsp;&nbsp;&nbsp;&nbsp;&nbsp;&nbsp;&nbsp; &nbsp;\n2)<\/strong> &nbsp;<\/p>\n\n\n\n<p><strong><em>27.09.\n\u2013 NIEDZIELA&nbsp; <\/em><\/strong><\/p>\n\n\n\n<p><strong>&nbsp; 8.oo \u2013 1) <\/strong>++ rodzic\u00f3w: Ma\u0142gorzat\u0119 i J\u00f3zefa, Mari\u0119 i W\u0142adys\u0142awa oraz siostr\u0119 zakonn\u0105\nGemm\u0119\n<\/p>\n\n\n\n<p><strong>&nbsp; 2)<\/strong> + m\u0119\u017ca J\u00f3zefa, ++ rodzic\u00f3w:\nTekl\u0119 i Jana, Ann\u0119 i Micha\u0142a oraz rodze\u0144stwo, ich wsp\u00f3\u0142ma\u0142\u017conk\u00f3w<\/p>\n\n\n\n<p>&nbsp;&nbsp;&nbsp;&nbsp;&nbsp;&nbsp;&nbsp; &nbsp;i dzieci z obu stron z rodziny Bilewicz\u00f3w i Mazurkiewicz\u00f3w\n\u2013 modli si\u0119 Eugenia z rodzin\u0105<\/p>\n\n\n\n<p><strong>&nbsp; 9.3o \u2013 <\/strong>&nbsp;++ Henryka w 46 rocz. \u015bm. oraz\nBarbar\u0119, Stanis\u0142aw\u0119 i J\u00f3zefa \u2013 modli si\u0119 rodzina &nbsp;<\/p>\n\n\n\n<p><strong>11.oo\n\u2013 1) <\/strong>w 50 rocz. \u015blubu Lucyny i Jana\nLulk\u00f3w dzi\u0119kczynna z pro\u015bb\u0105 o zdrowie, dary Ducha <\/p>\n\n\n\n<p>&nbsp;&nbsp;&nbsp; &nbsp;&nbsp;&nbsp;&nbsp;&nbsp;&nbsp;&nbsp;&nbsp;&nbsp;&nbsp;&nbsp;&nbsp;&nbsp;&nbsp;\u015awi\u0119tego, Bo\u017ce b\u0142ogos\u0142awie\u0144stwo,\nopiek\u0119 NMP \u2013 modli si\u0119 c\u00f3rka z rodzin\u0105<\/p>\n\n\n\n<p><strong>&nbsp;&nbsp;&nbsp;&nbsp;&nbsp;&nbsp;&nbsp;&nbsp;&nbsp;&nbsp;&nbsp; &nbsp;\n2) <\/strong>++ Adama i J\u00f3zef\u0119 Droni\u00f3w, ++ z tej rodziny oraz ++\nW\u0142adys\u0142aw\u0119 i Jolant\u0119 z rodziny<\/p>\n\n\n\n<p>&nbsp; &nbsp;&nbsp;&nbsp;&nbsp;&nbsp;&nbsp;&nbsp;&nbsp;&nbsp;&nbsp;&nbsp;&nbsp;&nbsp;&nbsp;&nbsp;&nbsp;Laszczy\u0144skich \u2013 modli si\u0119 J\u00f3zefa z m\u0119\u017cem<\/p>\n\n\n\n<p><strong>12.3o\n\u2013 1) <\/strong>+ Kazimierza G\u00f3r\u0119 w 14\nrocz. \u015bm. i ++ z rodziny G\u00f3r\u00f3w<\/p>\n\n\n\n<p><strong>&nbsp;&nbsp;&nbsp;&nbsp;&nbsp;&nbsp;&nbsp;&nbsp;&nbsp;&nbsp;&nbsp; &nbsp;\n2)<\/strong> w 45 rocz. \u015blubu Marii i W\u0142odzimierza Roma\u0144c\u00f3w dzi\u0119kczynna z pro\u015bb\u0105 o zdrowie, dary <\/p>\n\n\n\n<p>&nbsp;&nbsp;&nbsp;&nbsp;&nbsp;&nbsp;&nbsp;&nbsp;&nbsp;&nbsp;&nbsp;&nbsp;&nbsp;&nbsp; Ducha \u015awi\u0119tego, Bo\u017ce\nb\u0142ogos\u0142awie\u0144stwo, opiek\u0119 NMP \u2013 modl\u0105 si\u0119 dzieci i wnuki<\/p>\n\n\n\n<p><strong>18.oo\n\u2013 <\/strong>&nbsp;++ z rodziny\nK\u0119pk\u00f3w: Eugeni\u0119 w 10 rocz. \u015bm., J\u00f3zefa, Zdzis\u0142awa, Jana \u2013 modli si\u0119 c\u00f3rka <\/p>\n\n\n\n<p>&nbsp;&nbsp;&nbsp;&nbsp;&nbsp;&nbsp;&nbsp;&nbsp;&nbsp;&nbsp;&nbsp;&nbsp;&nbsp;&nbsp;&nbsp; z m\u0119\u017cem, dzie\u0107mi i\nwnukami<strong> <\/strong>&nbsp;<\/p>\n","protected":false},"excerpt":{"rendered":"<p>Sk\u0142adaj\u0105c Ofiar\u0119, kt\u00f3ra nam przypomina niezmierzon\u0105 mi\u0142o\u015b\u0107 Twojego Syna, pokornie prosimy Ci\u0119, Bo\u017ce, przyjmij intencje Twoich wiernych i spraw przez dzia\u0142anie Eucharystii, aby w naszych rodzinach wzrasta\u0142a prawdziwa wiara, \u015bwi\u0119to\u015b\u0107 \u017cycia, braterska mi\u0142o\u015b\u0107 i duch modlitwy. Niech Matka Naj\u015bwi\u0119tsza wyprosi \u0142aski, o kt\u00f3re modlili\u015bmy si\u0119 w tej Mszy \u015bw. dla&#8230; <a class=\"continue-reading-link\" href=\"http:\/\/parafia.scinawa.info\/index.php\/2020\/09\/19\/intencje-mszalne-20-09-27-09-2020\/\">Czytaj dalej <span class=\"meta-nav\">&rarr; <\/span><\/a><\/p>\n","protected":false},"author":2,"featured_media":0,"comment_status":"closed","ping_status":"closed","sticky":false,"template":"","format":"standard","meta":{"footnotes":""},"categories":[39],"tags":[],"class_list":["post-1521","post","type-post","status-publish","format-standard","hentry","category-intencje"],"_links":{"self":[{"href":"http:\/\/parafia.scinawa.info\/index.php\/wp-json\/wp\/v2\/posts\/1521","targetHints":{"allow":["GET"]}}],"collection":[{"href":"http:\/\/parafia.scinawa.info\/index.php\/wp-json\/wp\/v2\/posts"}],"about":[{"href":"http:\/\/parafia.scinawa.info\/index.php\/wp-json\/wp\/v2\/types\/post"}],"author":[{"embeddable":true,"href":"http:\/\/parafia.scinawa.info\/index.php\/wp-json\/wp\/v2\/users\/2"}],"replies":[{"embeddable":true,"href":"http:\/\/parafia.scinawa.info\/index.php\/wp-json\/wp\/v2\/comments?post=1521"}],"version-history":[{"count":1,"href":"http:\/\/parafia.scinawa.info\/index.php\/wp-json\/wp\/v2\/posts\/1521\/revisions"}],"predecessor-version":[{"id":1522,"href":"http:\/\/parafia.scinawa.info\/index.php\/wp-json\/wp\/v2\/posts\/1521\/revisions\/1522"}],"wp:attachment":[{"href":"http:\/\/parafia.scinawa.info\/index.php\/wp-json\/wp\/v2\/media?parent=1521"}],"wp:term":[{"taxonomy":"category","embeddable":true,"href":"http:\/\/parafia.scinawa.info\/index.php\/wp-json\/wp\/v2\/categories?post=1521"},{"taxonomy":"post_tag","embeddable":true,"href":"http:\/\/parafia.scinawa.info\/index.php\/wp-json\/wp\/v2\/tags?post=1521"}],"curies":[{"name":"wp","href":"https:\/\/api.w.org\/{rel}","templated":true}]}}