{"id":1525,"date":"2020-10-17T12:51:55","date_gmt":"2020-10-17T10:51:55","guid":{"rendered":"http:\/\/parafia.scinawa.info\/?p=1525"},"modified":"2020-10-17T12:51:55","modified_gmt":"2020-10-17T10:51:55","slug":"intencje-mszalne-27-09-04-10-2020","status":"publish","type":"post","link":"http:\/\/parafia.scinawa.info\/index.php\/2020\/10\/17\/intencje-mszalne-27-09-04-10-2020\/","title":{"rendered":"INTENCJE MSZALNE 27.09. \u2013 04.10. 2020"},"content":{"rendered":"\n<p><strong><em>Sk\u0142adaj\u0105c\nOfiar\u0119, kt\u00f3ra nam przypomina niezmierzon\u0105 mi\u0142o\u015b\u0107 Twojego Syna, pokornie prosimy\nCi\u0119, Bo\u017ce, przyjmij intencje Twoich wiernych i spraw przez dzia\u0142anie\nEucharystii, aby w naszych rodzinach wzrasta\u0142a prawdziwa wiara, \u015bwi\u0119to\u015b\u0107 \u017cycia,\nbraterska mi\u0142o\u015b\u0107 i duch modlitwy. <\/em><\/strong><strong>Niech\nMatka Naj\u015bwi\u0119tsza wyprosi \u0142aski, o kt\u00f3re modlili\u015bmy si\u0119 w tej Mszy \u015bw. dla \u2026\nZa\u015b zmar\u0142ym \u2026 za kt\u00f3rych odprawiali\u015bmy Msz\u0119 \u015bw.: wieczny odpoczynek racz im\nda\u0107 Panie (\u2026); niech odpoczywaj\u0105 w pokoju wiecznym. Amen<\/strong><\/p>\n\n\n\n<p><strong><em>27.09.\n&#8211; NIEDZIELA&nbsp; <\/em><\/strong><em><\/em><\/p>\n\n\n\n<p><strong>&nbsp; &nbsp;8.oo \u2013\n1) <\/strong>w intencji Marii i Edwarda\ndzi\u0119kczynna z pro\u015bb\u0105 o zdrowie, dary Ducha\n\u015awi\u0119tego, Bo\u017ce<\/p>\n\n\n\n<p>&nbsp;&nbsp;&nbsp;&nbsp;&nbsp;&nbsp;&nbsp;&nbsp;&nbsp;&nbsp;&nbsp;&nbsp;&nbsp;&nbsp;&nbsp;&nbsp;&nbsp; &nbsp;b\u0142ogos\u0142awie\u0144stwo, opiek\u0119 NMP na ka\u017cdy dzie\u0144\n\u017cycia<\/p>\n\n\n\n<p><strong>&nbsp; 2)<\/strong> + m\u0119\u017ca J\u00f3zefa, ++ rodzic\u00f3w:\nTekl\u0119 i Jana, Ann\u0119 i Micha\u0142a oraz rodze\u0144stwo, ich wsp\u00f3\u0142ma\u0142\u017conk\u00f3w<\/p>\n\n\n\n<p>&nbsp;&nbsp;&nbsp;&nbsp;&nbsp;&nbsp;&nbsp; &nbsp;i dzieci z obu stron z rodziny Bilewicz\u00f3w i Mazurkiewicz\u00f3w\n\u2013 modli si\u0119 Eugenia z rodzin\u0105<\/p>\n\n\n\n<p><strong>&nbsp; 9.3o \u2013 <\/strong>&nbsp;++ Henryka w 46 rocz. \u015bm. oraz\nBarbar\u0119, Stanis\u0142aw\u0119 i J\u00f3zefa \u2013 modli si\u0119 rodzina &nbsp;<\/p>\n\n\n\n<p><strong>11.oo\n\u2013 1) <\/strong>w 50 rocz. \u015blubu Lucyny i Jana\nLulk\u00f3w dzi\u0119kczynna z pro\u015bb\u0105 o zdrowie, dary Ducha <\/p>\n\n\n\n<p>&nbsp;&nbsp;&nbsp; &nbsp;&nbsp;&nbsp;&nbsp;&nbsp;&nbsp;&nbsp;&nbsp;&nbsp;&nbsp;&nbsp;&nbsp;&nbsp;&nbsp;\u015awi\u0119tego, Bo\u017ce b\u0142ogos\u0142awie\u0144stwo,\nopiek\u0119 NMP \u2013 modli si\u0119 c\u00f3rka z rodzin\u0105<\/p>\n\n\n\n<p><strong>&nbsp;&nbsp;&nbsp;&nbsp;&nbsp;&nbsp;&nbsp;&nbsp;&nbsp;&nbsp;&nbsp; &nbsp;\n2) <\/strong>++ Adama i J\u00f3zef\u0119 Droni\u00f3w, ++ z tej rodziny oraz ++\nW\u0142adys\u0142aw\u0119 i Jolant\u0119 z rodziny<\/p>\n\n\n\n<p>&nbsp; &nbsp;&nbsp;&nbsp;&nbsp;&nbsp;&nbsp;&nbsp;&nbsp;&nbsp;&nbsp;&nbsp;&nbsp;&nbsp;&nbsp;&nbsp;&nbsp;Laszczy\u0144skich \u2013 modli si\u0119 J\u00f3zefa z m\u0119\u017cem<\/p>\n\n\n\n<p><strong>12.3o\n\u2013 1) <\/strong>+ Kazimierza G\u00f3r\u0119 w 14\nrocz. \u015bm. i ++ z rodziny G\u00f3r\u00f3w<\/p>\n\n\n\n<p><strong>&nbsp;&nbsp;&nbsp;&nbsp;&nbsp;&nbsp;&nbsp;&nbsp;&nbsp;&nbsp;&nbsp; &nbsp;\n2)<\/strong> w 45 rocz. \u015blubu Marii i W\u0142odzimierza Roma\u0144c\u00f3w dzi\u0119kczynna z pro\u015bb\u0105 o zdrowie, dary <\/p>\n\n\n\n<p>&nbsp;&nbsp;&nbsp;&nbsp;&nbsp;&nbsp;&nbsp;&nbsp;&nbsp;&nbsp;&nbsp;&nbsp;&nbsp;&nbsp; Ducha \u015awi\u0119tego, Bo\u017ce\nb\u0142ogos\u0142awie\u0144stwo, opiek\u0119 NMP \u2013 modl\u0105 si\u0119 dzieci, wnuki i rodzina<\/p>\n\n\n\n<p><strong>18.oo\n\u2013 <\/strong>&nbsp;++ z rodziny\nK\u0119pk\u00f3w: Eugeni\u0119 w 10 rocz. \u015bm., J\u00f3zefa, Zdzis\u0142awa, Jana \u2013 modli si\u0119 c\u00f3rka <\/p>\n\n\n\n<p>&nbsp;&nbsp;&nbsp;&nbsp;&nbsp;&nbsp;&nbsp;&nbsp;&nbsp;&nbsp;&nbsp;&nbsp;&nbsp;&nbsp;&nbsp; z m\u0119\u017cem, dzie\u0107mi i\nwnukami<strong>&nbsp; &nbsp;<\/strong>&nbsp;<\/p>\n\n\n\n<p><strong><em>28.09.\n\u2013 PONIEDZIA\u0141EK<\/em><\/strong><\/p>\n\n\n\n<p><strong>&nbsp; &nbsp;&nbsp;7.oo\n\u2013<\/strong><\/p>\n\n\n\n<p><strong>14.oo\n\u2013 <\/strong>&nbsp;+ Agat\u0119 Adam &#8211; pogrzebowa<\/p>\n\n\n\n<p><strong>18.oo\n\u2013 1) <\/strong>+ Ew\u0119 Kazimierczak i ++ z\nrodziny &nbsp;<\/p>\n\n\n\n<p><strong>&nbsp;&nbsp;&nbsp;&nbsp;&nbsp;&nbsp;&nbsp;&nbsp;&nbsp;&nbsp;&nbsp; &nbsp;\n2)<\/strong> + Aleksandr\u0119 Knap w 1\nrocz. \u015bm. \u2013 modl\u0105 si\u0119 dzieci, wnuki i prawnuczka <\/p>\n\n\n\n<p><strong><em>29.09.\n&#8211; WTOREK<\/em><\/strong><em><\/em><\/p>\n\n\n\n<p><strong>&nbsp; 7.oo \u2013 1) <\/strong>&nbsp;++ Micha\u0142a, Antonin\u0119 i Zbigniewa<\/p>\n\n\n\n<p><strong>&nbsp;&nbsp;&nbsp;&nbsp;&nbsp;&nbsp;&nbsp;&nbsp;&nbsp;&nbsp;&nbsp; &nbsp;\n2)<\/strong> ++ Ludwika, Mari\u0119,\nEugeni\u0119<\/p>\n\n\n\n<p><strong>18.oo\n\u2013 <\/strong>&nbsp;+ m\u0119\u017ca Walentego w 25 rocz. \u015bm., ++ rodzic\u00f3w:\nZofi\u0119, J\u00f3zefa, J\u00f3zef\u0119 z rodziny Ka\u0142\u00f3w,<\/p>\n\n\n\n<p>&nbsp;&nbsp;&nbsp;&nbsp;&nbsp;&nbsp;&nbsp;&nbsp;&nbsp;&nbsp;&nbsp;&nbsp;&nbsp;&nbsp; &nbsp;Szrajnert\u00f3w, \u017bukowskich oraz Jana\nB\u0142aszczyszyna \u2013 modli si\u0119 rodzina<\/p>\n\n\n\n<p><strong><em>30.09.\n\u2013 \u015aRODA <\/em><\/strong><\/p>\n\n\n\n<p><strong>&nbsp; 7.oo \u2013 <\/strong>+ Tomasza Ma\u017carskiego \u2013 intencja od Jana Ciombora z \u017con\u0105 z O\u0142pin<\/p>\n\n\n\n<p><strong>18.oo\n\u2013&nbsp; intencja zbiorowa nowennowa:<\/strong><\/p>\n\n\n\n<p><strong>&nbsp;1)<\/strong> ++ z rodziny Lis\u00f3w:\nFranciszk\u0119, Jana, Andrzeja i J\u00f3zefa \u2013 modli si\u0119 rodzina<\/p>\n\n\n\n<p><strong>&nbsp;2)<\/strong> + te\u015bciow\u0105 J\u00f3zef\u0119 w 17\nrocz. \u015bm. oraz ++ z rodziny Janik\u00f3w i Golczyk\u00f3w<\/p>\n\n\n\n<p><strong>&nbsp;3)<\/strong><\/p>\n\n\n\n<p><strong><em>01.10.\n\u2013 CZWARTEK <\/em><\/strong><em>&nbsp;<\/em><\/p>\n\n\n\n<p><strong>&nbsp; 7.oo \u2013<\/strong> &nbsp;<\/p>\n\n\n\n<p><strong>18.oo\n\u2013 1) <\/strong>&nbsp;++ rodzic\u00f3w:\nJana i Mari\u0119 \u2013 modl\u0105 si\u0119 dzieci<\/p>\n\n\n\n<p><strong>&nbsp;&nbsp;&nbsp;&nbsp;&nbsp;&nbsp;&nbsp;&nbsp;&nbsp;&nbsp;&nbsp; &nbsp;\n2)<\/strong> + Stefani\u0119 Parkasiewicz \u2013\ngregorianka 1<\/p>\n\n\n\n<p><strong><em>02.10.\n\u2013 PI\u0104TEK<\/em><\/strong><\/p>\n\n\n\n<p><strong>&nbsp; 7.oo \u2013<\/strong> <strong>1) <\/strong>&nbsp;+ Grzegorza i dusze w\nczy\u015b\u0107cu cierpi\u0105ce<\/p>\n\n\n\n<p><strong>&nbsp;&nbsp;&nbsp;&nbsp;&nbsp;&nbsp;&nbsp;&nbsp;&nbsp;&nbsp;&nbsp; &nbsp;\n2)<\/strong> ++ Tadeusza, Andrzeja i\nIreneusza z rodziny Zarasi\u00f3w oraz Remigiusza Boles\u0142awskiego <\/p>\n\n\n\n<p>&nbsp;&nbsp;&nbsp;&nbsp;&nbsp;&nbsp;&nbsp;&nbsp;&nbsp;&nbsp;&nbsp;&nbsp;&nbsp;&nbsp;&nbsp;&nbsp;&nbsp; \u2013 modli si\u0119 rodzina<\/p>\n\n\n\n<p><strong>18.oo\n\u2013 1) <\/strong>++ Zdzis\u0142aw\u0119 i Antoniego z\nrodziny Bory\u0144skich \u2013 modli si\u0119 rodzina<strong>\n<\/strong><\/p>\n\n\n\n<p><strong>&nbsp;&nbsp;&nbsp;&nbsp;&nbsp;&nbsp;&nbsp;&nbsp;&nbsp;&nbsp;&nbsp; &nbsp;\n2)<\/strong> + Stefani\u0119\nParkasiewicz \u2013 gregorianka 2 <\/p>\n\n\n\n<p><strong><em>03.10.\n\u2013 SOBOTA<\/em><\/strong><\/p>\n\n\n\n<p><strong>&nbsp; 7.oo \u2013<\/strong> <\/p>\n\n\n\n<p><strong>16.oo\n\u2013<\/strong> \u015blub: Bogdan Turski \u2013 Anna Sobczak<\/p>\n\n\n\n<p><strong>18.oo\n\u2013 1) <\/strong>Intencja wynagradzaj\u0105ca Niepokalanemu\nSercu NMP <\/p>\n\n\n\n<p><strong>&nbsp;&nbsp;&nbsp;&nbsp;&nbsp;&nbsp;&nbsp;&nbsp;&nbsp;&nbsp;&nbsp; &nbsp;\n2)<\/strong> &nbsp;+ Stefani\u0119 Parkasiewicz \u2013 gregorianka 3<\/p>\n\n\n\n<p><strong><em>04.10.\n\u2013 NIEDZIELA&nbsp; <\/em><\/strong><\/p>\n\n\n\n<p><strong>&nbsp; 8.oo \u2013 1) <\/strong>&nbsp;+ J\u00f3zefa Pisul\u0119 w 6 rocz. \u015bm. \u2013 modli si\u0119 rodzina<\/p>\n\n\n\n<p><strong>&nbsp;&nbsp;&nbsp;&nbsp;&nbsp;&nbsp;&nbsp;&nbsp;&nbsp;&nbsp;&nbsp; &nbsp;\n2)<\/strong> ++ Mari\u0119 w 44 rocz. \u015bm., Eugeni\u0119 w 44 rocz. \u015bm. i\nLudwika w 39 rocz. \u015bm. z rodziny<\/p>\n\n\n\n<p>&nbsp;&nbsp;&nbsp;&nbsp;&nbsp;&nbsp;&nbsp;&nbsp;&nbsp;&nbsp;&nbsp;&nbsp;&nbsp;&nbsp;&nbsp;&nbsp; &nbsp;Spanier\u00f3w oraz Gabriel\u0119 Wypch\u0142o w 2 rocz. \u015bm.<\/p>\n\n\n\n<p><strong>&nbsp; 9.3o \u2013 <\/strong>&nbsp;++ rodzic\u00f3w: Stanis\u0142aw\u0119 w 2 rocz. \u015bm. i\nMariana Posto\u0142\u00f3w oraz ++ z rodziny Posto\u0142\u00f3w<\/p>\n\n\n\n<p>&nbsp;&nbsp;&nbsp;&nbsp;&nbsp;&nbsp;&nbsp;&nbsp;&nbsp;&nbsp;&nbsp;&nbsp;&nbsp;&nbsp; &nbsp;i Rataj\u00f3w \u2013 modli si\u0119 rodzina <\/p>\n\n\n\n<p><strong>11.oo\n\u2013 1)<\/strong> w intencji si\u00f3str Kornelii i Ludmi\u0142y dzi\u0119kczynna z\npro\u015bb\u0105 o zdrowie, dary Ducha \u015awi\u0119tego,<\/p>\n\n\n\n<p>&nbsp;&nbsp;&nbsp;&nbsp;&nbsp;&nbsp;&nbsp;&nbsp;&nbsp;&nbsp;&nbsp;&nbsp; &nbsp;&nbsp;Bo\u017ce b\u0142ogos\u0142awie\u0144stwo, opiek\u0119 NMP oraz za\nca\u0142y zakon si\u00f3str Jadwi\u017canek, kt\u00f3ry przez 50 <\/p>\n\n\n\n<p>&nbsp;&nbsp;&nbsp;&nbsp;&nbsp;&nbsp;&nbsp;&nbsp;&nbsp;&nbsp;&nbsp;&nbsp;&nbsp;&nbsp; lat pe\u0142ni pos\u0142ug\u0119 w\nnaszej parafii i o liczne powo\u0142ania zakonne \u2013 modli si\u0119 \u017bywy R\u00f3\u017caniec<strong> <\/strong><\/p>\n\n\n\n<p><strong>&nbsp;&nbsp;&nbsp;&nbsp;&nbsp;&nbsp;&nbsp;&nbsp;&nbsp;&nbsp;&nbsp; &nbsp;\n2) <\/strong>++ Franciszka Bloka\nz racji ziemskich imienin oraz Zofi\u0119 i brata Andrzeja<\/p>\n\n\n\n<p><strong>12.3o\n\u2013 1) <\/strong>w 30 rocz. \u015blubu Ewy i Kazimierza\nGo\u0142asi\u00f3w dzi\u0119kczynna z pro\u015bb\u0105 o zdrowie, dary Ducha<\/p>\n\n\n\n<p>&nbsp;&nbsp;&nbsp;&nbsp;&nbsp;&nbsp;&nbsp;&nbsp;&nbsp;&nbsp;&nbsp;&nbsp;&nbsp;&nbsp;&nbsp;&nbsp; &nbsp;\u015awi\u0119tego, Bo\u017ce b\u0142ogos\u0142awie\u0144stwo, opiek\u0119 NMP dla\nnich, dzieci i ca\u0142ej rodziny<\/p>\n\n\n\n<p><strong>&nbsp;&nbsp;&nbsp;&nbsp;&nbsp;&nbsp;&nbsp;&nbsp;&nbsp;&nbsp;&nbsp; &nbsp;\n2)<\/strong> + m\u0119\u017ca Kazimierza w 1 rocz. \u015bm. oraz ++ te\u015bci\u00f3w: Katarzyn\u0119\ni Stanis\u0142awa z rodziny <\/p>\n\n\n\n<p>&nbsp;&nbsp;&nbsp;&nbsp;&nbsp;&nbsp;&nbsp;&nbsp;&nbsp;&nbsp;&nbsp;&nbsp;&nbsp;&nbsp;&nbsp;&nbsp;&nbsp; Sempik\u00f3w \u2013 modli si\u0119 rodzina<\/p>\n\n\n\n<p>&nbsp;&nbsp;&nbsp;&nbsp;&nbsp;&nbsp;&nbsp;&nbsp;&nbsp;&nbsp;&nbsp; &nbsp;&nbsp;<strong>3)<\/strong> w 60 rocz. urodzin Teresy dzi\u0119kczynna z pro\u015bb\u0105 o zdrowie, dary Ducha\n\u015awi\u0119tego,<\/p>\n\n\n\n<p>&nbsp;&nbsp;&nbsp;&nbsp;&nbsp;&nbsp;&nbsp;&nbsp;&nbsp;&nbsp;&nbsp;&nbsp;&nbsp;&nbsp; Bo\u017ce b\u0142ogos\u0142awie\u0144stwo,\nopiek\u0119 NMP przez ca\u0142e \u017cycie \u2013 modl\u0105 si\u0119 dzieci i rodzina\n<\/p>\n\n\n\n<p><strong>18.oo\n\u2013 1) <\/strong>&nbsp;zaj. P. Woch <\/p>\n\n\n\n<p><strong>&nbsp;&nbsp;&nbsp;&nbsp;&nbsp;&nbsp;&nbsp;&nbsp;&nbsp;&nbsp;&nbsp; &nbsp;\n2)<\/strong> + Stefani\u0119\nParkasiewicz \u2013 gregorianka 4<\/p>\n","protected":false},"excerpt":{"rendered":"<p>Sk\u0142adaj\u0105c Ofiar\u0119, kt\u00f3ra nam przypomina niezmierzon\u0105 mi\u0142o\u015b\u0107 Twojego Syna, pokornie prosimy Ci\u0119, Bo\u017ce, przyjmij intencje Twoich wiernych i spraw przez dzia\u0142anie Eucharystii, aby w naszych rodzinach wzrasta\u0142a prawdziwa wiara, \u015bwi\u0119to\u015b\u0107 \u017cycia, braterska mi\u0142o\u015b\u0107 i duch modlitwy. Niech Matka Naj\u015bwi\u0119tsza wyprosi \u0142aski, o kt\u00f3re modlili\u015bmy si\u0119 w tej Mszy \u015bw. dla&#8230; <a class=\"continue-reading-link\" href=\"http:\/\/parafia.scinawa.info\/index.php\/2020\/10\/17\/intencje-mszalne-27-09-04-10-2020\/\">Czytaj dalej <span class=\"meta-nav\">&rarr; <\/span><\/a><\/p>\n","protected":false},"author":2,"featured_media":0,"comment_status":"closed","ping_status":"closed","sticky":false,"template":"","format":"standard","meta":{"footnotes":""},"categories":[39],"tags":[],"class_list":["post-1525","post","type-post","status-publish","format-standard","hentry","category-intencje"],"_links":{"self":[{"href":"http:\/\/parafia.scinawa.info\/index.php\/wp-json\/wp\/v2\/posts\/1525","targetHints":{"allow":["GET"]}}],"collection":[{"href":"http:\/\/parafia.scinawa.info\/index.php\/wp-json\/wp\/v2\/posts"}],"about":[{"href":"http:\/\/parafia.scinawa.info\/index.php\/wp-json\/wp\/v2\/types\/post"}],"author":[{"embeddable":true,"href":"http:\/\/parafia.scinawa.info\/index.php\/wp-json\/wp\/v2\/users\/2"}],"replies":[{"embeddable":true,"href":"http:\/\/parafia.scinawa.info\/index.php\/wp-json\/wp\/v2\/comments?post=1525"}],"version-history":[{"count":1,"href":"http:\/\/parafia.scinawa.info\/index.php\/wp-json\/wp\/v2\/posts\/1525\/revisions"}],"predecessor-version":[{"id":1526,"href":"http:\/\/parafia.scinawa.info\/index.php\/wp-json\/wp\/v2\/posts\/1525\/revisions\/1526"}],"wp:attachment":[{"href":"http:\/\/parafia.scinawa.info\/index.php\/wp-json\/wp\/v2\/media?parent=1525"}],"wp:term":[{"taxonomy":"category","embeddable":true,"href":"http:\/\/parafia.scinawa.info\/index.php\/wp-json\/wp\/v2\/categories?post=1525"},{"taxonomy":"post_tag","embeddable":true,"href":"http:\/\/parafia.scinawa.info\/index.php\/wp-json\/wp\/v2\/tags?post=1525"}],"curies":[{"name":"wp","href":"https:\/\/api.w.org\/{rel}","templated":true}]}}