{"id":1535,"date":"2020-10-17T14:20:57","date_gmt":"2020-10-17T12:20:57","guid":{"rendered":"http:\/\/parafia.scinawa.info\/?p=1535"},"modified":"2020-10-17T14:20:57","modified_gmt":"2020-10-17T12:20:57","slug":"ogloszenia-duszpasterskie-26-niedziela-zwykla-27-09-2020","status":"publish","type":"post","link":"http:\/\/parafia.scinawa.info\/index.php\/2020\/10\/17\/ogloszenia-duszpasterskie-26-niedziela-zwykla-27-09-2020\/","title":{"rendered":"Og\u0142oszenia duszpasterskie  26 Niedziela zwyk\u0142a \u2013 27.09. 2020"},"content":{"rendered":"\n<p><strong>1<\/strong><strong>.<\/strong>\nDzi\u015b prze\u017cywamy <strong>26\nNiedziel\u0119 zwyk\u0142\u0105<\/strong>. Msze \u015bw. wg\nporz\u0105dku niedzielnego. <\/p>\n\n\n\n<p><strong>2<\/strong><strong>.<\/strong>\nMsze \u015bw. w tygodniu&nbsp; o\n<strong>7<sup>00<\/sup><\/strong> i <strong>18<sup>00<\/sup><\/strong>. <\/p>\n\n\n\n<p><strong>3.<\/strong>\nCodziennie spowied\u017a i adoracja Naj\u015bwi\u0119tszego Sakramentu o godz. <strong>17<sup>00<\/sup>.\n<\/strong><\/p>\n\n\n\n<p><strong>4. <\/strong><strong>W poniedzia\u0142ek o&nbsp; 17<sup>30<\/sup> nabo\u017ce\u0144stwo do Bo\u017cego\nMi\u0142osierdzia. <\/strong>(Na stoliku pod ch\u00f3rem znajduj\u0105 si\u0119\nkartki, na kt\u00f3rych mo\u017cna wypisywa\u0107 pro\u015bby i podzi\u0119kowania, kt\u00f3re b\u0119dziemy\npoleca\u0107 Bo\u017cemu Mi\u0142osierdziu).<strong><\/strong><\/p>\n\n\n\n<p><strong>5. <\/strong>W\n\u015brod\u0119 Nowenna do NMP Nieustaj\u0105cej Pomocy o godz. <strong>17<sup>30<\/sup><\/strong>,<strong> a od czwartku R\u00f3\u017caniec o <\/strong><strong>17<sup>30<\/sup>.<\/strong><\/p>\n\n\n\n<p><strong>6<\/strong><strong>.<\/strong> <strong>&nbsp;<\/strong>W tym tygodniu obchodzimy:<\/p>\n\n\n\n<p>&#8211; <strong>w\nponiedzia\u0142ek<\/strong> \u2013 wspomnienie \u015bw. Wac\u0142awa, m\u0119czennika<\/p>\n\n\n\n<p>&#8211; <strong>we\nwtorek<\/strong> \u2013 \u015bwi\u0119to \u015bw.\nArchanio\u0142\u00f3w Micha\u0142a, Gabriela i Rafa\u0142a<strong><\/strong><\/p>\n\n\n\n<p>&#8211; <strong>w\n\u015brod\u0119<\/strong> \u2013 wspomnienie\n\u015bw. Hieronima, prezbitera i doktora Ko\u015bcio\u0142a<\/p>\n\n\n\n<p>&#8211;<strong> w czwartek<\/strong> \u2013 wspomnienie \u015bw. Teresy od Dzieci\u0105tka Jezus,\ndziewicy i doktora Ko\u015bcio\u0142a<\/p>\n\n\n\n<p>&#8211; <strong>w pi\u0105tek<\/strong> &#8211; wspomnienie \u015bw. Anio\u0142\u00f3w Str\u00f3\u017c\u00f3w<\/p>\n\n\n\n<p><strong>7.<\/strong>\nW tym tygodniu obchodzimy I czwartek, I pi\u0105tek i I sobot\u0119 miesi\u0105ca <\/p>\n\n\n\n<p><strong>8<\/strong><strong>.<\/strong>\n<strong><em>Odwiedziny\nchorych w I pi\u0105tek miesi\u0105ca od godz. 8.30.<\/em><\/strong><\/p>\n\n\n\n<p><strong>9.<\/strong>\nW I sobot\u0119 miesi\u0105ca o godz. <strong>17<sup>00<\/sup><\/strong>\n<strong><em>nabo\u017ce\u0144stwo\nfatimskie I soboty<\/em><\/strong>.<\/p>\n\n\n\n<p><strong>10<\/strong><strong>. <\/strong>W przysz\u0142\u0105 niedziel\u0119 b\u0119dziemy prze\u017cywa\u0107 <strong><em>27 Niedziel\u0119 zwyk\u0142\u0105<\/em><\/strong>. Msze\n\u015bw. wg porz\u0105dku niedzielnego. Zmiana\ntajemnic \u017bywego R\u00f3\u017ca\u0144ca o <strong>10<sup>30<\/sup>.<\/strong> <\/p>\n\n\n\n<p><strong>11<\/strong><strong>.<\/strong>\nKancelaria czynna codziennie po Mszy \u015bw. wieczornej z wyj\u0105tkiem niedziel,\nuroczysto\u015bci i \u015bwi\u0105t.<\/p>\n\n\n\n<p><strong>12<\/strong><strong>.<\/strong>\nDo nabycia jest prasa katolicka: Niedziela, Go\u015b\u0107 Niedzielny i R\u00f3\u017caniec. <\/p>\n\n\n\n<p><strong>13<\/strong><strong>.<\/strong>\nDzi\u0119kuj\u0119 wszystkim, kt\u00f3rzy w tym tygodniu sprz\u0105tali \u015bwi\u0105tyni\u0119 i przygotowali j\u0105\nna nasze spotkanie eucharystyczne.<\/p>\n\n\n\n<p><strong>14<\/strong><strong>.<\/strong>\nSerdeczne B\u00f3g zap\u0142a\u0107 za ofiary sk\u0142adane na remonty w naszej parafii. <\/p>\n\n\n\n<p><strong>15.<\/strong>\nW <strong>\u015brod\u0119<\/strong> <strong><em>o 18<sup>00<\/sup><\/em><\/strong> w ko\u015bciele\nspotkanie do bierzmowania m\u0142odzie\u017cy z I klasy szko\u0142y \u015bredniej oraz starszych. (\nBierzmowanie b\u0119dzie w naszej parafii 9 pa\u017adziernika)<\/p>\n\n\n\n<p><strong>16.<\/strong>\n<strong><em>We wtorek o 16<sup>00<\/sup> &nbsp;zbi\u00f3rka kandydat\u00f3w, ministrant\u00f3w i lektor\u00f3w w\nsalce.<\/em><\/strong><\/p>\n\n\n\n<p><strong>17.<\/strong>\n&nbsp;Intencje mszalne, obrazki \u2013 pami\u0105tki odprawionej\nMszy \u015bw.<\/p>\n\n\n\n<p><strong>18.<\/strong>\n<strong><em>Spotkanie dla rodzic\u00f3w i dzieci\nPierwszokomunijnych o godz. 12<sup>30<\/sup> po\u0142\u0105czone z po\u015bwi\u0119ceniem i przekazaniem\ndzieciom r\u00f3\u017ca\u0144ca.<\/em><\/strong><\/p>\n\n\n\n<p><em>\u017byczymy mi\u0142ego tygodnia\ni obfitych \u0142ask Bo\u017cych.<\/em><\/p>\n","protected":false},"excerpt":{"rendered":"<p>1. Dzi\u015b prze\u017cywamy 26 Niedziel\u0119 zwyk\u0142\u0105. Msze \u015bw. wg porz\u0105dku niedzielnego. 2. Msze \u015bw. w tygodniu&nbsp; o 700 i 1800. 3. Codziennie spowied\u017a i adoracja Naj\u015bwi\u0119tszego Sakramentu o godz. 1700. 4. W poniedzia\u0142ek o&nbsp; 1730 nabo\u017ce\u0144stwo do Bo\u017cego Mi\u0142osierdzia. (Na stoliku pod ch\u00f3rem znajduj\u0105 si\u0119 kartki, na kt\u00f3rych mo\u017cna wypisywa\u0107&#8230; <a class=\"continue-reading-link\" href=\"http:\/\/parafia.scinawa.info\/index.php\/2020\/10\/17\/ogloszenia-duszpasterskie-26-niedziela-zwykla-27-09-2020\/\">Czytaj dalej <span class=\"meta-nav\">&rarr; <\/span><\/a><\/p>\n","protected":false},"author":2,"featured_media":0,"comment_status":"closed","ping_status":"closed","sticky":false,"template":"","format":"standard","meta":{"footnotes":""},"categories":[40],"tags":[],"class_list":["post-1535","post","type-post","status-publish","format-standard","hentry","category-ogloszenia-duszpasterskie"],"_links":{"self":[{"href":"http:\/\/parafia.scinawa.info\/index.php\/wp-json\/wp\/v2\/posts\/1535","targetHints":{"allow":["GET"]}}],"collection":[{"href":"http:\/\/parafia.scinawa.info\/index.php\/wp-json\/wp\/v2\/posts"}],"about":[{"href":"http:\/\/parafia.scinawa.info\/index.php\/wp-json\/wp\/v2\/types\/post"}],"author":[{"embeddable":true,"href":"http:\/\/parafia.scinawa.info\/index.php\/wp-json\/wp\/v2\/users\/2"}],"replies":[{"embeddable":true,"href":"http:\/\/parafia.scinawa.info\/index.php\/wp-json\/wp\/v2\/comments?post=1535"}],"version-history":[{"count":1,"href":"http:\/\/parafia.scinawa.info\/index.php\/wp-json\/wp\/v2\/posts\/1535\/revisions"}],"predecessor-version":[{"id":1536,"href":"http:\/\/parafia.scinawa.info\/index.php\/wp-json\/wp\/v2\/posts\/1535\/revisions\/1536"}],"wp:attachment":[{"href":"http:\/\/parafia.scinawa.info\/index.php\/wp-json\/wp\/v2\/media?parent=1535"}],"wp:term":[{"taxonomy":"category","embeddable":true,"href":"http:\/\/parafia.scinawa.info\/index.php\/wp-json\/wp\/v2\/categories?post=1535"},{"taxonomy":"post_tag","embeddable":true,"href":"http:\/\/parafia.scinawa.info\/index.php\/wp-json\/wp\/v2\/tags?post=1535"}],"curies":[{"name":"wp","href":"https:\/\/api.w.org\/{rel}","templated":true}]}}