{"id":1537,"date":"2020-10-17T14:22:48","date_gmt":"2020-10-17T12:22:48","guid":{"rendered":"http:\/\/parafia.scinawa.info\/?p=1537"},"modified":"2020-10-17T14:22:48","modified_gmt":"2020-10-17T12:22:48","slug":"ogloszenia-duszpasterskie-27-niedziela-zwykla-04-10-2020","status":"publish","type":"post","link":"http:\/\/parafia.scinawa.info\/index.php\/2020\/10\/17\/ogloszenia-duszpasterskie-27-niedziela-zwykla-04-10-2020\/","title":{"rendered":"Og\u0142oszenia duszpasterskie  27 Niedziela zwyk\u0142a \u2013 04.10. 2020"},"content":{"rendered":"\n<p><strong>1<\/strong><strong>.<\/strong>\nDzi\u015b prze\u017cywamy <strong>27\nNiedziel\u0119 zwyk\u0142\u0105<\/strong>. Msze \u015bw. wg\nporz\u0105dku niedzielnego. Zmiana tajemnic \u017bywego R\u00f3\u017ca\u0144ca o <strong>10<sup>30<\/sup>.<\/strong>\n&nbsp;<strong><em>&nbsp;<\/em><\/strong><\/p>\n\n\n\n<p><strong><em>Dzisiaj spotkanie dla\nrodzic\u00f3w i dzieci Pierwszokomunijnych o godz. 12<sup>30<\/sup> po\u0142\u0105czone z\npo\u015bwi\u0119ceniem i przekazaniem dzieciom r\u00f3\u017ca\u0144ca.<\/em><\/strong><strong><\/strong><\/p>\n\n\n\n<p><strong>2<\/strong><strong>.<\/strong>\nMsze \u015bw. w tygodniu&nbsp; o\n<strong>7<sup>00<\/sup><\/strong> i <strong>18<sup>00<\/sup><\/strong>. <\/p>\n\n\n\n<p><strong>3.<\/strong>\nCodziennie spowied\u017a i adoracja Naj\u015bwi\u0119tszego Sakramentu o godz. <strong>17<sup>00<\/sup>,\na R\u00f3\u017caniec o <\/strong><strong>17<sup>30<\/sup>. <\/strong><\/p>\n\n\n\n<p><strong>4<\/strong><strong>.<\/strong> <strong>&nbsp;<\/strong>W tym tygodniu obchodzimy:<\/p>\n\n\n\n<p>&#8211; <strong>w\nponiedzia\u0142ek<\/strong> \u2013 wspomnienie \u015bw. Faustyny, dziewicy<\/p>\n\n\n\n<p>&#8211; <strong>w\n\u015brod\u0119<\/strong> \u2013 wspomnienie\nNMP R\u00f3\u017ca\u0144cowej \u2013 zapraszam cz\u0142onk\u00f3w \u017bywego R\u00f3\u017ca\u0144ca i wszystkich ch\u0119tnych na\nMsz\u0119 \u015bw., odpust dla \u017bywego R\u00f3\u017ca\u0144ca <\/p>\n\n\n\n<p><strong>5<\/strong><strong>. <\/strong>W przysz\u0142\u0105 niedziel\u0119 b\u0119dziemy prze\u017cywa\u0107 <strong><em>28 Niedziel\u0119 zwyk\u0142\u0105 <\/em><\/strong>oraz\nNiedziel\u0119 papiesk\u0105. We wszystkich ko\u015bcio\u0142ach Polski zbierane s\u0105 ofiary do\npuszek przeznaczone na Fundacj\u0119 Jana Paw\u0142a II \u2013 Dzie\u0142o Nowego Tysi\u0105clecia.. Msze \u015bw. wg porz\u0105dku niedzielnego. <\/p>\n\n\n\n<p><strong>6<\/strong><strong>.<\/strong>\nKancelaria czynna codziennie po Mszy \u015bw. wieczornej z wyj\u0105tkiem niedziel,\nuroczysto\u015bci i \u015bwi\u0105t.<\/p>\n\n\n\n<p><strong>7<\/strong><strong>.<\/strong>\nDo nabycia jest prasa katolicka: Niedziela, Go\u015b\u0107 Niedzielny i R\u00f3\u017caniec. <\/p>\n\n\n\n<p><strong>8<\/strong><strong>.<\/strong>\nDzi\u0119kuj\u0119 wszystkim, kt\u00f3rzy w tym tygodniu sprz\u0105tali \u015bwi\u0105tyni\u0119 i przygotowali j\u0105\nna nasze spotkanie eucharystyczne.<\/p>\n\n\n\n<p><strong>9<\/strong><strong>.<\/strong>\nSerdeczne B\u00f3g zap\u0142a\u0107 za ofiary sk\u0142adane na remonty w naszej parafii. <\/p>\n\n\n\n<p><strong>10.<\/strong>\n<strong><em>W poniedzia\u0142ek o 16<sup>00<\/sup> &nbsp;spotkanie\ndo bierzmowania klasy 6a i 6b w salce parafialnej, klasa 6c w poniedzia\u0142ek o 17<sup>00<\/sup>\n, a w czwartek o 16<sup>00<\/sup> &nbsp;klasy 6d\ni 6e w salce parafialnej.<\/em><\/strong><\/p>\n\n\n\n<p><strong>11.<\/strong>\nWe wtorek o 16<sup>00<\/sup> &nbsp;zbi\u00f3rka kandydat\u00f3w,\nministrant\u00f3w i lektor\u00f3w w ko\u015bciele.<\/p>\n\n\n\n<p><strong>12.<\/strong>\nW <strong>czwartek<\/strong> <strong>p<em>o Mszy o 18<sup>00<\/sup><\/em><\/strong> w\nko\u015bciele spowied\u017a dla m\u0142odzie\u017cy z I klasy szko\u0142y \u015bredniej oraz starszych przed\nbierzmowaniem oraz kr\u00f3tkie spotkanie do bierzmowania.<\/p>\n\n\n\n<p><strong>13.<\/strong>\n<strong><em>W pi\u0105tek 9 pa\u017adziernika o godz. 18.00 w naszej parafii ks. Biskup\nudzieli bierzmowania m\u0142odzie\u017cy. Dlatego w pi\u0105tek nabo\u017ce\u0144stwo r\u00f3\u017ca\u0144cowe b\u0119dzie o\ngodz. 17<sup>00<\/sup>. <\/em><\/strong><\/p>\n\n\n\n<p><strong>14.<\/strong>\n&nbsp;Intencje mszalne, obrazki \u2013 pami\u0105tki odprawionej\nMszy \u015bw.<\/p>\n\n\n\n<p><em>\u017byczymy mi\u0142ego tygodnia\ni obfitych \u0142ask Bo\u017cych.<\/em><\/p>\n","protected":false},"excerpt":{"rendered":"<p>1. Dzi\u015b prze\u017cywamy 27 Niedziel\u0119 zwyk\u0142\u0105. Msze \u015bw. wg porz\u0105dku niedzielnego. Zmiana tajemnic \u017bywego R\u00f3\u017ca\u0144ca o 1030. &nbsp;&nbsp; Dzisiaj spotkanie dla rodzic\u00f3w i dzieci Pierwszokomunijnych o godz. 1230 po\u0142\u0105czone z po\u015bwi\u0119ceniem i przekazaniem dzieciom r\u00f3\u017ca\u0144ca. 2. Msze \u015bw. w tygodniu&nbsp; o 700 i 1800. 3. Codziennie spowied\u017a i adoracja Naj\u015bwi\u0119tszego&#8230; <a class=\"continue-reading-link\" href=\"http:\/\/parafia.scinawa.info\/index.php\/2020\/10\/17\/ogloszenia-duszpasterskie-27-niedziela-zwykla-04-10-2020\/\">Czytaj dalej <span class=\"meta-nav\">&rarr; <\/span><\/a><\/p>\n","protected":false},"author":2,"featured_media":0,"comment_status":"closed","ping_status":"closed","sticky":false,"template":"","format":"standard","meta":{"footnotes":""},"categories":[40],"tags":[],"class_list":["post-1537","post","type-post","status-publish","format-standard","hentry","category-ogloszenia-duszpasterskie"],"_links":{"self":[{"href":"http:\/\/parafia.scinawa.info\/index.php\/wp-json\/wp\/v2\/posts\/1537","targetHints":{"allow":["GET"]}}],"collection":[{"href":"http:\/\/parafia.scinawa.info\/index.php\/wp-json\/wp\/v2\/posts"}],"about":[{"href":"http:\/\/parafia.scinawa.info\/index.php\/wp-json\/wp\/v2\/types\/post"}],"author":[{"embeddable":true,"href":"http:\/\/parafia.scinawa.info\/index.php\/wp-json\/wp\/v2\/users\/2"}],"replies":[{"embeddable":true,"href":"http:\/\/parafia.scinawa.info\/index.php\/wp-json\/wp\/v2\/comments?post=1537"}],"version-history":[{"count":1,"href":"http:\/\/parafia.scinawa.info\/index.php\/wp-json\/wp\/v2\/posts\/1537\/revisions"}],"predecessor-version":[{"id":1538,"href":"http:\/\/parafia.scinawa.info\/index.php\/wp-json\/wp\/v2\/posts\/1537\/revisions\/1538"}],"wp:attachment":[{"href":"http:\/\/parafia.scinawa.info\/index.php\/wp-json\/wp\/v2\/media?parent=1537"}],"wp:term":[{"taxonomy":"category","embeddable":true,"href":"http:\/\/parafia.scinawa.info\/index.php\/wp-json\/wp\/v2\/categories?post=1537"},{"taxonomy":"post_tag","embeddable":true,"href":"http:\/\/parafia.scinawa.info\/index.php\/wp-json\/wp\/v2\/tags?post=1537"}],"curies":[{"name":"wp","href":"https:\/\/api.w.org\/{rel}","templated":true}]}}