{"id":1539,"date":"2020-10-17T14:24:22","date_gmt":"2020-10-17T12:24:22","guid":{"rendered":"http:\/\/parafia.scinawa.info\/?p=1539"},"modified":"2020-10-17T14:24:22","modified_gmt":"2020-10-17T12:24:22","slug":"ogloszenia-duszpasterskie-28-niedziela-zwykla-11-10-2020","status":"publish","type":"post","link":"http:\/\/parafia.scinawa.info\/index.php\/2020\/10\/17\/ogloszenia-duszpasterskie-28-niedziela-zwykla-11-10-2020\/","title":{"rendered":"Og\u0142oszenia duszpasterskie  28 Niedziela zwyk\u0142a \u2013 11.10. 2020"},"content":{"rendered":"\n<p><strong>1<\/strong><strong>.<\/strong>\nDzi\u015b prze\u017cywamy <strong><em>28 Niedziel\u0119 zwyk\u0142\u0105 <\/em><\/strong>oraz Niedziel\u0119\npapiesk\u0105. We wszystkich ko\u015bcio\u0142ach Polski zbierane s\u0105 ofiary do puszek\nprzeznaczone na Fundacj\u0119 Jana Paw\u0142a II \u2013 Dzie\u0142o Nowego Tysi\u0105clecia. Msze \u015bw. wg porz\u0105dku niedzielnego. &nbsp;<strong><em>&nbsp;<\/em><\/strong><\/p>\n\n\n\n<p><strong>2<\/strong><strong>.<\/strong>\nMsze \u015bw. w tygodniu&nbsp; o\n<strong>7<sup>00<\/sup><\/strong> i <strong>18<sup>00<\/sup><\/strong>. <\/p>\n\n\n\n<p><strong>3.<\/strong>\nCodziennie spowied\u017a i adoracja Naj\u015bwi\u0119tszego Sakramentu o godz. <strong>17<sup>00<\/sup>,\na R\u00f3\u017caniec o <\/strong><strong>17<sup>30<\/sup>. <\/strong><\/p>\n\n\n\n<p><strong>4<\/strong><strong>.<\/strong> <strong>&nbsp;<\/strong>W tym tygodniu obchodzimy:<\/p>\n\n\n\n<p>&#8211; <strong>we\nwtorek<\/strong> \u2013 wspomnienie b\u0142. Honorata Ko\u017ami\u0144skiego<\/p>\n\n\n\n<p>&#8211; <strong>w\nczwartek<\/strong> \u2013 wspomnienie\n\u015bw. Teresy od Jezusa, dziewicy i doktora Ko\u015bcio\u0142a<\/p>\n\n\n\n<p>&#8211; <strong>w\npi\u0105tek<\/strong> \u2013 uroczysto\u015b\u0107\n\u015bw. Jadwigi \u015al\u0105skiej \u2013 g\u0142\u00f3wnej Patronki \u015al\u0105ska, Si\u00f3str Jadwi\u017canek<\/p>\n\n\n\n<p>&#8211; <strong>w\nsobot\u0119<\/strong> \u2013 wspomnienie\n\u015bw. Ignacego Antioche\u0144skiego, biskupa i m\u0119czennika<\/p>\n\n\n\n<p><strong>5<\/strong><strong>. <\/strong>W przysz\u0142\u0105 niedziel\u0119 b\u0119dziemy prze\u017cywa\u0107 <strong><em>29 Niedziel\u0119 zwyk\u0142\u0105<\/em><\/strong> Msze\n\u015bw. wg porz\u0105dku niedzielnego.\n<\/p>\n\n\n\n<p><strong>6<\/strong><strong>.<\/strong>\nKancelaria czynna codziennie po Mszy \u015bw. wieczornej z wyj\u0105tkiem niedziel,\nuroczysto\u015bci i \u015bwi\u0105t.<\/p>\n\n\n\n<p><strong>7<\/strong><strong>.<\/strong>\nDo nabycia jest prasa katolicka: Niedziela, Go\u015b\u0107 Niedzielny i R\u00f3\u017caniec. <\/p>\n\n\n\n<p><strong>8<\/strong><strong>.<\/strong>\nDzi\u0119kuj\u0119 wszystkim, kt\u00f3rzy w tym tygodniu sprz\u0105tali \u015bwi\u0105tyni\u0119 i przygotowali j\u0105\nna nasze spotkanie eucharystyczne.<\/p>\n\n\n\n<p><strong>9<\/strong><strong>.<\/strong>\nSerdeczne B\u00f3g zap\u0142a\u0107 za ofiary sk\u0142adane na remonty w naszej parafii. <\/p>\n\n\n\n<p><strong>10.<\/strong>\n<strong><em>W poniedzia\u0142ek o 16<sup>00<\/sup> &nbsp;spotkanie\ndo bierzmowania klasy 7a i 7b w salce parafialnej, klasa 7e w poniedzia\u0142ek o 17<sup>00<\/sup>\n, a w czwartek o 16<sup>00<\/sup> &nbsp;klasy 7c\ni 7d w salce parafialnej.<\/em><\/strong><\/p>\n\n\n\n<p><strong>11.<\/strong>\nWe wtorek o 16<sup>00<\/sup> &nbsp;zbi\u00f3rka kandydat\u00f3w,\nministrant\u00f3w i lektor\u00f3w w salce.<\/p>\n\n\n\n<p><strong>12.<\/strong><strong> <em>Nabo\u017ce\u0144stwo fatimskie we wtorek 13 pa\u017adziernika\ntradycyjnie po Mszy wieczornej.<\/em><\/strong><\/p>\n\n\n\n<p><strong>13.<\/strong>\n&nbsp;Intencje mszalne, obrazki \u2013 pami\u0105tki odprawionej\nMszy \u015bw.<\/p>\n\n\n\n<p><strong>14<\/strong><strong>. <\/strong>Zosta\u0142y\nprzygotowane kartki wypominkowe wraz z zaproszeniem do wsp\u00f3lnej modlitwy za\nzmar\u0142ych i planem wypominek, kt\u00f3ry prosz\u0119 zostawi\u0107 sobie w domu. Mo\u017cna je bra\u0107\nze stolika w przedsionku ko\u015bcio\u0142a, zakrystii i pod ambon\u0105. Wypisane kartki\nwypominkowe prosz\u0119 sk\u0142ada\u0107 w kopertach z adresem do skarbony pod ambon\u0105.<\/p>\n\n\n\n<p><strong>15.<\/strong>\nPami\u0105tk\u0119 z &nbsp;pi\u0105tkowego bierzmowania mo\u017cna\nodbiera\u0107 w zakrystii po ka\u017cdej Mszy \u015bw.<\/p>\n\n\n\n<p><em>\u017byczymy mi\u0142ego tygodnia\ni obfitych \u0142ask Bo\u017cych.<\/em><\/p>\n","protected":false},"excerpt":{"rendered":"<p>1. Dzi\u015b prze\u017cywamy 28 Niedziel\u0119 zwyk\u0142\u0105 oraz Niedziel\u0119 papiesk\u0105. We wszystkich ko\u015bcio\u0142ach Polski zbierane s\u0105 ofiary do puszek przeznaczone na Fundacj\u0119 Jana Paw\u0142a II \u2013 Dzie\u0142o Nowego Tysi\u0105clecia. Msze \u015bw. wg porz\u0105dku niedzielnego. &nbsp;&nbsp; 2. Msze \u015bw. w tygodniu&nbsp; o 700 i 1800. 3. Codziennie spowied\u017a i adoracja Naj\u015bwi\u0119tszego Sakramentu&#8230; <a class=\"continue-reading-link\" href=\"http:\/\/parafia.scinawa.info\/index.php\/2020\/10\/17\/ogloszenia-duszpasterskie-28-niedziela-zwykla-11-10-2020\/\">Czytaj dalej <span class=\"meta-nav\">&rarr; <\/span><\/a><\/p>\n","protected":false},"author":2,"featured_media":0,"comment_status":"closed","ping_status":"closed","sticky":false,"template":"","format":"standard","meta":{"footnotes":""},"categories":[40],"tags":[],"class_list":["post-1539","post","type-post","status-publish","format-standard","hentry","category-ogloszenia-duszpasterskie"],"_links":{"self":[{"href":"http:\/\/parafia.scinawa.info\/index.php\/wp-json\/wp\/v2\/posts\/1539","targetHints":{"allow":["GET"]}}],"collection":[{"href":"http:\/\/parafia.scinawa.info\/index.php\/wp-json\/wp\/v2\/posts"}],"about":[{"href":"http:\/\/parafia.scinawa.info\/index.php\/wp-json\/wp\/v2\/types\/post"}],"author":[{"embeddable":true,"href":"http:\/\/parafia.scinawa.info\/index.php\/wp-json\/wp\/v2\/users\/2"}],"replies":[{"embeddable":true,"href":"http:\/\/parafia.scinawa.info\/index.php\/wp-json\/wp\/v2\/comments?post=1539"}],"version-history":[{"count":1,"href":"http:\/\/parafia.scinawa.info\/index.php\/wp-json\/wp\/v2\/posts\/1539\/revisions"}],"predecessor-version":[{"id":1540,"href":"http:\/\/parafia.scinawa.info\/index.php\/wp-json\/wp\/v2\/posts\/1539\/revisions\/1540"}],"wp:attachment":[{"href":"http:\/\/parafia.scinawa.info\/index.php\/wp-json\/wp\/v2\/media?parent=1539"}],"wp:term":[{"taxonomy":"category","embeddable":true,"href":"http:\/\/parafia.scinawa.info\/index.php\/wp-json\/wp\/v2\/categories?post=1539"},{"taxonomy":"post_tag","embeddable":true,"href":"http:\/\/parafia.scinawa.info\/index.php\/wp-json\/wp\/v2\/tags?post=1539"}],"curies":[{"name":"wp","href":"https:\/\/api.w.org\/{rel}","templated":true}]}}