{"id":1541,"date":"2020-10-17T14:25:51","date_gmt":"2020-10-17T12:25:51","guid":{"rendered":"http:\/\/parafia.scinawa.info\/?p=1541"},"modified":"2020-10-17T14:25:51","modified_gmt":"2020-10-17T12:25:51","slug":"ogloszenia-duszpasterskie-29-niedziela-zwykla-18-10-2020","status":"publish","type":"post","link":"http:\/\/parafia.scinawa.info\/index.php\/2020\/10\/17\/ogloszenia-duszpasterskie-29-niedziela-zwykla-18-10-2020\/","title":{"rendered":"Og\u0142oszenia duszpasterskie  29 Niedziela zwyk\u0142a \u2013 18.10. 2020"},"content":{"rendered":"\n<p><strong>1<\/strong><strong>.<\/strong>\nDzi\u015b prze\u017cywamy <strong><em>29 Niedziel\u0119 zwyk\u0142\u0105 <\/em><\/strong>oraz Niedziel\u0119 misyjn\u0105.\nMsze \u015bw. wg porz\u0105dku niedzielnego. &nbsp;<strong><em>&nbsp;<\/em><\/strong><\/p>\n\n\n\n<p><strong>2<\/strong><strong>.<\/strong>\nMsze \u015bw. w tygodniu&nbsp; o\n<strong>7<sup>00<\/sup><\/strong> i <strong>18<sup>00<\/sup><\/strong>. <\/p>\n\n\n\n<p><strong>3.<\/strong>\nCodziennie spowied\u017a i adoracja Naj\u015bwi\u0119tszego Sakramentu o godz. <strong>17<sup>00<\/sup>,\na R\u00f3\u017caniec o <\/strong><strong>17<sup>30<\/sup>. <\/strong><\/p>\n\n\n\n<p><strong>4<\/strong><strong>.<\/strong> <strong>&nbsp;<\/strong>W tym tygodniu obchodzimy:<\/p>\n\n\n\n<p>&#8211; <strong>we\nwtorek<\/strong> \u2013 wspomnienie \u015bw. Jana Kantego<\/p>\n\n\n\n<p>&#8211; <strong>w\nczwartek<\/strong> \u2013 wspomnienie\n\u015bw. Jana Paw\u0142a II, papie\u017ca<\/p>\n\n\n\n<p><strong>5<\/strong><strong>. <\/strong>W przysz\u0142\u0105 niedziel\u0119 b\u0119dziemy prze\u017cywa\u0107 <strong>ROCZNIC\u0118 PO\u015aWI\u0118CENIA W\u0141ASNEGO KO\u015aCIO\u0141A<\/strong>.\nMsze\n\u015bw. wg porz\u0105dku niedzielnego.<\/p>\n\n\n\n<p><strong>6<\/strong><strong>.<\/strong>\nKancelaria czynna codziennie po Mszy \u015bw. wieczornej z wyj\u0105tkiem niedziel,\nuroczysto\u015bci i \u015bwi\u0105t.<\/p>\n\n\n\n<p><strong>7<\/strong><strong>.<\/strong>\nDo nabycia jest prasa katolicka: Niedziela, Go\u015b\u0107 Niedzielny i R\u00f3\u017caniec. <\/p>\n\n\n\n<p><strong>8<\/strong><strong>.<\/strong>\nDzi\u0119kuj\u0119 wszystkim, kt\u00f3rzy w tym tygodniu sprz\u0105tali \u015bwi\u0105tyni\u0119 i przygotowali j\u0105\nna nasze spotkanie eucharystyczne.<\/p>\n\n\n\n<p><strong>9<\/strong><strong>.<\/strong>\nSerdeczne B\u00f3g zap\u0142a\u0107 za ofiary sk\u0142adane na remonty w naszej parafii. <\/p>\n\n\n\n<p><strong>10.<\/strong>\n&nbsp;Intencje mszalne, obrazki \u2013 pami\u0105tki odprawionej\nMszy \u015bw.<\/p>\n\n\n\n<p><strong>11<\/strong><strong>. <\/strong>Kartki\nwypominkowe wraz z zaproszeniem do wsp\u00f3lnej modlitwy za zmar\u0142ych i planem\nwypominek mo\u017cna bra\u0107 ze stolika w przedsionku ko\u015bcio\u0142a, zakrystii i pod ambon\u0105.\nWypisane kartki wypominkowe prosz\u0119 sk\u0142ada\u0107 w kopertach z adresem do skarbony\npod ambon\u0105.<\/p>\n\n\n\n<p><strong>12.<\/strong>\nPami\u0105tk\u0119 z &nbsp;bierzmowania mo\u017cna odbiera\u0107 w\nzakrystii po ka\u017cdej Mszy \u015bw.<\/p>\n\n\n\n<p><strong>13.<\/strong>\nW \u015brod\u0119, 21 pa\u017adziernika na nasz\u0105 parafi\u0119 przypada wieczysta adoracja\nNaj\u015bwi\u0119tszego Sakramentu, kt\u00f3ra b\u0119dzie trwa\u0142a od <strong>7<sup>30<\/sup><\/strong> do <strong>18<sup>00<\/sup><\/strong>. Zach\u0119cam \u017bywy R\u00f3\u017caniec,\ninne grupy i wszystkich wiernych na chwil\u0119 adoracji.<\/p>\n\n\n\n<p><strong><em>Program\nadoracji:<\/em><\/strong><\/p>\n\n\n\n<p><strong>&nbsp; 8.00 &#8211; 9.00 \u2013 I R\u00f3\u017ca \u017ce\u0144ska<\/strong><\/p>\n\n\n\n<p><strong>&nbsp; 9.00 -10.00 \u2013 II R\u00f3\u017ca \u017ce\u0144ska<\/strong><\/p>\n\n\n\n<p><strong>10.00\n-11.00 \u2013 III R\u00f3\u017ca \u017ce\u0144ska<\/strong><\/p>\n\n\n\n<p><strong>11.00\n-12.00 \u2013 IV R\u00f3\u017ca \u017ce\u0144ska<\/strong><\/p>\n\n\n\n<p><strong>12.00\n-13.00 \u2013 V R\u00f3\u017ca \u017ce\u0144ska<\/strong><\/p>\n\n\n\n<p><strong>13.00\n-14.00 \u2013 VI R\u00f3\u017ca \u017ce\u0144ska<\/strong><\/p>\n\n\n\n<p><strong>14.00\n-15.00 \u2013 R\u00f3\u017ca m\u0119ska<\/strong><\/p>\n\n\n\n<p><strong>&nbsp;&nbsp;&nbsp;&nbsp;&nbsp; 15.00\n-16.00 \u2013 I R\u00f3\u017ca Rodzic\u00f3w za dzieci<\/strong><\/p>\n\n\n\n<p><strong>&nbsp;&nbsp;&nbsp;&nbsp;&nbsp; 16.00\n-17.00 \u2013&nbsp; II i III R\u00f3\u017ca Rodzic\u00f3w za\ndzieci<\/strong><\/p>\n\n\n\n<p><em>\u017byczymy mi\u0142ego tygodnia\ni obfitych \u0142ask Bo\u017cych.<\/em><\/p>\n","protected":false},"excerpt":{"rendered":"<p>1. Dzi\u015b prze\u017cywamy 29 Niedziel\u0119 zwyk\u0142\u0105 oraz Niedziel\u0119 misyjn\u0105. Msze \u015bw. wg porz\u0105dku niedzielnego. &nbsp;&nbsp; 2. Msze \u015bw. w tygodniu&nbsp; o 700 i 1800. 3. Codziennie spowied\u017a i adoracja Naj\u015bwi\u0119tszego Sakramentu o godz. 1700, a R\u00f3\u017caniec o 1730. 4. &nbsp;W tym tygodniu obchodzimy: &#8211; we wtorek \u2013 wspomnienie \u015bw. Jana&#8230; <a class=\"continue-reading-link\" href=\"http:\/\/parafia.scinawa.info\/index.php\/2020\/10\/17\/ogloszenia-duszpasterskie-29-niedziela-zwykla-18-10-2020\/\">Czytaj dalej <span class=\"meta-nav\">&rarr; <\/span><\/a><\/p>\n","protected":false},"author":2,"featured_media":0,"comment_status":"closed","ping_status":"closed","sticky":false,"template":"","format":"standard","meta":{"footnotes":""},"categories":[40],"tags":[],"class_list":["post-1541","post","type-post","status-publish","format-standard","hentry","category-ogloszenia-duszpasterskie"],"_links":{"self":[{"href":"http:\/\/parafia.scinawa.info\/index.php\/wp-json\/wp\/v2\/posts\/1541","targetHints":{"allow":["GET"]}}],"collection":[{"href":"http:\/\/parafia.scinawa.info\/index.php\/wp-json\/wp\/v2\/posts"}],"about":[{"href":"http:\/\/parafia.scinawa.info\/index.php\/wp-json\/wp\/v2\/types\/post"}],"author":[{"embeddable":true,"href":"http:\/\/parafia.scinawa.info\/index.php\/wp-json\/wp\/v2\/users\/2"}],"replies":[{"embeddable":true,"href":"http:\/\/parafia.scinawa.info\/index.php\/wp-json\/wp\/v2\/comments?post=1541"}],"version-history":[{"count":1,"href":"http:\/\/parafia.scinawa.info\/index.php\/wp-json\/wp\/v2\/posts\/1541\/revisions"}],"predecessor-version":[{"id":1542,"href":"http:\/\/parafia.scinawa.info\/index.php\/wp-json\/wp\/v2\/posts\/1541\/revisions\/1542"}],"wp:attachment":[{"href":"http:\/\/parafia.scinawa.info\/index.php\/wp-json\/wp\/v2\/media?parent=1541"}],"wp:term":[{"taxonomy":"category","embeddable":true,"href":"http:\/\/parafia.scinawa.info\/index.php\/wp-json\/wp\/v2\/categories?post=1541"},{"taxonomy":"post_tag","embeddable":true,"href":"http:\/\/parafia.scinawa.info\/index.php\/wp-json\/wp\/v2\/tags?post=1541"}],"curies":[{"name":"wp","href":"https:\/\/api.w.org\/{rel}","templated":true}]}}