{"id":1543,"date":"2020-10-17T14:46:40","date_gmt":"2020-10-17T12:46:40","guid":{"rendered":"http:\/\/parafia.scinawa.info\/?p=1543"},"modified":"2020-10-17T14:46:40","modified_gmt":"2020-10-17T12:46:40","slug":"zarzadzenie-od-18-10-2020","status":"publish","type":"post","link":"http:\/\/parafia.scinawa.info\/index.php\/2020\/10\/17\/zarzadzenie-od-18-10-2020\/","title":{"rendered":"Zarz\u0105dzenie od 18.10.2020"},"content":{"rendered":"\n<p class=\"has-medium-font-size\">Wed\u0142ug ustale\u0144 i komunikat\u00f3w w ko\u015bcio\u0142ach obowi\u0105zuje limit: <strong>1 osoba na\n7 m<sup>2<\/sup><\/strong>, <strong>nie wliczaj\u0105c ksi\u0119dza celebransa i us\u0142uguj\u0105cych mu do\nMszy.<\/strong>&nbsp; <strong>W <\/strong><strong>naszym ko\u015bciele mo\u017ce uczestniczy\u0107 w\nliturgii <\/strong><\/p>\n\n\n\n<p style=\"font-size:40px\"><strong>140 os\u00f3b wewn\u0105trz ko\u015bcio\u0142a,<\/strong><\/p>\n\n\n\n<p class=\"has-text-color has-medium-font-size has-very-dark-gray-color\"><strong>a na zewn\u0105trz na placu inni ch\u0119tni z zachowaniem w\u0142a\u015bciwej odleg\u0142o\u015bci. Oczywi\u015bcie WIERNI W KO\u015aCIO\u0141ACH MUSZ\u0104 ZAS\u0141ANIA\u0106 USTA I NOS \u2013 podczas liturgii oraz poza ni\u0105.<\/strong><\/p>\n","protected":false},"excerpt":{"rendered":"<p>Wed\u0142ug ustale\u0144 i komunikat\u00f3w w ko\u015bcio\u0142ach obowi\u0105zuje limit: 1 osoba na 7 m2, nie wliczaj\u0105c ksi\u0119dza celebransa i us\u0142uguj\u0105cych mu do Mszy.&nbsp; W naszym ko\u015bciele mo\u017ce uczestniczy\u0107 w liturgii 140 os\u00f3b wewn\u0105trz ko\u015bcio\u0142a, a na zewn\u0105trz na placu inni ch\u0119tni z zachowaniem w\u0142a\u015bciwej odleg\u0142o\u015bci. Oczywi\u015bcie WIERNI W KO\u015aCIO\u0141ACH MUSZ\u0104 ZAS\u0141ANIA\u0106&#8230; <a class=\"continue-reading-link\" href=\"http:\/\/parafia.scinawa.info\/index.php\/2020\/10\/17\/zarzadzenie-od-18-10-2020\/\">Czytaj dalej <span class=\"meta-nav\">&rarr; <\/span><\/a><\/p>\n","protected":false},"author":2,"featured_media":0,"comment_status":"closed","ping_status":"closed","sticky":false,"template":"","format":"standard","meta":{"footnotes":""},"categories":[41],"tags":[],"class_list":["post-1543","post","type-post","status-publish","format-standard","hentry","category-komunikaty-duszpasterskie"],"_links":{"self":[{"href":"http:\/\/parafia.scinawa.info\/index.php\/wp-json\/wp\/v2\/posts\/1543","targetHints":{"allow":["GET"]}}],"collection":[{"href":"http:\/\/parafia.scinawa.info\/index.php\/wp-json\/wp\/v2\/posts"}],"about":[{"href":"http:\/\/parafia.scinawa.info\/index.php\/wp-json\/wp\/v2\/types\/post"}],"author":[{"embeddable":true,"href":"http:\/\/parafia.scinawa.info\/index.php\/wp-json\/wp\/v2\/users\/2"}],"replies":[{"embeddable":true,"href":"http:\/\/parafia.scinawa.info\/index.php\/wp-json\/wp\/v2\/comments?post=1543"}],"version-history":[{"count":1,"href":"http:\/\/parafia.scinawa.info\/index.php\/wp-json\/wp\/v2\/posts\/1543\/revisions"}],"predecessor-version":[{"id":1544,"href":"http:\/\/parafia.scinawa.info\/index.php\/wp-json\/wp\/v2\/posts\/1543\/revisions\/1544"}],"wp:attachment":[{"href":"http:\/\/parafia.scinawa.info\/index.php\/wp-json\/wp\/v2\/media?parent=1543"}],"wp:term":[{"taxonomy":"category","embeddable":true,"href":"http:\/\/parafia.scinawa.info\/index.php\/wp-json\/wp\/v2\/categories?post=1543"},{"taxonomy":"post_tag","embeddable":true,"href":"http:\/\/parafia.scinawa.info\/index.php\/wp-json\/wp\/v2\/tags?post=1543"}],"curies":[{"name":"wp","href":"https:\/\/api.w.org\/{rel}","templated":true}]}}