{"id":1552,"date":"2020-10-31T16:17:42","date_gmt":"2020-10-31T15:17:42","guid":{"rendered":"http:\/\/parafia.scinawa.info\/?p=1552"},"modified":"2020-10-31T16:17:42","modified_gmt":"2020-10-31T15:17:42","slug":"intencje-mszalne-01-01-08-11-2020","status":"publish","type":"post","link":"http:\/\/parafia.scinawa.info\/index.php\/2020\/10\/31\/intencje-mszalne-01-01-08-11-2020\/","title":{"rendered":"INTENCJE MSZALNE 01.01. \u2013 08.11. 2020"},"content":{"rendered":"\n<p><strong><em>Sk\u0142adaj\u0105c\nOfiar\u0119, kt\u00f3ra nam przypomina niezmierzon\u0105 mi\u0142o\u015b\u0107 Twojego Syna, pokornie prosimy\nCi\u0119, Bo\u017ce, przyjmij intencje Twoich wiernych i spraw przez dzia\u0142anie\nEucharystii, aby w naszych rodzinach wzrasta\u0142a prawdziwa wiara, \u015bwi\u0119to\u015b\u0107 \u017cycia,\nbraterska mi\u0142o\u015b\u0107 i duch modlitwy. <\/em><\/strong><strong>Niech\nMatka Naj\u015bwi\u0119tsza wyprosi \u0142aski, o kt\u00f3re modlili\u015bmy si\u0119 w tej Mszy \u015bw. dla \u2026\nZa\u015b zmar\u0142ym \u2026 za kt\u00f3rych odprawiali\u015bmy Msz\u0119 \u015bw.: wieczny odpoczynek racz im\nda\u0107 Panie (\u2026); niech odpoczywaj\u0105 w pokoju wiecznym. Amen<\/strong><\/p>\n\n\n\n<p><strong><em>01.11.\n&#8211; NIEDZIELA&nbsp; <\/em><\/strong><em><\/em><\/p>\n\n\n\n<p><strong>&nbsp; 8.oo \u2013 1) <\/strong>++ m\u0119\u017ca Henryka, tat\u0119 Boles\u0142awa, te\u015bci\u00f3w: Marie i Stanis\u0142awa oraz ++ z\nrodziny<\/p>\n\n\n\n<p>&nbsp;&nbsp;&nbsp;&nbsp;&nbsp;&nbsp;&nbsp;&nbsp;&nbsp;&nbsp;&nbsp;&nbsp;&nbsp;&nbsp;&nbsp;&nbsp;&nbsp; &nbsp;Bilewicz\u00f3w, Olejarnik\u00f3w i Dec\u00f3w\n<\/p>\n\n\n\n<p><strong>&nbsp;&nbsp;&nbsp;&nbsp;&nbsp;&nbsp;&nbsp;&nbsp;&nbsp;&nbsp;&nbsp; &nbsp;\n2)<\/strong> + Stanis\u0142awa (on) \u2013 gregorianka 1<\/p>\n\n\n\n<p><strong>&nbsp; 9.3o \u2013 <\/strong>&nbsp;&nbsp;++ z\nrodziny Stanis\u0142awskich, Idkowiak\u00f3w, Rodziewicz\u00f3w, Miko\u0142ajuk\u00f3w \u2013 modli si\u0119 rodzina<\/p>\n\n\n\n<p><strong>11.oo\n\u2013 1) <\/strong>++ cz\u0142onk\u00f3w \u017bywego R\u00f3\u017ca\u0144ca, a szczeg\u00f3lnie za: Jana\nSkuriat\u0119, Mari\u0119 Malec, Zbigniewa<\/p>\n\n\n\n<p>&nbsp;&nbsp;&nbsp;&nbsp;&nbsp;&nbsp;&nbsp;&nbsp; &nbsp;&nbsp;&nbsp;&nbsp;&nbsp;&nbsp;&nbsp;Szafra\u0144skiego, Krystyn\u0119 G\u0105sk\u0119, Ann\u0119\nLipi\u0144sk\u0105, Janin\u0119 Wo\u017aniak, Jana Feliszka, ++ ksi\u0119\u017cy,<\/p>\n\n\n\n<p>&nbsp;&nbsp;&nbsp;&nbsp;&nbsp;&nbsp;&nbsp;&nbsp; &nbsp;&nbsp;&nbsp;&nbsp;&nbsp;&nbsp;&nbsp;kt\u00f3rzy\npracowali w naszej parafii, dusze w czy\u015b\u0107cu cierpi\u0105ce \u2013 modli si\u0119 \u017bywy R\u00f3\u017caniec<\/p>\n\n\n\n<p><strong>&nbsp;&nbsp;&nbsp;&nbsp;&nbsp;&nbsp;&nbsp;&nbsp;&nbsp;&nbsp;&nbsp; &nbsp;\n2) <\/strong>&nbsp;++ z rodziny:\nJ\u00f3zefa, Mari\u0119, Wies\u0142awa i dusze w czy\u015b\u0107cu cierpi\u0105ce <\/p>\n\n\n\n<p><strong>12.3o\n\u2013 1)<\/strong> + m\u0119\u017ca Henryka i ++ &nbsp;rodzic\u00f3w z obu stron \u2013 modli si\u0119 rodzina<strong><\/strong><\/p>\n\n\n\n<p><strong>&nbsp;&nbsp;&nbsp;&nbsp;&nbsp;&nbsp;&nbsp;&nbsp; 2)<\/strong> + Zbigniewa oraz ++ z rodziny So\u015bnickich, Kobl\u00f3w, Mazur\u00f3w i \u017bo\u0142y\u0144skich \u2013\nmodli si\u0119 rodzina<\/p>\n\n\n\n<p><strong>&nbsp;&nbsp;&nbsp;&nbsp;&nbsp;&nbsp;&nbsp;&nbsp;&nbsp;&nbsp;&nbsp;&nbsp; 3)<\/strong> w 6 rocz. urodzin Jasia dzi\u0119kczynna z pro\u015bb\u0105 o\nzdrowie, dary Ducha \u015awi\u0119tego, Bo\u017ce <\/p>\n\n\n\n<p>&nbsp;&nbsp;&nbsp;&nbsp;&nbsp;&nbsp;&nbsp;&nbsp;&nbsp;&nbsp;&nbsp;&nbsp;&nbsp;&nbsp;&nbsp;&nbsp;&nbsp; b\u0142ogos\u0142awie\u0144stwo,\nopiek\u0119 NMP \u2013 modl\u0105 si\u0119 rodzice i rodze\u0144stwo<\/p>\n\n\n\n<p><strong>18.oo\n\u2013 1) <\/strong>++ Stefani\u0119, Antoniego,\nTadeusza i Adel\u0119 &nbsp;Czuczo\u0142\u00f3w\noraz Mari\u0119 G\u00f3rniak<\/p>\n\n\n\n<p><strong>&nbsp;&nbsp;&nbsp;&nbsp;&nbsp;&nbsp;&nbsp;&nbsp;&nbsp;&nbsp;&nbsp; &nbsp;\n2)<\/strong> ++ J\u00f3zef\u0119 Dro\u0144 i Jana Herb\u0119 \u2013 modli si\u0119 rodzina<\/p>\n\n\n\n<p><strong>&nbsp;&nbsp;&nbsp;&nbsp;&nbsp;&nbsp;&nbsp;&nbsp;&nbsp;&nbsp;&nbsp; &nbsp;3)<\/strong> ++ rodzic\u00f3w: Zofi\u0119 i Jana Ca\u0142ych oraz dziadk\u00f3w: Rozali\u0119 i Franciszka\nCa\u0142ych,<\/p>\n\n\n\n<p>&nbsp;&nbsp;&nbsp;&nbsp;&nbsp;&nbsp;&nbsp;&nbsp;&nbsp;&nbsp; &nbsp;&nbsp;&nbsp;&nbsp;&nbsp;&nbsp;Mari\u0119 i Franciszka Krawczyszyn\u00f3w<\/p>\n\n\n\n<p><strong><em>02.11.\n\u2013 PONIEDZIA\u0141EK<\/em><\/strong><\/p>\n\n\n\n<p><strong>&nbsp;8.oo \u2013 <\/strong>&nbsp;intencja zbiorowa<\/p>\n\n\n\n<p><strong>1)<\/strong>\n+ Stanis\u0142awa (on) \u2013 gregorianka 2<\/p>\n\n\n\n<p><strong>2)<\/strong><\/p>\n\n\n\n<p><strong>11.oo\n\u2013<\/strong>\nintencja zbiorowa<\/p>\n\n\n\n<p><strong>1)\n<\/strong>&nbsp;<\/p>\n\n\n\n<p><strong>2)<\/strong><\/p>\n\n\n\n<p><strong>18.oo\n\u2013 <\/strong>intencja\nzbiorowa<\/p>\n\n\n\n<p><strong>1)\n<\/strong>++ Kazimierza w 11 rocz. \u015bm., Iwett\u0119 w 4 rocz. \u015bm.,\nAnn\u0119 w 2 rocz. \u015bm. \u2013 modli si\u0119 Maria z rodzin\u0105 <\/p>\n\n\n\n<p><strong>2)<\/strong><\/p>\n\n\n\n<p><strong><em>03.11.\n&#8211; WTOREK<\/em><\/strong><em><\/em><\/p>\n\n\n\n<p><strong>&nbsp; 7.oo \u2013 1) <\/strong>&nbsp;+ Stanis\u0142awa (on) \u2013 gregorianka 3<\/p>\n\n\n\n<p><strong>&nbsp;&nbsp;&nbsp;&nbsp;&nbsp;&nbsp;&nbsp;&nbsp;&nbsp;&nbsp;&nbsp; &nbsp;\n2)<\/strong> ++ J\u00f3zefa, Mari\u0119 i\nAntoniego Cirog\u00f3w, Karolin\u0119, Antoniego, J\u00f3zef\u0119, Bronis\u0142aw\u0119, Eugeni\u0119<\/p>\n\n\n\n<p>&nbsp;&nbsp;&nbsp;&nbsp;&nbsp;&nbsp;&nbsp;&nbsp;&nbsp;&nbsp;&nbsp; &nbsp;Ob\u0142oz\u00f3w oraz Mariana, Lontyn\u0119 i Franciszka\nBosadzkich<\/p>\n\n\n\n<p><strong>18.oo\n\u2013 <\/strong>++ z rodziny Paw\u0142owskich i Zdobylak\u00f3w \u2013 modli si\u0119\nrodzina\n<\/p>\n\n\n\n<p><strong><em>04.11.\n\u2013 \u015aRODA <\/em><\/strong><\/p>\n\n\n\n<p><strong>&nbsp; 7.oo \u2013 <\/strong>+ Stanis\u0142awa\n(on) \u2013 gregorianka 4<\/p>\n\n\n\n<p><strong>18.oo\n\u2013&nbsp; intencja zbiorowa nowennowa:<\/strong><\/p>\n\n\n\n<p><strong>&nbsp;1)<\/strong> + Wand\u0119 Gambal w 11\nrocz. \u015bm. \u2013 modli si\u0119 m\u0105\u017c z dzie\u0107mi<\/p>\n\n\n\n<p><strong>&nbsp;2)<\/strong> <\/p>\n\n\n\n<p><strong>&nbsp;3)<\/strong><\/p>\n\n\n\n<p><strong><em>05.11.\n\u2013 CZWARTEK <\/em><\/strong><em>&nbsp;<\/em><\/p>\n\n\n\n<p><strong>&nbsp; 7.oo \u2013<\/strong> <strong>1) <\/strong>+ Stanis\u0142awa (on) \u2013 gregorianka 5 <\/p>\n\n\n\n<p><strong>&nbsp;&nbsp;&nbsp;&nbsp;&nbsp;&nbsp;&nbsp;&nbsp;&nbsp;&nbsp;&nbsp; &nbsp;\n2)<\/strong> + Tomasza Ma\u017carskiego \u2013 intencja od szwagierki\nGenowefy Kura\u015b ze \u015awi\u0119can<\/p>\n\n\n\n<p><strong>18.oo\n\u2013 1)<\/strong> + Piotra Fludera &#8211; 30 dzie\u0144 od\npogrzebu \u2013 intencja od uczestnik\u00f3w Mszy pogrzebowej&nbsp;<\/p>\n\n\n\n<p><strong>&nbsp;&nbsp;&nbsp;&nbsp;&nbsp;&nbsp;&nbsp;&nbsp;&nbsp;&nbsp;&nbsp; &nbsp;\n2) <\/strong><\/p>\n\n\n\n<p><strong><em>06.11.\n\u2013 PI\u0104TEK<\/em><\/strong><\/p>\n\n\n\n<p><strong>&nbsp; &nbsp;&nbsp;7.oo\n\u2013<\/strong>\n<strong>1) <\/strong>+ Stanis\u0142awa (on) \u2013 gregorianka 6\n<\/p>\n\n\n\n<p><strong>&nbsp;&nbsp;&nbsp;&nbsp;&nbsp;&nbsp;&nbsp;&nbsp;&nbsp;&nbsp;&nbsp; &nbsp;\n2)<\/strong> + Grzegorza i dusze w czy\u015b\u0107cu cierpi\u0105ce<\/p>\n\n\n\n<p><strong>18.oo\n\u2013 1)<\/strong> + syna Waldemara w 10 rocz. \u015bm. \u2013 modl\u0105 si\u0119 rodzice<strong> <\/strong>&nbsp;<\/p>\n\n\n\n<p><strong>&nbsp;&nbsp;&nbsp;&nbsp;&nbsp;&nbsp;&nbsp;&nbsp;&nbsp;&nbsp;&nbsp; &nbsp;\n2)<\/strong> &nbsp;<\/p>\n\n\n\n<p><strong><em>07.11.\n\u2013 SOBOTA<\/em><\/strong><\/p>\n\n\n\n<p><strong>&nbsp; &nbsp;&nbsp;7.oo\n\u2013<\/strong>\n<strong>1) <\/strong>+ Stanis\u0142awa (on) \u2013 gregorianka 7\n<\/p>\n\n\n\n<p><strong>&nbsp;&nbsp;&nbsp;&nbsp;&nbsp;&nbsp;&nbsp;&nbsp;&nbsp;&nbsp;&nbsp; &nbsp;\n2)<\/strong> w 70 rocz. urodzin mamy\nTeresy Bilewicz dzi\u0119kczynna z pro\u015bb\u0105 o zdrowie, dary<\/p>\n\n\n\n<p>&nbsp;&nbsp;&nbsp;&nbsp;&nbsp;&nbsp;&nbsp;&nbsp;&nbsp;&nbsp;&nbsp;&nbsp;&nbsp;&nbsp;&nbsp;&nbsp; &nbsp;Ducha \u015awi\u0119tego, Bo\u017ce b\u0142ogos\u0142awie\u0144stwo, opiek\u0119\nNMP \u2013 modl\u0105 si\u0119 dzieci<\/p>\n\n\n\n<p><strong>18.oo\n\u2013 1) Intencja wynagradzaj\u0105ca Niepokalanemu Sercu NMP<\/strong>\n<\/p>\n\n\n\n<p><strong>&nbsp;&nbsp;&nbsp;&nbsp;&nbsp;&nbsp;&nbsp;&nbsp;&nbsp;&nbsp;&nbsp; &nbsp;\n2)<\/strong> &nbsp;<\/p>\n\n\n\n<p><strong><em>08.11.\n\u2013 NIEDZIELA&nbsp; <\/em><\/strong><\/p>\n\n\n\n<p><strong>&nbsp; 8.oo \u2013 1) <\/strong>&nbsp;++ Helen\u0119, Jana, Mari\u0119, Szczepana, Zygmunta z\nrodziny St\u0119pieni\u00f3w, Krzysztofa, Janin\u0119 <\/p>\n\n\n\n<p>&nbsp;&nbsp;&nbsp;&nbsp;&nbsp;&nbsp;&nbsp;&nbsp;&nbsp; i Antoniego z rodziny Lulk\u00f3w oraz\nMari\u0119 i Stanis\u0142awa z rodziny Koniecznych \u2013 modli si\u0119 rodzina <\/p>\n\n\n\n<p><strong>&nbsp;&nbsp;&nbsp;&nbsp;&nbsp;&nbsp;&nbsp;&nbsp;&nbsp;&nbsp;&nbsp; &nbsp;\n2)<\/strong> ++ rodzic\u00f3w: J\u00f3zefa w 15 rocz. \u015bm. i Helen\u0119\nKaczan\u00f3w, te\u015bcia Boles\u0142awa, Henryka Deca<\/p>\n\n\n\n<p>&nbsp;&nbsp;&nbsp;&nbsp;&nbsp;&nbsp;&nbsp;&nbsp;&nbsp;&nbsp;&nbsp;&nbsp;&nbsp;&nbsp;&nbsp;&nbsp; &nbsp;oraz ++ z rodziny Kaczan\u00f3w, Bilewicz\u00f3w i\nJastrz\u0119bskich \u2013 modli si\u0119 rodzina<\/p>\n\n\n\n<p><strong>&nbsp; 9.3o \u2013 <\/strong>&nbsp;+ Danut\u0119 Tober\u0119 oraz ++ rodzic\u00f3w: Henryk\u0119 i\nMieczys\u0142awa G\u0105sior\u00f3w \u2013 modli si\u0119 rodzina <\/p>\n\n\n\n<p><strong>11.oo\n\u2013 1) <\/strong>+ m\u0119\u017ca J\u00f3zefa\nMazurkiewicza w 7 rocz. \u015bm., ++ rodzic\u00f3w: Tekl\u0119 i Jana, Ann\u0119 i Micha\u0142a <\/p>\n\n\n\n<p>&nbsp;&nbsp;&nbsp;&nbsp;&nbsp;&nbsp;&nbsp;&nbsp;&nbsp;&nbsp;&nbsp;&nbsp;&nbsp;&nbsp;&nbsp;&nbsp;&nbsp; oraz rodze\u0144stwo,\nich wsp\u00f3\u0142ma\u0142\u017conk\u00f3w i dzieci z obu stron i ++ rodziny Bilewicz\u00f3w <\/p>\n\n\n\n<p>&nbsp;&nbsp;&nbsp;&nbsp;&nbsp;&nbsp;&nbsp;&nbsp;&nbsp;&nbsp;&nbsp;&nbsp;&nbsp;&nbsp;&nbsp;&nbsp;&nbsp; i Mazurkiewicz\u00f3w \u2013\nmodli si\u0119 Eugenia z rodzin\u0105<\/p>\n\n\n\n<p><strong>&nbsp;&nbsp;&nbsp;&nbsp;&nbsp;&nbsp;&nbsp;&nbsp;&nbsp;&nbsp;&nbsp; &nbsp;\n2) <\/strong>+ m\u0119\u017ca Ryszarda, ++\nrodzic\u00f3w, te\u015bci\u00f3w i ++ z rodziny <\/p>\n\n\n\n<p><strong>12.3o\n\u2013 1) <\/strong>++ rodzic\u00f3w: Olka w 7\nrocz. \u015bm. i J\u00f3zef\u0119 Pary\u0142owicz\u00f3w \u2013 modli si\u0119 rodzina<\/p>\n\n\n\n<p><strong>&nbsp;&nbsp;&nbsp;&nbsp;&nbsp;&nbsp;&nbsp;&nbsp;&nbsp;&nbsp;&nbsp; &nbsp;\n2)<\/strong> zaj. P. Zdobylak\n<\/p>\n\n\n\n<p><strong>18.oo\n\u2013 &nbsp;<\/strong>&nbsp;<strong>1) <\/strong>+\nStanis\u0142awa (on) \u2013 gregorianka 8 <\/p>\n\n\n\n<p><strong>&nbsp;&nbsp;&nbsp;&nbsp;&nbsp;&nbsp;&nbsp;&nbsp;&nbsp;&nbsp;&nbsp; &nbsp;\n&nbsp;&nbsp;2)<\/strong> + W\u0142adys\u0142awa Sulim\u0119<\/p>\n","protected":false},"excerpt":{"rendered":"<p>Sk\u0142adaj\u0105c Ofiar\u0119, kt\u00f3ra nam przypomina niezmierzon\u0105 mi\u0142o\u015b\u0107 Twojego Syna, pokornie prosimy Ci\u0119, Bo\u017ce, przyjmij intencje Twoich wiernych i spraw przez dzia\u0142anie Eucharystii, aby w naszych rodzinach wzrasta\u0142a prawdziwa wiara, \u015bwi\u0119to\u015b\u0107 \u017cycia, braterska mi\u0142o\u015b\u0107 i duch modlitwy. Niech Matka Naj\u015bwi\u0119tsza wyprosi \u0142aski, o kt\u00f3re modlili\u015bmy si\u0119 w tej Mszy \u015bw. dla&#8230; <a class=\"continue-reading-link\" href=\"http:\/\/parafia.scinawa.info\/index.php\/2020\/10\/31\/intencje-mszalne-01-01-08-11-2020\/\">Czytaj dalej <span class=\"meta-nav\">&rarr; <\/span><\/a><\/p>\n","protected":false},"author":2,"featured_media":0,"comment_status":"closed","ping_status":"closed","sticky":false,"template":"","format":"standard","meta":{"footnotes":""},"categories":[39],"tags":[],"class_list":["post-1552","post","type-post","status-publish","format-standard","hentry","category-intencje"],"_links":{"self":[{"href":"http:\/\/parafia.scinawa.info\/index.php\/wp-json\/wp\/v2\/posts\/1552","targetHints":{"allow":["GET"]}}],"collection":[{"href":"http:\/\/parafia.scinawa.info\/index.php\/wp-json\/wp\/v2\/posts"}],"about":[{"href":"http:\/\/parafia.scinawa.info\/index.php\/wp-json\/wp\/v2\/types\/post"}],"author":[{"embeddable":true,"href":"http:\/\/parafia.scinawa.info\/index.php\/wp-json\/wp\/v2\/users\/2"}],"replies":[{"embeddable":true,"href":"http:\/\/parafia.scinawa.info\/index.php\/wp-json\/wp\/v2\/comments?post=1552"}],"version-history":[{"count":1,"href":"http:\/\/parafia.scinawa.info\/index.php\/wp-json\/wp\/v2\/posts\/1552\/revisions"}],"predecessor-version":[{"id":1553,"href":"http:\/\/parafia.scinawa.info\/index.php\/wp-json\/wp\/v2\/posts\/1552\/revisions\/1553"}],"wp:attachment":[{"href":"http:\/\/parafia.scinawa.info\/index.php\/wp-json\/wp\/v2\/media?parent=1552"}],"wp:term":[{"taxonomy":"category","embeddable":true,"href":"http:\/\/parafia.scinawa.info\/index.php\/wp-json\/wp\/v2\/categories?post=1552"},{"taxonomy":"post_tag","embeddable":true,"href":"http:\/\/parafia.scinawa.info\/index.php\/wp-json\/wp\/v2\/tags?post=1552"}],"curies":[{"name":"wp","href":"https:\/\/api.w.org\/{rel}","templated":true}]}}