{"id":1554,"date":"2020-10-31T16:19:26","date_gmt":"2020-10-31T15:19:26","guid":{"rendered":"http:\/\/parafia.scinawa.info\/?p=1554"},"modified":"2020-10-31T16:19:26","modified_gmt":"2020-10-31T15:19:26","slug":"ogloszenia-duszpasterskie-30-niedziela-zwykla-25-10-2020","status":"publish","type":"post","link":"http:\/\/parafia.scinawa.info\/index.php\/2020\/10\/31\/ogloszenia-duszpasterskie-30-niedziela-zwykla-25-10-2020\/","title":{"rendered":"Og\u0142oszenia duszpasterskie  30 Niedziela zwyk\u0142a \u2013 25.10. 2020"},"content":{"rendered":"\n<p><strong>1<\/strong><strong>.<\/strong>\nDzi\u015b prze\u017cywamy<strong> ROCZNIC\u0118 PO\u015aWI\u0118CENIA\nW\u0141ASNEGO KO\u015aCIO\u0141A<\/strong>. Msze \u015bw. wg\nporz\u0105dku niedzielnego. &nbsp;<strong><em>&nbsp;<\/em><\/strong><\/p>\n\n\n\n<p><strong>2<\/strong><strong>.<\/strong>\nMsze \u015bw. w tygodniu&nbsp; o\n<strong>7<sup>00<\/sup><\/strong> i <strong>18<sup>00<\/sup><\/strong>. <\/p>\n\n\n\n<p><strong>3.<\/strong>\nCodziennie spowied\u017a i adoracja Naj\u015bwi\u0119tszego Sakramentu o godz. <strong>17<sup>00<\/sup>,\na R\u00f3\u017caniec o <\/strong><strong>17<sup>30<\/sup>. <\/strong><\/p>\n\n\n\n<p><strong>4<\/strong><strong>.<\/strong> <strong>&nbsp;<\/strong>W \u015brod\u0119 obchodzimy \u015bwi\u0119to \u015bw. Aposto\u0142\u00f3w Szymona i Judy Tadeusza<\/p>\n\n\n\n<p><strong>5<\/strong><strong>. <\/strong>W przysz\u0142\u0105 niedziel\u0119 b\u0119dziemy prze\u017cywa\u0107 <strong><em>uroczysto\u015b\u0107\nWszystkich \u015awi\u0119tych<\/em><\/strong>. <strong>Msze \u015bw. wg porz\u0105dku niedzielnego. <\/strong>Zmiana\ntajemnic \u017bywego R\u00f3\u017ca\u0144ca o <strong>10<sup>30<\/sup>.<\/strong><strong><em> W uroczysto\u015b\u0107\nWszystkich \u015awi\u0119tych zbierane s\u0105 ofiary do puszek na Wy\u017csze Seminarium Duchowne\nw Legnicy. B\u00f3g zap\u0142a\u0107 za ofiary. <\/em><\/strong><\/p>\n\n\n\n<p>Z zarz\u0105dzenia Biskupa Legnickiego z 16\npa\u017adziernika 2020 roku:<\/p>\n\n\n\n<p><strong>UROCZYSTO\u015a\u0106\nWSZYSTKICH \u015aWI\u0118TYCH<\/strong><\/p>\n\n\n\n<p><strong>Nale\u017cy zrezygnowa\u0107 z Mszy \u015bwi\u0119tych celebrowanych na cmentarzach oraz\nwszelkich procesji w dniu 1 listopada br., a zamiast tego zaprosi\u0107 wiernych do\nudzia\u0142u&nbsp;w liturgiach sprawowanych tego dnia w ko\u015bcio\u0142ach.<\/strong><strong><\/strong><\/p>\n\n\n\n<p><strong>Prosz\u0119 o\nzach\u0119canie wiernych do indywidualnego nawiedzania cmentarzy nie tylko&nbsp;w\nuroczysto\u015b\u0107 Wszystkich \u015awi\u0119tych, ale przede wszystkim w tych dniach, kiedy\nmo\u017cna uzyska\u0107 odpust za zmar\u0142ych \u2013 od 1 do 8 listopada.<\/strong><strong><\/strong><\/p>\n\n\n\n<p>Wierni,\nkt\u00f3rzy pobo\u017cnie nawiedz\u0105 cmentarz i pomodl\u0105 si\u0119 za zmar\u0142ych, mog\u0105 uzyska\u0107 i\nofiarowa\u0107 za nich <strong>odpust zupe\u0142ny<\/strong>\nw dniach od 1 do 8 listopada, w inne dni cz\u0105stkowy. <\/p>\n\n\n\n<p><strong><em>Warunki\nodpustu<\/em><\/strong>: stan \u0142aski\nu\u015bwi\u0119caj\u0105cej; pe\u0142ne uczestnictwo w Eucharystii z Komuni\u0105 \u015bw.; nawiedzenie\ncmentarza; odm\u00f3wienie modlitwy Ojcze nasz.., w intencjach Ojca \u015awi\u0119tego (np.\nPod Twoj\u0105 obron\u0119); modlitwa za zmar\u0142ych, brak przywi\u0105zania do jakiegokolwiek\ngrzechu, nawet powszedniego.<\/p>\n\n\n\n<p><strong>6<\/strong><strong>.<\/strong>\nKancelaria czynna codziennie po Mszy \u015bw. wieczornej z wyj\u0105tkiem niedziel,\nuroczysto\u015bci i \u015bwi\u0105t.<\/p>\n\n\n\n<p><strong>7<\/strong><strong>.<\/strong>\nDo nabycia jest prasa katolicka: Niedziela, Go\u015b\u0107 Niedzielny i R\u00f3\u017caniec. <\/p>\n\n\n\n<p><strong>8<\/strong><strong>.<\/strong>\nDzi\u0119kuj\u0119 wszystkim, kt\u00f3rzy w tym tygodniu sprz\u0105tali \u015bwi\u0105tyni\u0119 i przygotowali j\u0105\nna nasze spotkanie eucharystyczne.<\/p>\n\n\n\n<p><strong>9<\/strong><strong>.<\/strong>\nSerdeczne B\u00f3g zap\u0142a\u0107 za ofiary sk\u0142adane na remonty w naszej parafii. <\/p>\n\n\n\n<p><strong>10.<\/strong>\n&nbsp;Intencje mszalne, obrazki \u2013 pami\u0105tki odprawionej\nMszy \u015bw.<\/p>\n\n\n\n<p><strong>11<\/strong><strong>. <\/strong>Kartki\nwypominkowe wraz z zaproszeniem do wsp\u00f3lnej modlitwy za zmar\u0142ych i planem\nwypominek mo\u017cna bra\u0107 ze stolika w przedsionku ko\u015bcio\u0142a, zakrystii i pod ambon\u0105.\nWypisane kartki wypominkowe prosz\u0119 sk\u0142ada\u0107 w kopertach z adresem do skarbony\npod ambon\u0105.<\/p>\n\n\n\n<p><strong>12.<\/strong>\nPami\u0105tk\u0119 z &nbsp;bierzmowania mo\u017cna odbiera\u0107 w\nzakrystii po ka\u017cdej Mszy \u015bw.<\/p>\n\n\n\n<p><strong>13.<\/strong> Pami\u0119tajmy: <strong><em>WIERNI\nW KO\u015aCIO\u0141ACH MUSZ\u0104 ZAS\u0141ANIA\u0106 USTA I NOS<\/em><\/strong> \u2013 podczas liturgii oraz poza\nni\u0105 oraz o zachowaniu odleg\u0142o\u015bci, stosowania si\u0119 do og\u0142oszonego prawa.<\/p>\n\n\n\n<p><em>\u017byczymy mi\u0142ego tygodnia\ni obfitych \u0142ask Bo\u017cych.<\/em><\/p>\n","protected":false},"excerpt":{"rendered":"<p>1. Dzi\u015b prze\u017cywamy ROCZNIC\u0118 PO\u015aWI\u0118CENIA W\u0141ASNEGO KO\u015aCIO\u0141A. Msze \u015bw. wg porz\u0105dku niedzielnego. &nbsp;&nbsp; 2. Msze \u015bw. w tygodniu&nbsp; o 700 i 1800. 3. Codziennie spowied\u017a i adoracja Naj\u015bwi\u0119tszego Sakramentu o godz. 1700, a R\u00f3\u017caniec o 1730. 4. &nbsp;W \u015brod\u0119 obchodzimy \u015bwi\u0119to \u015bw. Aposto\u0142\u00f3w Szymona i Judy Tadeusza 5. W przysz\u0142\u0105&#8230; <a class=\"continue-reading-link\" href=\"http:\/\/parafia.scinawa.info\/index.php\/2020\/10\/31\/ogloszenia-duszpasterskie-30-niedziela-zwykla-25-10-2020\/\">Czytaj dalej <span class=\"meta-nav\">&rarr; <\/span><\/a><\/p>\n","protected":false},"author":2,"featured_media":0,"comment_status":"closed","ping_status":"closed","sticky":false,"template":"","format":"standard","meta":{"footnotes":""},"categories":[40],"tags":[],"class_list":["post-1554","post","type-post","status-publish","format-standard","hentry","category-ogloszenia-duszpasterskie"],"_links":{"self":[{"href":"http:\/\/parafia.scinawa.info\/index.php\/wp-json\/wp\/v2\/posts\/1554","targetHints":{"allow":["GET"]}}],"collection":[{"href":"http:\/\/parafia.scinawa.info\/index.php\/wp-json\/wp\/v2\/posts"}],"about":[{"href":"http:\/\/parafia.scinawa.info\/index.php\/wp-json\/wp\/v2\/types\/post"}],"author":[{"embeddable":true,"href":"http:\/\/parafia.scinawa.info\/index.php\/wp-json\/wp\/v2\/users\/2"}],"replies":[{"embeddable":true,"href":"http:\/\/parafia.scinawa.info\/index.php\/wp-json\/wp\/v2\/comments?post=1554"}],"version-history":[{"count":1,"href":"http:\/\/parafia.scinawa.info\/index.php\/wp-json\/wp\/v2\/posts\/1554\/revisions"}],"predecessor-version":[{"id":1555,"href":"http:\/\/parafia.scinawa.info\/index.php\/wp-json\/wp\/v2\/posts\/1554\/revisions\/1555"}],"wp:attachment":[{"href":"http:\/\/parafia.scinawa.info\/index.php\/wp-json\/wp\/v2\/media?parent=1554"}],"wp:term":[{"taxonomy":"category","embeddable":true,"href":"http:\/\/parafia.scinawa.info\/index.php\/wp-json\/wp\/v2\/categories?post=1554"},{"taxonomy":"post_tag","embeddable":true,"href":"http:\/\/parafia.scinawa.info\/index.php\/wp-json\/wp\/v2\/tags?post=1554"}],"curies":[{"name":"wp","href":"https:\/\/api.w.org\/{rel}","templated":true}]}}