{"id":1556,"date":"2020-10-31T16:20:49","date_gmt":"2020-10-31T15:20:49","guid":{"rendered":"http:\/\/parafia.scinawa.info\/?p=1556"},"modified":"2020-10-31T16:20:49","modified_gmt":"2020-10-31T15:20:49","slug":"ogloszenia-duszpasterskie-uroczystosc-wszystkich-swietych-01-11-2020","status":"publish","type":"post","link":"http:\/\/parafia.scinawa.info\/index.php\/2020\/10\/31\/ogloszenia-duszpasterskie-uroczystosc-wszystkich-swietych-01-11-2020\/","title":{"rendered":"Og\u0142oszenia duszpasterskie Uroczysto\u015b\u0107 Wszystkich \u015awi\u0119tych \u2013 01.11. 2020"},"content":{"rendered":"\n<p><strong>1<\/strong><strong>.<\/strong>\nDzi\u015b prze\u017cywamy<strong> <a><em>uroczysto\u015b\u0107 Wszystkich \u015awi\u0119tych<\/em><\/a><\/strong>. <strong>Msze \u015bw. wg porz\u0105dku\nniedzielnego. <\/strong>Zmiana tajemnic \u017bywego R\u00f3\u017ca\u0144ca o <strong>10<sup>30<\/sup>.<\/strong><strong><em>\nW uroczysto\u015b\u0107 Wszystkich \u015awi\u0119tych zbierane s\u0105 ofiary do puszek na Wy\u017csze\nSeminarium Duchowne w Legnicy. B\u00f3g zap\u0142a\u0107 za ofiary.<\/em><\/strong>\n&nbsp;<strong><em>&nbsp;<\/em><\/strong><\/p>\n\n\n\n<p>Z zarz\u0105dzenia Biskupa Legnickiego z 16 pa\u017adziernika\n2020 roku: <strong>Nale\u017cy zrezygnowa\u0107 z Mszy \u015bwi\u0119tych\ncelebrowanych na cmentarzach oraz wszelkich procesji w dniu 1 listopada br.. <\/strong><\/p>\n\n\n\n<p>Wierni,\nkt\u00f3rzy pobo\u017cnie nawiedz\u0105 cmentarz i pomodl\u0105 si\u0119 za zmar\u0142ych, mog\u0105 uzyska\u0107 i\nofiarowa\u0107 za nich <strong>odpust zupe\u0142ny<\/strong>\n<strong>przez ca\u0142y\nlistopad<\/strong>, w inne dni cz\u0105stkowy. <\/p>\n\n\n\n<p><strong><em>Warunki\nodpustu<\/em><\/strong>: stan \u0142aski u\u015bwi\u0119caj\u0105cej; pe\u0142ne\nuczestnictwo w Eucharystii z Komuni\u0105 \u015bw.; nawiedzenie cmentarza; odm\u00f3wienie\nmodlitwy Ojcze nasz.., w intencjach Ojca \u015awi\u0119tego (np. Pod Twoj\u0105 obron\u0119);\nmodlitwa za zmar\u0142ych, brak przywi\u0105zania do jakiegokolwiek grzechu, nawet\npowszedniego.<\/p>\n\n\n\n<p><strong>2<\/strong><strong>. <\/strong><strong>W poniedzia\u0142ek<\/strong><strong> \u2013 2 listopada &#8211; &nbsp;wspomnienie Wszystkich Wiernych Zmar\u0142ych\n\u2013 Msze \u015bw. zbiorowe w ko\u015bciele parafialnym o godz. <\/strong><strong>8<sup>00<\/sup><\/strong><strong>, <\/strong><strong>11<sup>00<\/sup><\/strong><strong> i <\/strong><strong>18<sup>00<\/sup><\/strong><strong>. &nbsp;W<\/strong><strong> R\u0119szowie o 17<sup>00<\/sup>.<\/strong><\/p>\n\n\n\n<p><strong>3<\/strong><strong>.<\/strong>\nMsze \u015bw. w tygodniu&nbsp; o\n<strong>7<sup>00<\/sup><\/strong> i <strong>18<sup>00<\/sup><\/strong>. <\/p>\n\n\n\n<p><strong>4.<\/strong>\nCodziennie spowied\u017a i adoracja Naj\u015bwi\u0119tszego Sakramentu o godz. <strong>17<sup>00<\/sup>,<\/strong><strong> w poniedzia\u0142ek o&nbsp; 17<sup>30<\/sup>\nnabo\u017ce\u0144stwo do Bo\u017cego Mi\u0142osierdzia za zmar\u0142ych,<\/strong><strong>\na od 3 listopada nabo\u017ce\u0144stwa wypominkowe o <\/strong><strong>17<sup>30<\/sup> wg planu.<\/strong><\/p>\n\n\n\n<p><strong>5<\/strong><strong>.<\/strong> <strong>&nbsp;<\/strong>W \u015brod\u0119 \u2013 wspomnienie \u015bw. Karola Boromeusza, biskupa<\/p>\n\n\n\n<p><strong>6.<\/strong>\nW tym tygodniu obchodzimy I czwartek, I pi\u0105tek i I sobot\u0119 miesi\u0105ca <\/p>\n\n\n\n<p><strong>7<\/strong><strong>.<\/strong>\n<strong><em>W\nI pi\u0105tek miesi\u0105ca z racji pandemii coronawirusa nie ma odwiedzin chorych.<\/em><\/strong><\/p>\n\n\n\n<p><strong>8.<\/strong>\nW I sobot\u0119 miesi\u0105ca o godz. <strong>17<sup>00<\/sup><\/strong>\n<strong><em>nabo\u017ce\u0144stwo\nfatimskie I soboty<\/em><\/strong>.<strong><\/strong><\/p>\n\n\n\n<p><strong>9<\/strong><strong>. <\/strong>W przysz\u0142\u0105 niedziel\u0119 b\u0119dziemy prze\u017cywa\u0107 <strong>32 Niedziel\u0119 zwyk\u0142\u0105<\/strong>. Msze \u015bw. wg\nporz\u0105dku niedzielnego.<\/p>\n\n\n\n<p><strong>10<\/strong><strong>.<\/strong>\nKancelaria czynna codziennie po Mszy \u015bw. wieczornej z wyj\u0105tkiem niedziel,\nuroczysto\u015bci i \u015bwi\u0105t.<\/p>\n\n\n\n<p><strong>11<\/strong><strong>.<\/strong>\nDo nabycia jest prasa katolicka: Niedziela, Go\u015b\u0107 Niedzielny i R\u00f3\u017caniec. <\/p>\n\n\n\n<p><strong>12<\/strong><strong>.<\/strong>\nDzi\u0119kuj\u0119 wszystkim, kt\u00f3rzy w tym tygodniu sprz\u0105tali \u015bwi\u0105tyni\u0119 i przygotowali j\u0105\nna nasze spotkanie eucharystyczne.<\/p>\n\n\n\n<p><strong>13<\/strong><strong>.<\/strong>\nSerdeczne B\u00f3g zap\u0142a\u0107 za ofiary sk\u0142adane na remonty w naszej parafii. <\/p>\n\n\n\n<p><strong>14.<\/strong>\n&nbsp;Intencje mszalne, obrazki \u2013 pami\u0105tki odprawionej\nMszy \u015bw.<\/p>\n\n\n\n<p><strong>15<\/strong><strong>. <\/strong>Kartki\nwypominkowe wraz z zaproszeniem do wsp\u00f3lnej modlitwy za zmar\u0142ych i planem\nwypominek mo\u017cna bra\u0107 ze stolika w przedsionku ko\u015bcio\u0142a, zakrystii i pod ambon\u0105.\nWypisane kartki wypominkowe prosz\u0119 sk\u0142ada\u0107 w kopertach z adresem do skarbony\npod ambon\u0105.<\/p>\n\n\n\n<p><strong>16.<\/strong>\nPami\u0105tk\u0119 z &nbsp;bierzmowania mo\u017cna odbiera\u0107 w\nzakrystii po ka\u017cdej Mszy \u015bw.<\/p>\n\n\n\n<p><strong>17.<\/strong> Pami\u0119tajmy o <strong><em>ZAS\u0141ANIANIU\nUST I NOSA<\/em><\/strong> \u2013 podczas liturgii oraz poza ni\u0105 oraz o zachowaniu\nodleg\u0142o\u015bci i stosowania si\u0119 do og\u0142oszonego prawa.<\/p>\n\n\n\n<p><em>\u017byczymy mi\u0142ego tygodnia\ni obfitych \u0142ask Bo\u017cych.<\/em><\/p>\n","protected":false},"excerpt":{"rendered":"<p>1. Dzi\u015b prze\u017cywamy uroczysto\u015b\u0107 Wszystkich \u015awi\u0119tych. Msze \u015bw. wg porz\u0105dku niedzielnego. Zmiana tajemnic \u017bywego R\u00f3\u017ca\u0144ca o 1030. W uroczysto\u015b\u0107 Wszystkich \u015awi\u0119tych zbierane s\u0105 ofiary do puszek na Wy\u017csze Seminarium Duchowne w Legnicy. B\u00f3g zap\u0142a\u0107 za ofiary. &nbsp;&nbsp; Z zarz\u0105dzenia Biskupa Legnickiego z 16 pa\u017adziernika 2020 roku: Nale\u017cy zrezygnowa\u0107 z Mszy&#8230; <a class=\"continue-reading-link\" href=\"http:\/\/parafia.scinawa.info\/index.php\/2020\/10\/31\/ogloszenia-duszpasterskie-uroczystosc-wszystkich-swietych-01-11-2020\/\">Czytaj dalej <span class=\"meta-nav\">&rarr; <\/span><\/a><\/p>\n","protected":false},"author":2,"featured_media":0,"comment_status":"closed","ping_status":"closed","sticky":false,"template":"","format":"standard","meta":{"footnotes":""},"categories":[40],"tags":[],"class_list":["post-1556","post","type-post","status-publish","format-standard","hentry","category-ogloszenia-duszpasterskie"],"_links":{"self":[{"href":"http:\/\/parafia.scinawa.info\/index.php\/wp-json\/wp\/v2\/posts\/1556","targetHints":{"allow":["GET"]}}],"collection":[{"href":"http:\/\/parafia.scinawa.info\/index.php\/wp-json\/wp\/v2\/posts"}],"about":[{"href":"http:\/\/parafia.scinawa.info\/index.php\/wp-json\/wp\/v2\/types\/post"}],"author":[{"embeddable":true,"href":"http:\/\/parafia.scinawa.info\/index.php\/wp-json\/wp\/v2\/users\/2"}],"replies":[{"embeddable":true,"href":"http:\/\/parafia.scinawa.info\/index.php\/wp-json\/wp\/v2\/comments?post=1556"}],"version-history":[{"count":1,"href":"http:\/\/parafia.scinawa.info\/index.php\/wp-json\/wp\/v2\/posts\/1556\/revisions"}],"predecessor-version":[{"id":1557,"href":"http:\/\/parafia.scinawa.info\/index.php\/wp-json\/wp\/v2\/posts\/1556\/revisions\/1557"}],"wp:attachment":[{"href":"http:\/\/parafia.scinawa.info\/index.php\/wp-json\/wp\/v2\/media?parent=1556"}],"wp:term":[{"taxonomy":"category","embeddable":true,"href":"http:\/\/parafia.scinawa.info\/index.php\/wp-json\/wp\/v2\/categories?post=1556"},{"taxonomy":"post_tag","embeddable":true,"href":"http:\/\/parafia.scinawa.info\/index.php\/wp-json\/wp\/v2\/tags?post=1556"}],"curies":[{"name":"wp","href":"https:\/\/api.w.org\/{rel}","templated":true}]}}