{"id":1558,"date":"2020-10-31T16:24:40","date_gmt":"2020-10-31T15:24:40","guid":{"rendered":"http:\/\/parafia.scinawa.info\/?p=1558"},"modified":"2020-10-31T16:24:40","modified_gmt":"2020-10-31T15:24:40","slug":"wydzial-duszpasterski-legnickiej-kurii-biskupiej-komunikaty-duszpasterskie","status":"publish","type":"post","link":"http:\/\/parafia.scinawa.info\/index.php\/2020\/10\/31\/wydzial-duszpasterski-legnickiej-kurii-biskupiej-komunikaty-duszpasterskie\/","title":{"rendered":"WYDZIA\u0141 DUSZPASTERSKI Legnickiej Kurii Biskupiej KOMUNIKATY DUSZPASTERSKIE"},"content":{"rendered":"\n<p><em>30 pa\u017adziernika 2020 roku<\/em><em><\/em><\/p>\n\n\n\n<p><strong>SPRAWY BIE\u017b\u0104CE<\/strong><\/p>\n\n\n\n<ol class=\"wp-block-list\"><li><strong>W najbli\u017csz\u0105 niedziel\u0119<\/strong> obchodzimy <strong>uroczysto\u015b\u0107\nWszystkich \u015awi\u0119tych<\/strong>. Przypominam, \u017ce wed\u0142ug zarz\u0105dzenia Biskupa Legnickiego\nna cmentarzach w naszej diecezji (w tym roku) nale\u017cy zrezygnowa\u0107 z celebrowania\nMszy \u015bwi\u0119tych oraz procesji, a zamiast tego zaprosi\u0107 wiernych do udzia\u0142u w liturgiach\nsprawowanych tego dnia w ko\u015bcio\u0142ach. <\/li><li><strong>Zach\u0119cam, by 2 listopada<\/strong> we wspomnienie Wszystkich\nWiernych Zmar\u0142ych <strong>zorganizowa\u0107 nabo\u017ce\u0144stwo<\/strong> za zmar\u0142ych <strong>wzoruj\u0105c si\u0119\nna tekstach przewidzianych na procesj\u0119 po cmentarzu<\/strong>, by to nabo\u017ce\u0144stwo\nsta\u0142o si\u0119 pewnego rodzaju alternatywn\u0105 corocznej modlitwy przy grobach\nzmar\u0142ych. <\/li><li>W dzie\u0144 <strong>Wspomnienia\nWszystkich Wiernych Zmar\u0142ych<\/strong> ka\u017cdemu kap\u0142anowi wolno celebrowa\u0107 trzy Msze\n\u015bwi\u0119te w zale\u017cno\u015bci od potrzeb: jedn\u0105 wed\u0142ug w\u0142asnej intencji lub intencji\nofiarodawcy, drug\u0105 za wszystkich zmar\u0142ych, a trzeci\u0105 w intencjach Ojca\n\u015awi\u0119tego. Zwyczaj ten nie jest traktowany jako obowi\u0105zek. Dozwolona jest Msza\npogrzebowa.<\/li><li>Przypominam,\n\u017ce <strong>w dniach 1-2 listopada<\/strong>, tradycyjnie ju\u017c podejmujemy <strong>kwest\u0119 na\nrzecz Wy\u017cszego Seminarium Duchownego w Legnicy<\/strong>, gdzie kszta\u0142c\u0105 si\u0119 szafarze\nsakrament\u00f3w zbawienia. Prosz\u0119, aby t\u0119 zbi\u00f3rk\u0119 przeprowadzi\u0107 w tym roku w\nko\u015bcio\u0142ach. Zebrane ofiary prosz\u0119 o wp\u0142acanie do kasy Legnickiej Kurii\nBiskupiej.<\/li><li><strong>Penitencjaria Apostolska<\/strong> zdecydowa\u0142a, \u017ce aby zapewni\u0107 bezpiecze\u0144stwo\nwiernych w czasie epidemii,&nbsp;<strong>odpust zupe\u0142ny<\/strong> dla os\u00f3b nawiedzaj\u0105cych\ncmentarz i modl\u0105cych si\u0119 za zmar\u0142ych&nbsp;przez poszczeg\u00f3lne osiem dni, zwykle\nustanowiony jedynie na dni od 1 do 8 listopada,&nbsp;<strong>mo\u017ce by\u0107 przeniesiony\nna INNE OSIEM DNI LISTOPADA.<\/strong> Dni te, dowolnie wybrane przez poszczeg\u00f3lnych\nwiernych, mog\u0105 by\u0107 od siebie oddzielone.&nbsp;R\u00f3wnie\u017c odpust zupe\u0142ny zwi\u0105zany z\ndniem 2 listopada&nbsp;\u2013 wspomnieniem wszystkich wiernych zmar\u0142ych dla tych,\nkt\u00f3rzy pobo\u017cnie nawiedzaj\u0105 kaplic\u0119 lub cmentarz i odmawiaj\u0105 tam \u201eOjcze nasz\u201d i\n\u201eWierz\u0119 w Boga\u201d,&nbsp;mo\u017ce by\u0107 przeniesiony na inny dzie\u0144 listopada, dowolnie\nwybrany przez poszczeg\u00f3lnych wiernych. Osoby starsze, chore i ci wszyscy,\nkt\u00f3rzy z powa\u017cnych powod\u00f3w nie mog\u0105 opu\u015bci\u0107 domu, na przyk\u0142ad ze wzgl\u0119du na\nzakazy gromadzenia si\u0119 licznych wiernych w miejscach \u015bwi\u0119tych, b\u0119d\u0105 mogli\nuzyska\u0107 odpust zupe\u0142ny, je\u015bli tylko b\u0119d\u0105 si\u0119 \u0142\u0105czy\u0107 duchowo z wiernymi, kt\u00f3rzy\npobo\u017cnie nawiedzaj\u0105 miejsca \u015bwi\u0119te oraz je\u015bli wyklucz\u0105 wszelkie przywi\u0105zanie do\njakiegokolwiek grzechu i maj\u0105 intencj\u0119 \u2013 kiedy to tylko b\u0119dzie mo\u017cliwe \u2013\nspe\u0142ni\u0107 trzy zwyczajne warunki (spowied\u017a sakramentalna, Komunia eucharystyczna\ni modlitwa w intencjach Ojca \u015awi\u0119tego).&nbsp;Prosi\u0142bym o zapoznanie si\u0119 z pe\u0142n\u0105\ntre\u015bci\u0105 dekretu, kt\u00f3ry do\u0142\u0105czam do niniejszych komunikat\u00f3w oraz znajduje si\u0119 on\nna stronie diecezji.<strong><\/strong><\/li><li>&nbsp;Podczas\nposiedzenia Rady Sta\u0142ej KEP w dniu 28 pa\u017adziernika, <strong>Ksi\u0119\u017ca Biskupi\nzatwierdzili tekst \u201eModlitwy o pok\u00f3j\u201d<\/strong>. Jest ona przeznaczona do odmawiania\nwsp\u00f3lnotowego lub prywatnego w ko\u015bcio\u0142ach, domach zakonnych, wsp\u00f3lnotach i\nruchach katolickich oraz w rodzinach. Tre\u015b\u0107 modlitwy mo\u017cna znale\u017a\u0107 w\nza\u0142\u0105cznikach oraz na stronie diecezji.<strong><\/strong><\/li><li>Rada KEP ds. Apostolstwa\n\u015awi\u0119ckich oraz Ojcowie Paulini <strong>zapraszaj\u0105 do wsp\u00f3lnej modlitwy w intencji\npokoju i \u0142adu spo\u0142ecznego w Ojczy\u017anie<\/strong>, kt\u00f3ra b\u0119dzie mia\u0142a miejsce u st\u00f3p\nJasnog\u00f3rskiej Pani. <strong>W dniach od 3 do 11 listopada br. zostanie odprawiona\nNowenna<\/strong> w tej intencji, a <strong>w terminie 11-13 listopada odb\u0119d\u0105 si\u0119 narodowe\nrekolekcje<\/strong>. Szczeg\u00f3\u0142y obu inicjatyw modlitewnych zostan\u0105 podane na stronie\ninternetowej klasztoru oraz za po\u015brednictwem innych medi\u00f3w. <\/li><li>W przysz\u0142\u0105 niedziel\u0119 <strong>8 listopada<\/strong> b\u0119dziemy\nobchodzimy <strong>XII Dzie\u0144 Solidarno\u015bci z Ko\u015bcio\u0142em Prze\u015bladowanym. <\/strong>Tegoroczne\nobchody s\u0105 po\u015bwi\u0119cone Republice \u015arodkowoafryka\u0144skiej, gdzie wojna, zniszczenia,\ng\u0142\u00f3d, \u015bmier\u0107 i prze\u015bladowania s\u0105 codziennym \u201echlebem\u201d tysi\u0119cy chrze\u015bcijan.\nMateria\u0142y duszpasterskie powinny dotrze\u0107 ju\u017c do wszystkich parafii. Chcia\u0142bym przypomnie\u0107, \u017ce <strong>zbi\u00f3rka\ndo puszek <\/strong>po Mszach \u015bwi\u0119tych<strong> jest dobrowolna.<\/strong> Je\u017celi Ksi\u0119\u017ca\nProboszczowie zdecyduj\u0105 si\u0119 na zbi\u00f3rk\u0119 prosz\u0119 o wp\u0142at\u0119 pieni\u0119dzy bezpo\u015brednio\nna konto Papieskiego Stowarzyszenia \u201ePomoc Ko\u015bcio\u0142owi w Potrzebie\u201d lub do kasy\nkurialnej.<strong><\/strong><\/li><li><strong>Zgromadzenie\nSi\u00f3str Matki Bo\u017cej Mi\u0142osierdzia<\/strong> udost\u0119pni\u0142o\nnumer telefonu: <strong>505 060 205<\/strong> <br>\ni formularz na stronie: www.faustyna.pl <strong>do zg\u0142aszania os\u00f3b konaj\u0105cych<\/strong>.\nNa ten numer nale\u017cy wysy\u0142a\u0107 sms-y z podaniem imienia osoby, kt\u00f3ra odchodzi z\ntego \u015bwiata, lub wype\u0142ni\u0107 odpowiedni formularz na stronie: www.faustyna.pl\n(link: Koronka za konaj\u0105cych). Po otrzymaniu zg\u0142oszenia system wy\u015ble t\u0119\ninformacj\u0119 do os\u00f3b, kt\u00f3re w danym dniu i strefie czasowej zadeklarowa\u0142y\nmodlitewne czuwanie, a one, po otrzymaniu informacji z imieniem konaj\u0105cego,\nodm\u00f3wi\u0105 w jego intencji Koronk\u0119 do Mi\u0142osierdzia Bo\u017cego. Inicjator i opiekun\nduchowy dzie\u0142a ks. Piotr Marks <br>\nco tydzie\u0144 za uczestnicz\u0105cych w tym dziele sprawuje Msz\u0119 \u015bw. w Sanktuarium\nBo\u017cego Mi\u0142osierdzia w Krakowie-\u0141agiewnikach. Wi\u0119cej informacji na stronie:\nwww.faustyna.pl <\/li><li><strong>Biskup Legnicki podj\u0105\u0142\nnast\u0119puj\u0105ce decyzje ws. zmian personalnych, <\/strong>kt\u00f3re nast\u0105pi\u0105 z dniem 1 listopada:<ol><li><strong>ks. Przemys\u0142aw Burnos<\/strong>\u2013 mianowany proboszczem\nparafii pw. \u015bw. Andrzeja Aposto\u0142a <br>\nw M\u0119cince;<\/li><\/ol><ol><li><strong>ks. Krzysztof Cipior<\/strong>\u2013 mianowany oficja\u0142em\nS\u0105du Ko\u015bcielnego Diecezji Legnickiej;<\/li><\/ol><ol><li><strong>ks. Marek Kluwak<\/strong> \u2013 mianowany proboszczem\nparafii pw. Matki Boskiej \u0141askawej <br>\nw Polkowicach;<\/li><\/ol><ol><li><strong>ks. Przemys\u0142aw S\u0142yszko<\/strong> \u2013 mianowany proboszczem\nparafii pw. \u015awi\u0119tej Tr\u00f3jcy w Paszowicach;<\/li><\/ol><ol><li><strong>ks. Ireneusz W\u00f3js<\/strong> \u2013 mianowany proboszczem\nparafii pw. \u015bw. Jana Chrzciciela w Prochowicach.<\/li><\/ol><\/li><\/ol>\n","protected":false},"excerpt":{"rendered":"<p>30 pa\u017adziernika 2020 roku SPRAWY BIE\u017b\u0104CE W najbli\u017csz\u0105 niedziel\u0119 obchodzimy uroczysto\u015b\u0107 Wszystkich \u015awi\u0119tych. Przypominam, \u017ce wed\u0142ug zarz\u0105dzenia Biskupa Legnickiego na cmentarzach w naszej diecezji (w tym roku) nale\u017cy zrezygnowa\u0107 z celebrowania Mszy \u015bwi\u0119tych oraz procesji, a zamiast tego zaprosi\u0107 wiernych do udzia\u0142u w liturgiach sprawowanych tego dnia w ko\u015bcio\u0142ach. Zach\u0119cam,&#8230; <a class=\"continue-reading-link\" href=\"http:\/\/parafia.scinawa.info\/index.php\/2020\/10\/31\/wydzial-duszpasterski-legnickiej-kurii-biskupiej-komunikaty-duszpasterskie\/\">Czytaj dalej <span class=\"meta-nav\">&rarr; <\/span><\/a><\/p>\n","protected":false},"author":2,"featured_media":0,"comment_status":"closed","ping_status":"closed","sticky":false,"template":"","format":"standard","meta":{"footnotes":""},"categories":[41],"tags":[],"class_list":["post-1558","post","type-post","status-publish","format-standard","hentry","category-komunikaty-duszpasterskie"],"_links":{"self":[{"href":"http:\/\/parafia.scinawa.info\/index.php\/wp-json\/wp\/v2\/posts\/1558","targetHints":{"allow":["GET"]}}],"collection":[{"href":"http:\/\/parafia.scinawa.info\/index.php\/wp-json\/wp\/v2\/posts"}],"about":[{"href":"http:\/\/parafia.scinawa.info\/index.php\/wp-json\/wp\/v2\/types\/post"}],"author":[{"embeddable":true,"href":"http:\/\/parafia.scinawa.info\/index.php\/wp-json\/wp\/v2\/users\/2"}],"replies":[{"embeddable":true,"href":"http:\/\/parafia.scinawa.info\/index.php\/wp-json\/wp\/v2\/comments?post=1558"}],"version-history":[{"count":1,"href":"http:\/\/parafia.scinawa.info\/index.php\/wp-json\/wp\/v2\/posts\/1558\/revisions"}],"predecessor-version":[{"id":1559,"href":"http:\/\/parafia.scinawa.info\/index.php\/wp-json\/wp\/v2\/posts\/1558\/revisions\/1559"}],"wp:attachment":[{"href":"http:\/\/parafia.scinawa.info\/index.php\/wp-json\/wp\/v2\/media?parent=1558"}],"wp:term":[{"taxonomy":"category","embeddable":true,"href":"http:\/\/parafia.scinawa.info\/index.php\/wp-json\/wp\/v2\/categories?post=1558"},{"taxonomy":"post_tag","embeddable":true,"href":"http:\/\/parafia.scinawa.info\/index.php\/wp-json\/wp\/v2\/tags?post=1558"}],"curies":[{"name":"wp","href":"https:\/\/api.w.org\/{rel}","templated":true}]}}