{"id":1564,"date":"2020-11-07T12:16:58","date_gmt":"2020-11-07T11:16:58","guid":{"rendered":"http:\/\/parafia.scinawa.info\/?p=1564"},"modified":"2020-11-07T12:16:58","modified_gmt":"2020-11-07T11:16:58","slug":"intencje-mszalne-08-11-15-11-2020","status":"publish","type":"post","link":"http:\/\/parafia.scinawa.info\/index.php\/2020\/11\/07\/intencje-mszalne-08-11-15-11-2020\/","title":{"rendered":"INTENCJE MSZALNE 08.11. \u2013 15.11. 2020"},"content":{"rendered":"\n<p><strong><em>Sk\u0142adaj\u0105c\nOfiar\u0119, kt\u00f3ra nam przypomina niezmierzon\u0105 mi\u0142o\u015b\u0107 Twojego Syna, pokornie prosimy\nCi\u0119, Bo\u017ce, przyjmij intencje Twoich wiernych i spraw przez dzia\u0142anie\nEucharystii, aby w naszych rodzinach wzrasta\u0142a prawdziwa wiara, \u015bwi\u0119to\u015b\u0107 \u017cycia,\nbraterska mi\u0142o\u015b\u0107 i duch modlitwy. <\/em><\/strong><strong>Niech\nMatka Naj\u015bwi\u0119tsza wyprosi \u0142aski, o kt\u00f3re modlili\u015bmy si\u0119 w tej Mszy \u015bw. dla \u2026\nZa\u015b zmar\u0142ym \u2026 za kt\u00f3rych odprawiali\u015bmy Msz\u0119 \u015bw.: wieczny odpoczynek racz im\nda\u0107 Panie (\u2026); niech odpoczywaj\u0105 w pokoju wiecznym. Amen<\/strong><\/p>\n\n\n\n<p><strong><em>08.11.\n&#8211; NIEDZIELA&nbsp; <\/em><\/strong><em><\/em><\/p>\n\n\n\n<p><strong>&nbsp;&nbsp;8.oo \u2013\n1) <\/strong>&nbsp;++ Helen\u0119, Jana, Mari\u0119, Szczepana, Zygmunta z\nrodziny St\u0119pieni\u00f3w, Krzysztofa, Janin\u0119 <\/p>\n\n\n\n<p>&nbsp;&nbsp;&nbsp;&nbsp;&nbsp;&nbsp;&nbsp;&nbsp;&nbsp; i Antoniego z rodziny Lulk\u00f3w oraz\nMari\u0119 i Stanis\u0142awa z rodziny Koniecznych \u2013 modli si\u0119 rodzina <\/p>\n\n\n\n<p><strong>&nbsp;&nbsp;&nbsp;&nbsp;&nbsp;&nbsp;&nbsp;&nbsp;&nbsp;&nbsp;&nbsp; &nbsp;\n2)<\/strong> ++ rodzic\u00f3w: J\u00f3zefa w 15 rocz. \u015bm. i Helen\u0119\nKaczan\u00f3w, te\u015bcia Boles\u0142awa, Henryka Deca<\/p>\n\n\n\n<p>&nbsp;&nbsp;&nbsp;&nbsp;&nbsp;&nbsp;&nbsp;&nbsp;&nbsp;&nbsp;&nbsp;&nbsp;&nbsp;&nbsp;&nbsp;&nbsp; &nbsp;oraz ++ z rodziny Kaczan\u00f3w, Bilewicz\u00f3w i\nJastrz\u0119bskich \u2013 modli si\u0119 rodzina<\/p>\n\n\n\n<p><strong>&nbsp; 9.3o \u2013 <\/strong>&nbsp;+ Danut\u0119 Tober\u0119 oraz ++ rodzic\u00f3w: Henryk\u0119 i\nMieczys\u0142awa G\u0105sior\u00f3w \u2013 modli si\u0119 rodzina <\/p>\n\n\n\n<p><strong>11.oo\n\u2013 1) <\/strong>+ m\u0119\u017ca J\u00f3zefa\nMazurkiewicza w 7 rocz. \u015bm., ++ rodzic\u00f3w: Tekl\u0119 i Jana, Ann\u0119 i Micha\u0142a <\/p>\n\n\n\n<p>&nbsp;&nbsp;&nbsp;&nbsp;&nbsp;&nbsp;&nbsp;&nbsp;&nbsp;&nbsp;&nbsp;&nbsp;&nbsp;&nbsp;&nbsp;&nbsp; &nbsp;oraz rodze\u0144stwo, ich wsp\u00f3\u0142ma\u0142\u017conk\u00f3w i dzieci z\nobu stron i ++ rodziny Bilewicz\u00f3w <\/p>\n\n\n\n<p>&nbsp;&nbsp;&nbsp;&nbsp;&nbsp;&nbsp;&nbsp;&nbsp;&nbsp;&nbsp;&nbsp;&nbsp;&nbsp;&nbsp;&nbsp;&nbsp;&nbsp; i Mazurkiewicz\u00f3w \u2013\nmodli si\u0119 Eugenia z rodzin\u0105<\/p>\n\n\n\n<p><strong>&nbsp;&nbsp;&nbsp;&nbsp;&nbsp;&nbsp;&nbsp;&nbsp;&nbsp;&nbsp;&nbsp; &nbsp;\n2) <\/strong>+ m\u0119\u017ca Ryszarda, ++\nrodzic\u00f3w, te\u015bci\u00f3w i ++ z rodziny <\/p>\n\n\n\n<p><strong>12.3o\n\u2013 1) <\/strong>++ rodzic\u00f3w: Olka w 7\nrocz. \u015bm. i J\u00f3zef\u0119 Pary\u0142owicz\u00f3w \u2013 modli si\u0119 rodzina<\/p>\n\n\n\n<p><strong>&nbsp;&nbsp;&nbsp;&nbsp;&nbsp;&nbsp;&nbsp;&nbsp;&nbsp;&nbsp;&nbsp; &nbsp;\n2)<\/strong> + Edyt\u0119 w 20 rocz. \u015bm.\noraz ++ rodzic\u00f3w <\/p>\n\n\n\n<p><strong>18.oo\n\u2013 &nbsp;<\/strong>&nbsp;<strong>1) <\/strong>+\nStanis\u0142awa (on) \u2013 gregorianka 8 <\/p>\n\n\n\n<p><strong>&nbsp;&nbsp;&nbsp;&nbsp;&nbsp;&nbsp;&nbsp;&nbsp;&nbsp;&nbsp;&nbsp; &nbsp;\n&nbsp;&nbsp;2)<\/strong> + W\u0142adys\u0142awa Sulim\u0119<strong>\n&nbsp;<\/strong>&nbsp;<\/p>\n\n\n\n<p><strong><em>09.11.\n\u2013 PONIEDZIA\u0141EK<\/em><\/strong><\/p>\n\n\n\n<p><strong>&nbsp; &nbsp;&nbsp;7.oo\n\u2013 <\/strong>&nbsp;+ Stanis\u0142awa (on) \u2013 gregorianka 9<\/p>\n\n\n\n<p><strong>18.oo\n\u2013 1) <\/strong>+Tomasza Ma\u017carskiego \u2013\nintencja od Jana i Marii Kurasi\u00f3w ze \u015awi\u0119can <\/p>\n\n\n\n<p><strong>&nbsp;&nbsp;&nbsp;&nbsp;&nbsp;&nbsp;&nbsp;&nbsp;&nbsp;&nbsp;&nbsp; &nbsp;\n2)<\/strong> + J\u00f3zefa Pawlaczka \u2013 intencja od rodziny Karasi\u00f3w z\nKozienic<\/p>\n\n\n\n<p><strong><em>10.11.\n&#8211; WTOREK<\/em><\/strong><em><\/em><\/p>\n\n\n\n<p><strong>&nbsp; 7.oo \u2013 <\/strong>+ Stanis\u0142awa\n(on) \u2013 gregorianka 10<\/p>\n\n\n\n<p><strong>18.oo\n\u2013 <\/strong>++ rodzic\u00f3w: Czes\u0142aw\u0119 i Kazimierza Puchniak\u00f3w; ++\ndziadk\u00f3w z obu stron: Rozali\u0119 <\/p>\n\n\n\n<p>&nbsp;&nbsp;&nbsp;&nbsp;&nbsp;&nbsp;&nbsp;&nbsp;&nbsp;&nbsp;&nbsp;&nbsp;&nbsp;&nbsp; i Franciszka\nPuchniak\u00f3w oraz J\u00f3zef\u0119 i Jana Krzywickich <\/p>\n\n\n\n<p><strong><em>11.11.\n\u2013 \u015aRODA <\/em><\/strong><\/p>\n\n\n\n<p><strong>&nbsp; &nbsp;8.oo \u2013\n1)<\/strong> + Tomasza w 9 rocz. \u015bm., ++ Leona i J\u00f3zef\u0119,\nIgnacego i Mari\u0119 oraz Mari\u0119<strong>\n<\/strong>&nbsp;<\/p>\n\n\n\n<p><strong>&nbsp;&nbsp;&nbsp;&nbsp;&nbsp;&nbsp;&nbsp;&nbsp;&nbsp;&nbsp;&nbsp; &nbsp;\n2)<\/strong> ++ Franciszk\u0119, Franciszka i J\u00f3zefa z rodziny\nBarabach\u00f3w oraz Jana, Stanis\u0142awa i J\u00f3zefa <\/p>\n\n\n\n<p>&nbsp;&nbsp;&nbsp;&nbsp;&nbsp;&nbsp;&nbsp;&nbsp;&nbsp;&nbsp;&nbsp;&nbsp;&nbsp;&nbsp;&nbsp;&nbsp;&nbsp; z rodziny B\u0142achut\u00f3w<\/p>\n\n\n\n<p><strong>&nbsp; 9.3o \u2013 <\/strong>&nbsp;+ Stanis\u0142awa (on) \u2013 gregorianka 11 <\/p>\n\n\n\n<p><strong>11.oo\n\u2013 1) za Ojczyzn\u0119<\/strong><\/p>\n\n\n\n<p><strong>&nbsp;&nbsp;&nbsp;&nbsp;&nbsp;&nbsp;&nbsp;&nbsp;&nbsp;&nbsp;&nbsp; &nbsp;\n2) <\/strong>w 90 rocz. urodzin Zofii\nKa\u0142y dzi\u0119kczynna z pro\u015bb\u0105 o zdrowie, dary Ducha \u015awi\u0119tego, Bo\u017ce<\/p>\n\n\n\n<p>&nbsp;&nbsp;&nbsp;&nbsp;&nbsp;&nbsp;&nbsp;&nbsp;&nbsp;&nbsp;&nbsp;&nbsp;&nbsp; &nbsp;b\u0142ogos\u0142awie\u0144stwo, opiek\u0119 NMP i \u015bw. Patron\u00f3w \u2013\nmodli si\u0119 5 R\u00f3\u017ca <strong>&nbsp;<\/strong><\/p>\n\n\n\n<p><strong>18.oo\n\u2013&nbsp; intencja zbiorowa nowennowa:<\/strong><\/p>\n\n\n\n<p><strong>&nbsp;1)<\/strong> + Ann\u0119 Lipi\u0144sk\u0105 w dniu\nziemskich urodzin \u2013 modli si\u0119 rodzina<\/p>\n\n\n\n<p><strong>&nbsp;2)<\/strong> <\/p>\n\n\n\n<p><strong><em>12.11. \u2013 CZWARTEK <\/em><\/strong><em>&nbsp;<\/em><\/p>\n\n\n\n<p><strong>&nbsp; 7.oo \u2013<\/strong> &nbsp;+ Stanis\u0142awa (on) \u2013 gregorianka 12<\/p>\n\n\n\n<p><strong>18.oo\n\u2013 1) <\/strong>+ Edyt\u0119 Zdobylak w 20\nrocz. \u015bm. oraz ++ jej rodzic\u00f3w \u2013 modli si\u0119 rodzina\n<\/p>\n\n\n\n<p><strong>&nbsp;&nbsp;&nbsp;&nbsp;&nbsp;&nbsp;&nbsp;&nbsp;&nbsp;&nbsp;&nbsp; &nbsp;\n2) <\/strong>++ rodzic\u00f3w: J\u00f3zefa i\nWand\u0119 oraz ++ braci: Stanis\u0142awa i Czes\u0142awa &nbsp;z rodziny Kap\u0142on\u00f3w<\/p>\n\n\n\n<p><strong><em>13.11. \u2013 PI\u0104TEK<\/em><\/strong><\/p>\n\n\n\n<p><strong>&nbsp; &nbsp;&nbsp;7.oo\n\u2013<\/strong>\n+ Stanis\u0142awa (on) \u2013 gregorianka 13 &nbsp;<\/p>\n\n\n\n<p><strong>18.oo\n\u2013 1) <\/strong>w intencji Stanis\u0142awy z\nracji imienin dzi\u0119kczynna z pro\u015bb\u0105 o zdrowie, dary Ducha <\/p>\n\n\n\n<p>&nbsp;&nbsp;&nbsp;&nbsp;&nbsp;&nbsp;&nbsp;&nbsp;&nbsp;&nbsp;&nbsp;&nbsp;&nbsp;&nbsp;&nbsp;&nbsp;&nbsp; \u015awi\u0119tego, Bo\u017ce b\u0142ogos\u0142awie\u0144stwo,\nopiek\u0119 NMP i \u015bw. Patron\u00f3w \u2013 modli si\u0119 Maria <\/p>\n\n\n\n<p><strong>&nbsp;&nbsp;&nbsp;&nbsp;&nbsp;&nbsp;&nbsp;&nbsp;&nbsp;&nbsp;&nbsp; &nbsp;\n2)<\/strong> &nbsp;++ J\u00f3zefa i\nStanis\u0142awa \u2013 modli si\u0119 rodzina Banasiak\u00f3w<\/p>\n\n\n\n<p><strong><em>14.11. \u2013 SOBOTA<\/em><\/strong><\/p>\n\n\n\n<p><strong>&nbsp; &nbsp;&nbsp;7.oo\n\u2013<\/strong>\n<strong>1) <\/strong>+ Wies\u0142awa w rocz. \u015bm. <\/p>\n\n\n\n<p><strong>&nbsp;&nbsp;&nbsp;&nbsp;&nbsp;&nbsp;&nbsp;&nbsp;&nbsp;&nbsp;&nbsp; &nbsp;\n2)<\/strong> + Stanis\u0142awa (on) \u2013 gregorianka 14<\/p>\n\n\n\n<p><strong>18.oo\n\u2013 1) <\/strong>&nbsp;w 90 rocz. urodzin Zofii Ka\u0142y dzi\u0119kczynna z\npro\u015bb\u0105 o zdrowie, dary Ducha \u015awi\u0119tego,<\/p>\n\n\n\n<p>&nbsp;&nbsp;&nbsp;&nbsp;&nbsp;&nbsp;&nbsp;&nbsp;&nbsp;&nbsp;&nbsp;&nbsp;&nbsp;&nbsp;&nbsp;&nbsp; &nbsp;&nbsp;Bo\u017ce b\u0142ogos\u0142awie\u0144stwo,\nopiek\u0119 NMP i \u015bw. Patron\u00f3w \u2013 modl\u0105 si\u0119 dzieci i wnuki<\/p>\n\n\n\n<p><strong>&nbsp;&nbsp;&nbsp;&nbsp;&nbsp;&nbsp;&nbsp;&nbsp;&nbsp;&nbsp;&nbsp; &nbsp;\n2)<\/strong> &nbsp;+ Mari\u0119\nCierlik &#8211; 30 dzie\u0144 od pogrzebu \u2013 intencja od uczestnik\u00f3w Mszy pogrzebowej<\/p>\n\n\n\n<p><strong><em>15.11. \u2013 NIEDZIELA&nbsp; <\/em><\/strong><\/p>\n\n\n\n<p><strong>&nbsp; 8.oo \u2013 1) <\/strong>w 1 rocz. urodzin Jasia oraz 14 rocz. urodzin Mai i Oliwiera Pierog\u00f3w dzi\u0119kczynna\n<\/p>\n\n\n\n<p>&nbsp;&nbsp;&nbsp;&nbsp;&nbsp;&nbsp;&nbsp;&nbsp;&nbsp;&nbsp;&nbsp;&nbsp;&nbsp;&nbsp;&nbsp;&nbsp;&nbsp; z pro\u015bb\u0105 o zdrowie, dary Ducha\n\u015awi\u0119tego, Bo\u017ce b\u0142ogos\u0142awie\u0144stwo, opiek\u0119 NMP <\/p>\n\n\n\n<p>&nbsp;&nbsp;&nbsp;&nbsp;&nbsp;&nbsp;&nbsp;&nbsp;&nbsp;&nbsp;&nbsp;&nbsp;&nbsp;&nbsp;&nbsp;&nbsp;&nbsp;&nbsp; i \u015bw. Patron\u00f3w \u2013 modl\u0105 si\u0119 dziadkowie\n<\/p>\n\n\n\n<p><strong>&nbsp;&nbsp;&nbsp;&nbsp;&nbsp;&nbsp;&nbsp;&nbsp;&nbsp;&nbsp;&nbsp; &nbsp;\n2)<\/strong> + Stanis\u0142awa (on) \u2013 gregorianka 15<\/p>\n\n\n\n<p><strong>&nbsp; 9.3o \u2013 <\/strong>++ Kazimier\u0119 i Micha\u0142a Babij\u00f3w oraz ++ z rodziny Babij\u00f3w, Arciszewskich,\nChrzanowskich,<\/p>\n\n\n\n<p>&nbsp;&nbsp;&nbsp;&nbsp;&nbsp;&nbsp;&nbsp;&nbsp;&nbsp;&nbsp;&nbsp;&nbsp;&nbsp;&nbsp; &nbsp;Urba\u0144skich i dusze w czy\u015b\u0107cu cierpi\u0105ce \u2013 modli\nsi\u0119 rodzina &nbsp;<\/p>\n\n\n\n<p><strong>11.oo\n\u2013 1)<\/strong> ++ Stanis\u0142aw\u0119 i Stanis\u0142awa Adamskich oraz Ann\u0119 i\nHenryka Formusiewicz\u00f3w<strong>\n<\/strong><\/p>\n\n\n\n<p><strong>&nbsp;&nbsp;&nbsp;&nbsp;&nbsp;&nbsp;&nbsp;&nbsp;&nbsp;&nbsp;&nbsp; &nbsp;\n2) <\/strong>+ m\u0119\u017ca Jana \u015awi\u0119talskiego,\n++ rodzic\u00f3w: Mari\u0119 i Adama Rogalskich oraz ich rodzic\u00f3w<\/p>\n\n\n\n<p>&nbsp;&nbsp;&nbsp; &nbsp;&nbsp;&nbsp;&nbsp;&nbsp;&nbsp;&nbsp;&nbsp;&nbsp;&nbsp;&nbsp;&nbsp;&nbsp;&nbsp;i rodze\u0144stwo \u2013 modli si\u0119 rodzina\n<\/p>\n\n\n\n<p><strong>12.3o\n\u2013 1) <\/strong>+ Zbigniewa B\u0142a\u017ckowa w 5\nrocz. \u015bm., ++ rodzic\u00f3w: Micha\u0142a i Ann\u0119 B\u0142a\u017ck\u00f3w <\/p>\n\n\n\n<p>&nbsp;&nbsp;&nbsp;&nbsp;&nbsp;&nbsp;&nbsp;&nbsp;&nbsp;&nbsp;&nbsp;&nbsp;&nbsp;&nbsp;&nbsp;&nbsp;&nbsp; oraz Jana i Franciszk\u0119\nKusztelak\u00f3w <\/p>\n\n\n\n<p><strong>&nbsp;&nbsp;&nbsp;&nbsp;&nbsp;&nbsp;&nbsp;&nbsp;&nbsp;&nbsp;&nbsp; &nbsp;\n2)<\/strong> + Helmuta Kerna w 3 rocz. \u015bm. \u2013 modli si\u0119 \u017cona z\nc\u00f3rkami i rodzinami<\/p>\n\n\n\n<p><strong>18.oo\n\u2013 <\/strong>+ Tomasza G\u0142ab\u0119 w 1 rocz. \u015bm. oraz ++ z rodziny\nG\u0142ab\u00f3w<strong> <\/strong>&nbsp;<\/p>\n","protected":false},"excerpt":{"rendered":"<p>Sk\u0142adaj\u0105c Ofiar\u0119, kt\u00f3ra nam przypomina niezmierzon\u0105 mi\u0142o\u015b\u0107 Twojego Syna, pokornie prosimy Ci\u0119, Bo\u017ce, przyjmij intencje Twoich wiernych i spraw przez dzia\u0142anie Eucharystii, aby w naszych rodzinach wzrasta\u0142a prawdziwa wiara, \u015bwi\u0119to\u015b\u0107 \u017cycia, braterska mi\u0142o\u015b\u0107 i duch modlitwy. Niech Matka Naj\u015bwi\u0119tsza wyprosi \u0142aski, o kt\u00f3re modlili\u015bmy si\u0119 w tej Mszy \u015bw. dla&#8230; <a class=\"continue-reading-link\" href=\"http:\/\/parafia.scinawa.info\/index.php\/2020\/11\/07\/intencje-mszalne-08-11-15-11-2020\/\">Czytaj dalej <span class=\"meta-nav\">&rarr; <\/span><\/a><\/p>\n","protected":false},"author":2,"featured_media":0,"comment_status":"closed","ping_status":"closed","sticky":false,"template":"","format":"standard","meta":{"footnotes":""},"categories":[39],"tags":[],"class_list":["post-1564","post","type-post","status-publish","format-standard","hentry","category-intencje"],"_links":{"self":[{"href":"http:\/\/parafia.scinawa.info\/index.php\/wp-json\/wp\/v2\/posts\/1564","targetHints":{"allow":["GET"]}}],"collection":[{"href":"http:\/\/parafia.scinawa.info\/index.php\/wp-json\/wp\/v2\/posts"}],"about":[{"href":"http:\/\/parafia.scinawa.info\/index.php\/wp-json\/wp\/v2\/types\/post"}],"author":[{"embeddable":true,"href":"http:\/\/parafia.scinawa.info\/index.php\/wp-json\/wp\/v2\/users\/2"}],"replies":[{"embeddable":true,"href":"http:\/\/parafia.scinawa.info\/index.php\/wp-json\/wp\/v2\/comments?post=1564"}],"version-history":[{"count":1,"href":"http:\/\/parafia.scinawa.info\/index.php\/wp-json\/wp\/v2\/posts\/1564\/revisions"}],"predecessor-version":[{"id":1565,"href":"http:\/\/parafia.scinawa.info\/index.php\/wp-json\/wp\/v2\/posts\/1564\/revisions\/1565"}],"wp:attachment":[{"href":"http:\/\/parafia.scinawa.info\/index.php\/wp-json\/wp\/v2\/media?parent=1564"}],"wp:term":[{"taxonomy":"category","embeddable":true,"href":"http:\/\/parafia.scinawa.info\/index.php\/wp-json\/wp\/v2\/categories?post=1564"},{"taxonomy":"post_tag","embeddable":true,"href":"http:\/\/parafia.scinawa.info\/index.php\/wp-json\/wp\/v2\/tags?post=1564"}],"curies":[{"name":"wp","href":"https:\/\/api.w.org\/{rel}","templated":true}]}}