{"id":1567,"date":"2020-11-14T12:21:40","date_gmt":"2020-11-14T11:21:40","guid":{"rendered":"http:\/\/parafia.scinawa.info\/?p=1567"},"modified":"2020-11-14T12:21:40","modified_gmt":"2020-11-14T11:21:40","slug":"intencje-mszalne-15-11-22-11-2020","status":"publish","type":"post","link":"http:\/\/parafia.scinawa.info\/index.php\/2020\/11\/14\/intencje-mszalne-15-11-22-11-2020\/","title":{"rendered":"INTENCJE MSZALNE 15.11. \u2013 22.11. 2020"},"content":{"rendered":"\n<p><strong><em>Sk\u0142adaj\u0105c\nOfiar\u0119, kt\u00f3ra nam przypomina niezmierzon\u0105 mi\u0142o\u015b\u0107 Twojego Syna, pokornie prosimy\nCi\u0119, Bo\u017ce, przyjmij intencje Twoich wiernych i spraw przez dzia\u0142anie\nEucharystii, aby w naszych rodzinach wzrasta\u0142a prawdziwa wiara, \u015bwi\u0119to\u015b\u0107 \u017cycia,\nbraterska mi\u0142o\u015b\u0107 i duch modlitwy. <\/em><\/strong><strong>Niech\nMatka Naj\u015bwi\u0119tsza wyprosi \u0142aski, o kt\u00f3re modlili\u015bmy si\u0119 w tej Mszy \u015bw. dla \u2026\nZa\u015b zmar\u0142ym \u2026 za kt\u00f3rych odprawiali\u015bmy Msz\u0119 \u015bw.: wieczny odpoczynek racz im\nda\u0107 Panie (\u2026); niech odpoczywaj\u0105 w pokoju wiecznym. Amen<\/strong><\/p>\n\n\n\n<p><strong><em>15.11.\n&#8211; NIEDZIELA&nbsp; <\/em><\/strong><em><\/em><\/p>\n\n\n\n<p><strong>&nbsp; 8.oo \u2013 1) <\/strong>w 1 rocz. urodzin Jasia oraz 14 rocz. urodzin Mai i Oliwiera Pierog\u00f3w dzi\u0119kczynna\n<\/p>\n\n\n\n<p>&nbsp;&nbsp;&nbsp;&nbsp;&nbsp;&nbsp;&nbsp;&nbsp;&nbsp;&nbsp;&nbsp;&nbsp;&nbsp;&nbsp;&nbsp;&nbsp;&nbsp; z pro\u015bb\u0105 o zdrowie,\ndary Ducha \u015awi\u0119tego, Bo\u017ce b\u0142ogos\u0142awie\u0144stwo, opiek\u0119 NMP <\/p>\n\n\n\n<p>&nbsp;&nbsp;&nbsp;&nbsp;&nbsp;&nbsp;&nbsp;&nbsp;&nbsp;&nbsp;&nbsp;&nbsp;&nbsp;&nbsp;&nbsp;&nbsp;&nbsp;&nbsp; i \u015bw. Patron\u00f3w \u2013\nmodl\u0105 si\u0119 dziadkowie <\/p>\n\n\n\n<p><strong>&nbsp;&nbsp;&nbsp;&nbsp;&nbsp;&nbsp;&nbsp;&nbsp;&nbsp;&nbsp;&nbsp; &nbsp;\n2)<\/strong> + Stanis\u0142awa (on) \u2013 gregorianka 15<\/p>\n\n\n\n<p><strong>&nbsp; 9.3o \u2013 <\/strong>++ Kazimier\u0119 i Micha\u0142a Babij\u00f3w oraz ++ z rodziny Babij\u00f3w, Arciszewskich,\nChrzanowskich,<\/p>\n\n\n\n<p>&nbsp;&nbsp;&nbsp;&nbsp;&nbsp;&nbsp;&nbsp;&nbsp;&nbsp;&nbsp;&nbsp;&nbsp;&nbsp;&nbsp; &nbsp;Urba\u0144skich i dusze w czy\u015b\u0107cu cierpi\u0105ce \u2013 modli\nsi\u0119 rodzina &nbsp;<\/p>\n\n\n\n<p><strong>11.oo\n\u2013 1)<\/strong> ++ Stanis\u0142aw\u0119 i Stanis\u0142awa Adamskich oraz Ann\u0119 i\nHenryka Formusiewicz\u00f3w<strong>\n<\/strong><\/p>\n\n\n\n<p><strong>&nbsp;&nbsp;&nbsp;&nbsp;&nbsp;&nbsp;&nbsp;&nbsp;&nbsp;&nbsp;&nbsp; &nbsp;\n2) <\/strong>+ m\u0119\u017ca Jana \u015awi\u0119talskiego,\n++ rodzic\u00f3w: Mari\u0119 i Adama Rogalskich oraz ich rodzic\u00f3w<\/p>\n\n\n\n<p>&nbsp;&nbsp;&nbsp; &nbsp;&nbsp;&nbsp;&nbsp;&nbsp;&nbsp;&nbsp;&nbsp;&nbsp;&nbsp;&nbsp;&nbsp;&nbsp;&nbsp;i rodze\u0144stwo \u2013 modli si\u0119 rodzina\n<\/p>\n\n\n\n<p><strong>12.3o\n\u2013 1) <\/strong>+ Zbigniewa B\u0142a\u017ckowa w 5\nrocz. \u015bm., ++ rodzic\u00f3w: Micha\u0142a i Ann\u0119 B\u0142a\u017ck\u00f3w <\/p>\n\n\n\n<p>&nbsp;&nbsp;&nbsp;&nbsp;&nbsp;&nbsp;&nbsp;&nbsp;&nbsp;&nbsp;&nbsp;&nbsp;&nbsp;&nbsp;&nbsp;&nbsp;&nbsp; oraz Jana i\nFranciszk\u0119 Kusztelak\u00f3w <\/p>\n\n\n\n<p><strong>&nbsp;&nbsp;&nbsp;&nbsp;&nbsp;&nbsp;&nbsp;&nbsp;&nbsp;&nbsp;&nbsp; &nbsp;\n2)<\/strong> + Helmuta Kerna w 3 rocz. \u015bm. \u2013 modli si\u0119 \u017cona z\nc\u00f3rkami i rodzinami<\/p>\n\n\n\n<p><strong>18.oo\n\u2013 <\/strong>+ Tomasza G\u0142ab\u0119 w 1 rocz. \u015bm. oraz ++ z rodziny\nG\u0142ab\u00f3w<strong> &nbsp;<\/strong>&nbsp;<\/p>\n\n\n\n<p><strong><em>16.11.\n\u2013 PONIEDZIA\u0141EK<\/em><\/strong><\/p>\n\n\n\n<p><strong>&nbsp; &nbsp;&nbsp;7.oo\n\u2013 <\/strong>+\nStanis\u0142awa (on) \u2013 gregorianka 16 <\/p>\n\n\n\n<p><strong>18.oo\n\u2013 1) <\/strong>++ \u017con\u0119 Janin\u0119 Kasprowsk\u0105 w 3 rocz. \u015bm., syna Piotra\noraz ++ rodzic\u00f3w z obu stron <\/p>\n\n\n\n<p>&nbsp;&nbsp;&nbsp;&nbsp;&nbsp;&nbsp;&nbsp;&nbsp;&nbsp;&nbsp;&nbsp;&nbsp;&nbsp;&nbsp;&nbsp;&nbsp;&nbsp; \u2013 modli si\u0119 rodzina <\/p>\n\n\n\n<p><strong>&nbsp;&nbsp;&nbsp;&nbsp;&nbsp; 2)<\/strong> ++ mam\u0119 Eugeni\u0119\nAndrzejewsk\u0105 w 2 rocz. \u015bm. oraz brata Jana Andrzejewskiego w 1 rocz. \u015bm. <\/p>\n\n\n\n<p>&nbsp;&nbsp;&nbsp;&nbsp;&nbsp;&nbsp;&nbsp;&nbsp;&nbsp;&nbsp;&nbsp;&nbsp; \u2013 modl\u0105 si\u0119 c\u00f3rka i siostra<\/p>\n\n\n\n<p><strong><em>17.11.\n&#8211; WTOREK<\/em><\/strong><em><\/em><\/p>\n\n\n\n<p><strong>&nbsp; 7.oo \u2013 <\/strong>+ Stanis\u0142awa\n(on) \u2013 gregorianka 17<\/p>\n\n\n\n<p><strong>18.oo\n\u2013<\/strong>++\nKarolin\u0119 Szpularz w 19 rocz. \u015bm., Mari\u0119 i Antoniego Szpularz\u00f3w i ++ z rodziny Szpularz\u00f3w<\/p>\n\n\n\n<p><strong><em>18.11.\n\u2013 \u015aRODA <\/em><\/strong><\/p>\n\n\n\n<p><strong>&nbsp; 7.oo \u2013 1) <\/strong>&nbsp;+ Wiktori\u0119 w&nbsp;\nrocz. ziemskich urodzin<\/p>\n\n\n\n<p><strong>&nbsp;&nbsp;&nbsp;&nbsp;&nbsp;&nbsp;&nbsp;&nbsp;&nbsp;&nbsp;&nbsp; &nbsp;\n2)<\/strong>+ Stanis\u0142awa (on) \u2013 gregorianka 18<\/p>\n\n\n\n<p><strong>18.oo\n\u2013&nbsp; intencja zbiorowa nowennowa:<\/strong><\/p>\n\n\n\n<p><strong>&nbsp;1)<\/strong> ++ Tomasza, Zofi\u0119,\nStanis\u0142awa z rodziny Srebniak\u00f3w<\/p>\n\n\n\n<p><strong>&nbsp;2)<\/strong> ++ polecanych w\ntegorocznych nabo\u017ce\u0144stwach wypominkowych w naszej parafii<\/p>\n\n\n\n<p><strong>&nbsp;3)<\/strong><\/p>\n\n\n\n<p><strong><em>19.11. \u2013 CZWARTEK <\/em><\/strong><em>&nbsp;<\/em><\/p>\n\n\n\n<p><strong>&nbsp; 7.oo \u2013<\/strong> &nbsp;+ Stanis\u0142awa (on) \u2013 gregorianka 19<\/p>\n\n\n\n<p><strong>18.oo\n\u2013 1) <\/strong>++ z rodziny Kubik\u00f3w i Nowak\u00f3w,\n++ kap\u0142an\u00f3w, kt\u00f3rzy pracowali w naszej parafii i dusze<\/p>\n\n\n\n<p>&nbsp;&nbsp;&nbsp;&nbsp;&nbsp;&nbsp;&nbsp;&nbsp;&nbsp;&nbsp;&nbsp;&nbsp;&nbsp;&nbsp;&nbsp;&nbsp;&nbsp; &nbsp;w czy\u015b\u0107cu cierpi\u0105ce\n\u2013 modl\u0105 si\u0119 dzieci z rodzinami<\/p>\n\n\n\n<p><strong>&nbsp;&nbsp;&nbsp;&nbsp;&nbsp;&nbsp;&nbsp;&nbsp;&nbsp;&nbsp;&nbsp; &nbsp;\n2)<\/strong> + Ludwik\u0119 Szmigielsk\u0105 \u2013 intencja od 3 R\u00f3\u017cy<\/p>\n\n\n\n<p><strong><em>20.11. \u2013 PI\u0104TEK<\/em><\/strong><\/p>\n\n\n\n<p><strong>&nbsp;7.oo \u2013<\/strong> <strong>1) <\/strong>+ Tomasza Ma\u017carskiego \u2013\nintencja od Jana i Marii Kurasi\u00f3w ze \u015awi\u0119can <\/p>\n\n\n\n<p><strong>&nbsp;&nbsp;&nbsp;&nbsp;&nbsp;&nbsp;&nbsp;&nbsp;&nbsp;&nbsp;&nbsp; &nbsp;\n2)<\/strong>+ Stanis\u0142awa (on) \u2013 gregorianka 20<\/p>\n\n\n\n<p><strong>18.oo\n\u2013 1) <\/strong>&nbsp;+ Stanis\u0142awa\nSt\u0119pi\u0144skiego \u2013 modli si\u0119 Wac\u0142awa Golczyk<\/p>\n\n\n\n<p><strong>&nbsp;&nbsp;&nbsp;&nbsp;&nbsp;&nbsp;&nbsp;&nbsp;&nbsp;&nbsp;&nbsp; &nbsp;\n2)<\/strong> &nbsp;<\/p>\n\n\n\n<p><strong><em>21.11. \u2013 SOBOTA<\/em><\/strong><\/p>\n\n\n\n<p><strong>&nbsp; &nbsp;&nbsp;7.oo\n\u2013<\/strong>\n+ Stanis\u0142awa (on) \u2013 gregorianka 21<\/p>\n\n\n\n<p><strong>18.oo\n\u2013 1) <\/strong>w 50 rocz. \u015blubu Zofii i\nZenona Staniewskich oraz Stanis\u0142awy i Zdzis\u0142awa Fral\u00f3w\n<\/p>\n\n\n\n<p>&nbsp;&nbsp;&nbsp;&nbsp;&nbsp;&nbsp;&nbsp;&nbsp;&nbsp;&nbsp;&nbsp;&nbsp;&nbsp;&nbsp;&nbsp;&nbsp;&nbsp;\ndzi\u0119kczynna z pro\u015bb\u0105 o zdrowie, dary\nDucha \u015awi\u0119tego, Bo\u017ce b\u0142ogos\u0142awie\u0144stwo, <\/p>\n\n\n\n<p>&nbsp;&nbsp;&nbsp;&nbsp;&nbsp;&nbsp;&nbsp;&nbsp;&nbsp;&nbsp;&nbsp;&nbsp;&nbsp;&nbsp;&nbsp;&nbsp;&nbsp;&nbsp; opiek\u0119 NMP i \u015bw. Patron\u00f3w \u2013\nmodl\u0105 si\u0119 dzieci i wnuki<\/p>\n\n\n\n<p><strong>&nbsp;&nbsp;&nbsp;&nbsp;&nbsp;&nbsp;&nbsp;&nbsp;&nbsp;&nbsp;&nbsp; &nbsp;\n2)<\/strong> &nbsp;<\/p>\n\n\n\n<p><strong><em>22.11. \u2013 NIEDZIELA&nbsp; <\/em><\/strong><\/p>\n\n\n\n<p><strong>&nbsp; 8.oo \u2013 1) <\/strong>++ Joann\u0119 w 23 rocz. \u015bm. i Piotra w 19 rocz. \u015bm. Jastrz\u0119bskich oraz Mari\u0119\ni J\u00f3zefa<\/p>\n\n\n\n<p>&nbsp;&nbsp;&nbsp;&nbsp;&nbsp;&nbsp;&nbsp;&nbsp;&nbsp;&nbsp;&nbsp;&nbsp;&nbsp;&nbsp;&nbsp;&nbsp; &nbsp;Mizier\u00f3w, siostr\u0119 Mari\u0119, brata Jana, kuzynk\u0119\nKrystyn\u0119<\/p>\n\n\n\n<p>&nbsp;&nbsp; <strong>2)<\/strong> + Katarzyn\u0119 Koszty\u0142\u0119 z racji ziemskich\nimienin \u2013 modl\u0105 si\u0119 m\u0105\u017c, dzieci, wnuki, te\u015bciowa i rodzina<\/p>\n\n\n\n<p><strong>&nbsp; 9.3o \u2013 <\/strong>&nbsp;w intencji Moniki, Piotra i Juliana Lewickich dzi\u0119kczynna za \u0142aski z pro\u015bb\u0105 o zdrowie, dary<\/p>\n\n\n\n<p>&nbsp;&nbsp;&nbsp;&nbsp;&nbsp;&nbsp;&nbsp;&nbsp;&nbsp;&nbsp;&nbsp;&nbsp;&nbsp; &nbsp;Ducha \u015awi\u0119tego, Bo\u017ce b\u0142ogos\u0142awie\u0144stwo, opiek\u0119\nNMP na ka\u017cdy dzie\u0144 wsp\u00f3lnego \u017cycia<\/p>\n\n\n\n<p><strong>11.oo\n\u2013 1) <\/strong>w intencji ch\u00f3rzyst\u00f3w z racji patronalnego \u015bwi\u0119ta\ndzi\u0119kczynna z pro\u015bb\u0105 o zdrowie, \u0142aski, <\/p>\n\n\n\n<p>&nbsp;&nbsp;&nbsp;&nbsp;&nbsp;&nbsp;&nbsp;&nbsp;&nbsp;&nbsp; &nbsp;Bo\u017ce b\u0142ogos\u0142awie\u0144stwo, opiek\u0119 NMP i \u015bw.\nCecylii, a dla ++ ch\u00f3rzyst\u00f3w o dar \u017cycia wiecznego<\/p>\n\n\n\n<p><strong>&nbsp;&nbsp;&nbsp;&nbsp;&nbsp;&nbsp;&nbsp;&nbsp;&nbsp;&nbsp;&nbsp; &nbsp;\n2) <\/strong>+ Jana Kaweckiego w 1\nrocz. \u015bm. \u2013 modli si\u0119 siostra z rodzin\u0105 <\/p>\n\n\n\n<p><strong>12.3o\n\u2013 1) <\/strong>++ z rodziny Dubla\u0144skich,\nTokarczuk\u00f3w i Marcin\u00f3w \u2013 modli si\u0119 Stanis\u0142aw z \u017con\u0105<\/p>\n\n\n\n<p><strong>&nbsp;&nbsp;&nbsp;&nbsp;&nbsp;&nbsp;&nbsp;&nbsp;&nbsp;&nbsp;&nbsp; &nbsp;\n2)<\/strong> + Eugeniusza Matu\u0142\u0119 w 6 rocz. \u015bm.<\/p>\n\n\n\n<p><strong>18.oo\n\u2013 &nbsp;1) <\/strong>&nbsp;+ El\u017cbiet\u0119 Demczak w 6 rocz. \u015bm. \u2013 modli si\u0119 rodzina<\/p>\n\n\n\n<p><strong>&nbsp;&nbsp;&nbsp;&nbsp;&nbsp;&nbsp;&nbsp;&nbsp;&nbsp;&nbsp;&nbsp; &nbsp;\n2)<\/strong>+ Stanis\u0142awa (on) \u2013 gregorianka 22 <\/p>\n","protected":false},"excerpt":{"rendered":"<p>Sk\u0142adaj\u0105c Ofiar\u0119, kt\u00f3ra nam przypomina niezmierzon\u0105 mi\u0142o\u015b\u0107 Twojego Syna, pokornie prosimy Ci\u0119, Bo\u017ce, przyjmij intencje Twoich wiernych i spraw przez dzia\u0142anie Eucharystii, aby w naszych rodzinach wzrasta\u0142a prawdziwa wiara, \u015bwi\u0119to\u015b\u0107 \u017cycia, braterska mi\u0142o\u015b\u0107 i duch modlitwy. Niech Matka Naj\u015bwi\u0119tsza wyprosi \u0142aski, o kt\u00f3re modlili\u015bmy si\u0119 w tej Mszy \u015bw. dla&#8230; <a class=\"continue-reading-link\" href=\"http:\/\/parafia.scinawa.info\/index.php\/2020\/11\/14\/intencje-mszalne-15-11-22-11-2020\/\">Czytaj dalej <span class=\"meta-nav\">&rarr; <\/span><\/a><\/p>\n","protected":false},"author":2,"featured_media":0,"comment_status":"closed","ping_status":"closed","sticky":false,"template":"","format":"standard","meta":{"footnotes":""},"categories":[39],"tags":[],"class_list":["post-1567","post","type-post","status-publish","format-standard","hentry","category-intencje"],"_links":{"self":[{"href":"http:\/\/parafia.scinawa.info\/index.php\/wp-json\/wp\/v2\/posts\/1567","targetHints":{"allow":["GET"]}}],"collection":[{"href":"http:\/\/parafia.scinawa.info\/index.php\/wp-json\/wp\/v2\/posts"}],"about":[{"href":"http:\/\/parafia.scinawa.info\/index.php\/wp-json\/wp\/v2\/types\/post"}],"author":[{"embeddable":true,"href":"http:\/\/parafia.scinawa.info\/index.php\/wp-json\/wp\/v2\/users\/2"}],"replies":[{"embeddable":true,"href":"http:\/\/parafia.scinawa.info\/index.php\/wp-json\/wp\/v2\/comments?post=1567"}],"version-history":[{"count":1,"href":"http:\/\/parafia.scinawa.info\/index.php\/wp-json\/wp\/v2\/posts\/1567\/revisions"}],"predecessor-version":[{"id":1568,"href":"http:\/\/parafia.scinawa.info\/index.php\/wp-json\/wp\/v2\/posts\/1567\/revisions\/1568"}],"wp:attachment":[{"href":"http:\/\/parafia.scinawa.info\/index.php\/wp-json\/wp\/v2\/media?parent=1567"}],"wp:term":[{"taxonomy":"category","embeddable":true,"href":"http:\/\/parafia.scinawa.info\/index.php\/wp-json\/wp\/v2\/categories?post=1567"},{"taxonomy":"post_tag","embeddable":true,"href":"http:\/\/parafia.scinawa.info\/index.php\/wp-json\/wp\/v2\/tags?post=1567"}],"curies":[{"name":"wp","href":"https:\/\/api.w.org\/{rel}","templated":true}]}}