{"id":1569,"date":"2020-11-14T12:23:18","date_gmt":"2020-11-14T11:23:18","guid":{"rendered":"http:\/\/parafia.scinawa.info\/?p=1569"},"modified":"2020-11-14T12:23:18","modified_gmt":"2020-11-14T11:23:18","slug":"ogloszenia-duszpasterskie-33-niedziela-zwykla-15-11-2020","status":"publish","type":"post","link":"http:\/\/parafia.scinawa.info\/index.php\/2020\/11\/14\/ogloszenia-duszpasterskie-33-niedziela-zwykla-15-11-2020\/","title":{"rendered":"Og\u0142oszenia duszpasterskie  33 Niedziela zwyk\u0142a \u2013 15.11. 2020"},"content":{"rendered":"\n<p><strong>1<\/strong><strong>.<\/strong>\nDzi\u015b prze\u017cywamy <strong><em>33 Niedziel\u0119 zwyk\u0142\u0105<\/em><\/strong>. Msze \u015bw. wg porz\u0105dku niedzielnego. &nbsp;<strong><em>&nbsp;<\/em><\/strong><\/p>\n\n\n\n<p><strong>2<\/strong><strong>.<\/strong>\nMsze \u015bw. w tygodniu&nbsp; o\n<strong>7<sup>00<\/sup><\/strong> i <strong>18<sup>00<\/sup><\/strong>. <\/p>\n\n\n\n<p><strong>3.<\/strong>\nCodziennie spowied\u017a i adoracja Naj\u015bwi\u0119tszego Sakramentu o godz. <strong>17<sup>00<\/sup>,\na nabo\u017ce\u0144stwa wypominkowe do \u015brody w\u0142\u0105cznie o <\/strong><strong>17<sup>30<\/sup>. <\/strong><\/p>\n\n\n\n<p><strong>4<\/strong><strong>.<\/strong> <strong>&nbsp;<\/strong>W tym tygodniu obchodzimy:<\/p>\n\n\n\n<p>&#8211; <strong>we\nwtorek<\/strong> \u2013 wspomnienie \u015bw. El\u017cbiety W\u0119gierskiej, zakonnicy<\/p>\n\n\n\n<p>&#8211; <strong>w \u015brod\u0119<\/strong> &#8211; wspomnienie b\u0142. Karoliny\nK\u00f3zk\u00f3wny, dziewicy i m\u0119czennicy<\/p>\n\n\n\n<p>&#8211; <strong>w\npi\u0105tek<\/strong> \u2013 wspomnienie\n\u015bw. Rafa\u0142a Kalinowskiego, prezbitera<\/p>\n\n\n\n<p>&#8211;<strong><em> w<\/em><\/strong>\n<strong><em>sobot\u0119<\/em><\/strong> \u2013 wspomnienie Ofiarowania\nNMP<\/p>\n\n\n\n<p><strong>5<\/strong><strong>. <\/strong>W przysz\u0142\u0105 niedziel\u0119\nb\u0119dziemy prze\u017cywa\u0107 <strong><em>34 Niedziel\u0119 zwyk\u0142\u0105<\/em><\/strong> i zarazem Uroczysto\u015b\u0107 Chrystusa Kr\u00f3la\nWszech\u015bwiata. Msze \u015bw. wg porz\u0105dku niedzielnego. <\/p>\n\n\n\n<p><strong><em>Za\npubliczne odm\u00f3wienie \u201eAktu po\u015bwi\u0119cenia\u201d w uroczysto\u015b\u0107 Jezusa Chrystusa Kr\u00f3la\nWszech\u015bwiata mo\u017cna uzyska\u0107 odpust zupe\u0142ny.<\/em><\/strong> <\/p>\n\n\n\n<p><strong>6<\/strong><strong>.<\/strong>\nKancelaria czynna codziennie po Mszy \u015bw. wieczornej z wyj\u0105tkiem niedziel,\nuroczysto\u015bci i \u015bwi\u0105t.<\/p>\n\n\n\n<p><strong>7<\/strong><strong>.<\/strong>\nDo nabycia jest prasa katolicka: Niedziela, Go\u015b\u0107 Niedzielny i R\u00f3\u017caniec. <\/p>\n\n\n\n<p><strong>8<\/strong><strong>.<\/strong>\nDzi\u0119kuj\u0119 wszystkim, kt\u00f3rzy w tym tygodniu sprz\u0105tali \u015bwi\u0105tyni\u0119 i przygotowali j\u0105\nna nasze spotkanie eucharystyczne.<\/p>\n\n\n\n<p><strong>9<\/strong><strong>.<\/strong>\nSerdeczne B\u00f3g zap\u0142a\u0107 za ofiary sk\u0142adane na remonty w naszej parafii. <\/p>\n\n\n\n<p><strong>10.<\/strong>\n&nbsp;Intencje mszalne, obrazki \u2013 pami\u0105tki odprawionej\nMszy \u015bw.<\/p>\n\n\n\n<p><strong>11.<\/strong>\nPami\u0105tk\u0119 z &nbsp;bierzmowania mo\u017cna odbiera\u0107 w\nzakrystii po ka\u017cdej Mszy \u015bw.<\/p>\n\n\n\n<p><em>\u017byczymy mi\u0142ego tygodnia\ni obfitych \u0142ask Bo\u017cych.<\/em><\/p>\n","protected":false},"excerpt":{"rendered":"<p>1. Dzi\u015b prze\u017cywamy 33 Niedziel\u0119 zwyk\u0142\u0105. Msze \u015bw. wg porz\u0105dku niedzielnego. &nbsp;&nbsp; 2. Msze \u015bw. w tygodniu&nbsp; o 700 i 1800. 3. Codziennie spowied\u017a i adoracja Naj\u015bwi\u0119tszego Sakramentu o godz. 1700, a nabo\u017ce\u0144stwa wypominkowe do \u015brody w\u0142\u0105cznie o 1730. 4. &nbsp;W tym tygodniu obchodzimy: &#8211; we wtorek \u2013 wspomnienie \u015bw&#8230;. <a class=\"continue-reading-link\" href=\"http:\/\/parafia.scinawa.info\/index.php\/2020\/11\/14\/ogloszenia-duszpasterskie-33-niedziela-zwykla-15-11-2020\/\">Czytaj dalej <span class=\"meta-nav\">&rarr; <\/span><\/a><\/p>\n","protected":false},"author":2,"featured_media":0,"comment_status":"closed","ping_status":"closed","sticky":false,"template":"","format":"standard","meta":{"footnotes":""},"categories":[40],"tags":[],"class_list":["post-1569","post","type-post","status-publish","format-standard","hentry","category-ogloszenia-duszpasterskie"],"_links":{"self":[{"href":"http:\/\/parafia.scinawa.info\/index.php\/wp-json\/wp\/v2\/posts\/1569","targetHints":{"allow":["GET"]}}],"collection":[{"href":"http:\/\/parafia.scinawa.info\/index.php\/wp-json\/wp\/v2\/posts"}],"about":[{"href":"http:\/\/parafia.scinawa.info\/index.php\/wp-json\/wp\/v2\/types\/post"}],"author":[{"embeddable":true,"href":"http:\/\/parafia.scinawa.info\/index.php\/wp-json\/wp\/v2\/users\/2"}],"replies":[{"embeddable":true,"href":"http:\/\/parafia.scinawa.info\/index.php\/wp-json\/wp\/v2\/comments?post=1569"}],"version-history":[{"count":1,"href":"http:\/\/parafia.scinawa.info\/index.php\/wp-json\/wp\/v2\/posts\/1569\/revisions"}],"predecessor-version":[{"id":1570,"href":"http:\/\/parafia.scinawa.info\/index.php\/wp-json\/wp\/v2\/posts\/1569\/revisions\/1570"}],"wp:attachment":[{"href":"http:\/\/parafia.scinawa.info\/index.php\/wp-json\/wp\/v2\/media?parent=1569"}],"wp:term":[{"taxonomy":"category","embeddable":true,"href":"http:\/\/parafia.scinawa.info\/index.php\/wp-json\/wp\/v2\/categories?post=1569"},{"taxonomy":"post_tag","embeddable":true,"href":"http:\/\/parafia.scinawa.info\/index.php\/wp-json\/wp\/v2\/tags?post=1569"}],"curies":[{"name":"wp","href":"https:\/\/api.w.org\/{rel}","templated":true}]}}