{"id":1578,"date":"2020-11-28T12:02:56","date_gmt":"2020-11-28T11:02:56","guid":{"rendered":"http:\/\/parafia.scinawa.info\/?p=1578"},"modified":"2020-11-28T12:02:56","modified_gmt":"2020-11-28T11:02:56","slug":"ogloszenia-duszpasterskie-1-niedziela-adwentu-29-11-2020","status":"publish","type":"post","link":"http:\/\/parafia.scinawa.info\/index.php\/2020\/11\/28\/ogloszenia-duszpasterskie-1-niedziela-adwentu-29-11-2020\/","title":{"rendered":"Og\u0142oszenia duszpasterskie    1  Niedziela Adwentu \u2013 29.11. 2020"},"content":{"rendered":"\n<p><strong>1.<\/strong>\nDzi\u015b prze\u017cywamy <strong><em>1 Niedziel\u0119 Adwentu<\/em><\/strong>. Pocz\u0105tek nowego roku liturgicznego. Msze \u015bw.\nwed\u0142ug porz\u0105dku niedzielnego. Dzisiaj na ka\u017cdej Mszy \u015bw. po\u015bwi\u0119cenie op\u0142atk\u00f3w wigilijnych, kt\u00f3re mo\u017cna nabywa\u0107\nw zakrystii i u so\u0142tys\u00f3w na wioskach. <\/p>\n\n\n\n<p><strong>2.<\/strong>\nMsze \u015bw. w tygodniu&nbsp; o <strong>7<sup>00<\/sup><\/strong>\ni <strong>18<sup>00<\/sup><\/strong>. &nbsp;<\/p>\n\n\n\n<p><strong>3. <\/strong>Codziennie\nspowied\u017a i adoracja Naj\u015bwi\u0119tszego Sakramentu o godz. <strong>17<sup>00<\/sup>.<\/strong><\/p>\n\n\n\n<p><strong>4. W poniedzia\u0142ek\no&nbsp; 17<sup>30<\/sup> nabo\u017ce\u0144stwo do Bo\u017cego\nMi\u0142osierdzia. <\/strong>(Na stoliku pod ch\u00f3rem znajduj\u0105 si\u0119 kartki,\nna kt\u00f3rych mo\u017cna wypisywa\u0107 pro\u015bby i podzi\u0119kowania, kt\u00f3re b\u0119dziemy poleca\u0107\nBo\u017cemu Mi\u0142osierdziu).<\/p>\n\n\n\n<p><strong>5.<\/strong><strong> <\/strong>W\n\u015brod\u0119 Nowenna do NMP Nieustaj\u0105cej Pomocy o godz. <strong>17<sup>30<\/sup><\/strong>.<\/p>\n\n\n\n<p><strong>6<\/strong><strong>. <\/strong>W tym tygodniu obchodzimy:<\/p>\n\n\n\n<p>&#8211; <strong>w\nponiedzia\u0142ek<\/strong> &#8211; &nbsp;\u015bwi\u0119to \u015bw. Andrzeja Aposto\u0142a<\/p>\n\n\n\n<p>&#8211; <strong>w czwartek<\/strong> \u2013 wspomnienie \u015bw. Franciszka\nKsawerego, prezbitera<\/p>\n\n\n\n<p>&#8211; <strong>w pi\u0105tek <\/strong>\u2013 wspomnienie \u015bw. Barbary,\nm\u0119czennicy i patronki g\u00f3rnik\u00f3w<\/p>\n\n\n\n<p><strong>7.<\/strong>\nW tym tygodniu obchodzimy I czwartek, I pi\u0105tek i I sobot\u0119 miesi\u0105ca. &nbsp;<strong><em>W I pi\u0105tek miesi\u0105ca z racji pandemii coronawirusa\nnie ma odwiedzin chorych.<\/em><\/strong><\/p>\n\n\n\n<p><strong>8.<\/strong>\nW I sobot\u0119 miesi\u0105ca o godz. <strong>17<sup>00<\/sup><\/strong>\n<strong><em>nabo\u017ce\u0144stwo\nfatimskie I soboty<\/em><\/strong>.<strong><\/strong><\/p>\n\n\n\n<p><strong>9<\/strong><strong>.\n<\/strong>W przysz\u0142\u0105\nniedziel\u0119 b\u0119dziemy prze\u017cywa\u0107 <strong><em>2 Niedziel\u0119 Adwentu<\/em><\/strong> Msze \u015bw. wed\u0142ug porz\u0105dku\nniedzielnego. W drug\u0105 niedziel\u0119 Adwentu, tradycyjnie b\u0119dzie\nobchodzony w Ko\u015bciele w Polsce Dzie\u0144 Modlitwy i Pomocy Materialnej Ko\u015bcio\u0142owi\nna Wschodzie. Wesprze\u0107 Ko\u015bci\u00f3\u0142 katolicki na Wschodzie mo\u017cna przede wszystkim\npoprzez modlitw\u0119 i zbi\u00f3rk\u0119 ofiar do puszek w ko\u015bcio\u0142ach w niedziel\u0119 6 grudnia.\n<strong><em>Zmiana\ntajemnic \u017bywego R\u00f3\u017ca\u0144ca dzisiaj o 10<sup>30<\/sup>.<\/em><\/strong><strong><em><\/em><\/strong><\/p>\n\n\n\n<p><strong>10<\/strong><strong>.<\/strong>\nKancelaria czynna codziennie po Mszy \u015bw. wieczornej z wyj\u0105tkiem niedziel,\nuroczysto\u015bci i \u015bwi\u0105t.<\/p>\n\n\n\n<p><strong>11<\/strong><strong>.<\/strong>\nDo nabycia jest prasa katolicka: Niedziela, Go\u015b\u0107 Niedzielny i R\u00f3\u017caniec. <\/p>\n\n\n\n<p><strong>12<\/strong><strong>.<\/strong>\nDzi\u0119kuj\u0119 wszystkim, kt\u00f3rzy w tym tygodniu sprz\u0105tali \u015bwi\u0105tyni\u0119 i przygotowali j\u0105\nna nasze spotkanie eucharystyczne.<\/p>\n\n\n\n<p><strong>13<\/strong><strong>.<\/strong>\nSerdeczne B\u00f3g zap\u0142a\u0107 za ofiary sk\u0142adane na remonty w naszej parafii. <\/p>\n\n\n\n<p><strong>14<\/strong><strong>.<\/strong>\nIntencje mszalne, obrazki \u2013 pami\u0105tki odprawionej Mszy \u015bw.<\/p>\n\n\n\n<p><strong>15<\/strong>.\nW tygodniu roraty o godz. <strong>18<sup>00<\/sup><\/strong>. Dzieci zapraszam na roraty z\nsercami, na kt\u00f3rych wypisz\u0105 dobry uczynek z bie\u017c\u0105cego dnia. Serca bior\u0105 udzia\u0142\ncodziennie w losowaniu nagr\u00f3d.<\/p>\n\n\n\n<p><strong>16<\/strong><strong>.<\/strong> W tym tygodniu po\notrzymaniu b\u0119d\u0105 rozprowadzane \u015bwiece wigilijne jako \u201eWigilijne Dzie\u0142o Pomocy\nDzieciom\u201d. <strong>Ma\u0142a \u015bwieca 6 z\u0142, a du\u017ca 15\nz\u0142<\/strong>, &nbsp;tak\u017ce kartki \u015bwi\u0105teczne,\nkalendarze parafialne. <\/p>\n\n\n\n<p><strong><em>\u017byczymy\nmi\u0142ego tygodnia i obfitych \u0142ask Bo\u017cych.<\/em><\/strong><strong><\/strong><\/p>\n","protected":false},"excerpt":{"rendered":"<p>1. Dzi\u015b prze\u017cywamy 1 Niedziel\u0119 Adwentu. Pocz\u0105tek nowego roku liturgicznego. Msze \u015bw. wed\u0142ug porz\u0105dku niedzielnego. Dzisiaj na ka\u017cdej Mszy \u015bw. po\u015bwi\u0119cenie op\u0142atk\u00f3w wigilijnych, kt\u00f3re mo\u017cna nabywa\u0107 w zakrystii i u so\u0142tys\u00f3w na wioskach. 2. Msze \u015bw. w tygodniu&nbsp; o 700 i 1800. &nbsp; 3. Codziennie spowied\u017a i adoracja Naj\u015bwi\u0119tszego Sakramentu&#8230; <a class=\"continue-reading-link\" href=\"http:\/\/parafia.scinawa.info\/index.php\/2020\/11\/28\/ogloszenia-duszpasterskie-1-niedziela-adwentu-29-11-2020\/\">Czytaj dalej <span class=\"meta-nav\">&rarr; <\/span><\/a><\/p>\n","protected":false},"author":2,"featured_media":0,"comment_status":"closed","ping_status":"closed","sticky":false,"template":"","format":"standard","meta":{"footnotes":""},"categories":[40],"tags":[],"class_list":["post-1578","post","type-post","status-publish","format-standard","hentry","category-ogloszenia-duszpasterskie"],"_links":{"self":[{"href":"http:\/\/parafia.scinawa.info\/index.php\/wp-json\/wp\/v2\/posts\/1578","targetHints":{"allow":["GET"]}}],"collection":[{"href":"http:\/\/parafia.scinawa.info\/index.php\/wp-json\/wp\/v2\/posts"}],"about":[{"href":"http:\/\/parafia.scinawa.info\/index.php\/wp-json\/wp\/v2\/types\/post"}],"author":[{"embeddable":true,"href":"http:\/\/parafia.scinawa.info\/index.php\/wp-json\/wp\/v2\/users\/2"}],"replies":[{"embeddable":true,"href":"http:\/\/parafia.scinawa.info\/index.php\/wp-json\/wp\/v2\/comments?post=1578"}],"version-history":[{"count":1,"href":"http:\/\/parafia.scinawa.info\/index.php\/wp-json\/wp\/v2\/posts\/1578\/revisions"}],"predecessor-version":[{"id":1579,"href":"http:\/\/parafia.scinawa.info\/index.php\/wp-json\/wp\/v2\/posts\/1578\/revisions\/1579"}],"wp:attachment":[{"href":"http:\/\/parafia.scinawa.info\/index.php\/wp-json\/wp\/v2\/media?parent=1578"}],"wp:term":[{"taxonomy":"category","embeddable":true,"href":"http:\/\/parafia.scinawa.info\/index.php\/wp-json\/wp\/v2\/categories?post=1578"},{"taxonomy":"post_tag","embeddable":true,"href":"http:\/\/parafia.scinawa.info\/index.php\/wp-json\/wp\/v2\/tags?post=1578"}],"curies":[{"name":"wp","href":"https:\/\/api.w.org\/{rel}","templated":true}]}}