{"id":1589,"date":"2020-12-21T07:58:55","date_gmt":"2020-12-21T06:58:55","guid":{"rendered":"http:\/\/parafia.scinawa.info\/?p=1589"},"modified":"2020-12-21T07:58:55","modified_gmt":"2020-12-21T06:58:55","slug":"intencje-mszalne-20-12-27-12-2020","status":"publish","type":"post","link":"http:\/\/parafia.scinawa.info\/index.php\/2020\/12\/21\/intencje-mszalne-20-12-27-12-2020\/","title":{"rendered":"INTENCJE MSZALNE 20.12. \u2013 27.12. 2020"},"content":{"rendered":"\n<p><strong><em>Sk\u0142adaj\u0105c\nOfiar\u0119, kt\u00f3ra nam przypomina niezmierzon\u0105 mi\u0142o\u015b\u0107 Twojego Syna, pokornie prosimy\nCi\u0119, Bo\u017ce, przyjmij intencje Twoich wiernych i spraw przez dzia\u0142anie\nEucharystii, aby w naszych rodzinach wzrasta\u0142a prawdziwa wiara, \u015bwi\u0119to\u015b\u0107 \u017cycia,\nbraterska mi\u0142o\u015b\u0107 i duch modlitwy. <\/em><\/strong><strong>Niech\nMatka Naj\u015bwi\u0119tsza wyprosi \u0142aski, o kt\u00f3re modlili\u015bmy si\u0119 w tej Mszy \u015bw. dla \u2026\nZa\u015b zmar\u0142ym \u2026 za kt\u00f3rych odprawiali\u015bmy Msz\u0119 \u015bw.: wieczny odpoczynek racz im\nda\u0107 Panie (\u2026); niech odpoczywaj\u0105 w pokoju wiecznym. Amen<\/strong><\/p>\n\n\n\n<p><strong><em>20.12. &#8211;\nNIEDZIELA&nbsp; <\/em><\/strong><em><\/em><\/p>\n\n\n\n<p><strong>&nbsp;8.oo \u2013 1) <\/strong>+\ntragicznie c\u00f3rk\u0119 Ew\u0119 w 34 rocz. \u015bm. \u2013 modli si\u0119 mama i brat <\/p>\n\n\n\n<p><strong>&nbsp;&nbsp;&nbsp;&nbsp;&nbsp;&nbsp;&nbsp;&nbsp;&nbsp;&nbsp;&nbsp; &nbsp;\n2)<\/strong>\n<strong>+ Tomasza Ma\u017carskiego \u2013 gregorianka 20 \u2013\nmodli si\u0119 \u017cona<\/strong><\/p>\n\n\n\n<p><strong>&nbsp; 9.3o \u2013 <\/strong>&nbsp;&nbsp;++\nrodzic\u00f3w z obu stron: Juli\u0119 i Eugeniusza, Franciszk\u0119 i Adolfa, Stanis\u0142aw\u0119 oraz\nBarbar\u0119 <\/p>\n\n\n\n<p>&nbsp;&nbsp;&nbsp;&nbsp;&nbsp;&nbsp;&nbsp;&nbsp;&nbsp;&nbsp;&nbsp;&nbsp;&nbsp;&nbsp;&nbsp;&nbsp; i Henryka<\/p>\n\n\n\n<p><strong>11.oo\n\u2013 1)<\/strong> + Monik\u0119 Budzi\u0144sk\u0105, Franciszka Karczewskiego oraz\nMichalin\u0119 i W\u0142adys\u0142awa G\u00f3r\u00f3w <\/p>\n\n\n\n<p>&nbsp;&nbsp;&nbsp;&nbsp;&nbsp;&nbsp;&nbsp;&nbsp;&nbsp;&nbsp;&nbsp;&nbsp;&nbsp;&nbsp;&nbsp;&nbsp;&nbsp;&nbsp; \u2013 modli si\u0119 rodzina<strong> <\/strong><\/p>\n\n\n\n<p><strong>&nbsp;&nbsp;&nbsp;&nbsp;&nbsp;&nbsp;&nbsp;&nbsp;&nbsp;&nbsp;&nbsp; &nbsp;\n2) <\/strong>&nbsp;w intencji ks. Pra\u0142ata Adama z racji imienin dzi\u0119kczynna\nz pro\u015bb\u0105 o zdrowie, dary Ducha<\/p>\n\n\n\n<p>&nbsp;&nbsp;&nbsp;&nbsp;&nbsp;&nbsp;&nbsp;&nbsp;&nbsp;&nbsp;&nbsp;&nbsp;&nbsp;&nbsp;&nbsp;&nbsp; &nbsp;\u015awi\u0119tego, &nbsp;Bo\u017ce b\u0142ogos\u0142awie\u0144stwo i opiek\u0119 NMP<\/p>\n\n\n\n<p>&nbsp;&nbsp;&nbsp;&nbsp;&nbsp;&nbsp;&nbsp;&nbsp;&nbsp;&nbsp;&nbsp; &nbsp;&nbsp; <strong>3) <\/strong>++ Mari\u0119 i Piotra Poliwk\u00f3w oraz\nKatarzyn\u0119 i J\u00f3zefa Sobol\u00f3w<\/p>\n\n\n\n<p><strong>12.3o\n\u2013 1) <\/strong>w 1 rocz. urodzin Poli oraz za jej rodzic\u00f3w: Barbar\u0119\ni Macieja\ndzi\u0119kczynna z pro\u015bb\u0105 o zdrowie,<\/p>\n\n\n\n<p>&nbsp;&nbsp;&nbsp;&nbsp;\n&nbsp;&nbsp;&nbsp;&nbsp;&nbsp;&nbsp;&nbsp;&nbsp;&nbsp;&nbsp;&nbsp;&nbsp;&nbsp;dary Ducha \u015awi\u0119tego, &nbsp;Bo\u017ce b\u0142ogos\u0142awie\u0144stwo, opiek\u0119 NMP i \u015bw.\nPatron\u00f3w na dalsze lata <\/p>\n\n\n\n<p>&nbsp;&nbsp;&nbsp;&nbsp;&nbsp;&nbsp;&nbsp;&nbsp;&nbsp;&nbsp;&nbsp;&nbsp;&nbsp;&nbsp;&nbsp;&nbsp;&nbsp;&nbsp; \u017cycia \u2013 modli si\u0119 rodzina<\/p>\n\n\n\n<p><strong>&nbsp;&nbsp;&nbsp;&nbsp;&nbsp;&nbsp; 2)<\/strong> ++ z rodziny Wojciechowskich:\nStanis\u0142aw\u0119, J\u00f3zefa, Tadeusza, Wies\u0142awa i ++ z rodziny Rzymskich:<\/p>\n\n\n\n<p>&nbsp;&nbsp;&nbsp;&nbsp;&nbsp;\n&nbsp;&nbsp;&nbsp;&nbsp;&nbsp;&nbsp;&nbsp;S\u0142awomira, Piotra, Paulin\u0119, Krystyn\u0119 i dziadk\u00f3w\nz obu stron \u2013 modli si\u0119 Iwona z rodzin\u0105<\/p>\n\n\n\n<p>&nbsp;&nbsp;&nbsp;&nbsp;&nbsp;&nbsp;&nbsp;&nbsp;&nbsp;&nbsp;&nbsp;&nbsp;&nbsp;&nbsp;&nbsp;&nbsp;&nbsp;&nbsp;&nbsp;&nbsp;&nbsp;&nbsp;&nbsp;&nbsp;&nbsp;&nbsp;&nbsp;&nbsp;&nbsp;&nbsp;&nbsp;&nbsp;&nbsp;&nbsp;&nbsp; <strong><em>Chrzest\npo Mszy \u015bw. \u2013 Nadia Aleksandra Surma<\/em><\/strong><\/p>\n\n\n\n<p><strong>18.oo\n\u2013 <\/strong>+ Barbar\u0119 Lintner \u2013 gregorianka 20<strong> <\/strong>\u2013 modl\u0105 si\u0119\nrodzice<strong>&nbsp;\n&nbsp;<\/strong>&nbsp;<\/p>\n\n\n\n<p><strong><em>21.12. \u2013\nPONIEDZIA\u0141EK<\/em><\/strong><\/p>\n\n\n\n<p><strong>&nbsp; &nbsp;&nbsp;7.oo\n\u2013 <\/strong>&nbsp;+ Mariann\u0119 Kopacz \u2013 modli si\u0119 rodzina<\/p>\n\n\n\n<p><strong>18.oo\n\u2013 1)<\/strong> <strong>+ Tomasza\nMa\u017carskiego \u2013 gregorianka 21 \u2013 modli si\u0119 \u017cona <\/strong>&nbsp;<\/p>\n\n\n\n<p><strong>&nbsp;&nbsp;&nbsp;&nbsp;&nbsp;&nbsp;&nbsp;&nbsp;&nbsp;&nbsp;&nbsp; &nbsp;\n&nbsp;2)<\/strong> + Barbar\u0119 Lintner \u2013 gregorianka 21<strong> <\/strong>\u2013 modl\u0105 si\u0119 rodzice\n<\/p>\n\n\n\n<p><strong><em>22.12. &#8211; WTOREK<\/em><\/strong><em><\/em><\/p>\n\n\n\n<p><strong>&nbsp; 7.oo \u2013 <\/strong>+\nBarbar\u0119 Lintner \u2013 gregorianka 22<strong> <\/strong>\u2013 modl\u0105 si\u0119 rodzice<\/p>\n\n\n\n<p><strong>18.oo\n\u2013 1)<\/strong> <strong>+ Tomasza\nMa\u017carskiego \u2013 gregorianka 22 \u2013 modli si\u0119 \u017cona <\/strong>&nbsp;<\/p>\n\n\n\n<p><strong>&nbsp;&nbsp;&nbsp;&nbsp;&nbsp;&nbsp;&nbsp;&nbsp;&nbsp;&nbsp;&nbsp; &nbsp;\n&nbsp;2)<\/strong> + Mari\u0119 Doln\u0105 w 27 rocz. \u015bm. oraz ++ z rodziny Dolnych i W\u00f3jcik\u00f3w<\/p>\n\n\n\n<p><strong><em>23.12. \u2013 \u015aRODA <\/em><\/strong><\/p>\n\n\n\n<p><strong>&nbsp; 7.oo \u2013 1)<\/strong> <strong>+ Tomasza Ma\u017carskiego \u2013 gregorianka 23 \u2013 modli si\u0119 \u017cona\n<\/strong>&nbsp;<\/p>\n\n\n\n<p><strong>&nbsp;&nbsp;&nbsp;&nbsp;&nbsp;&nbsp;&nbsp;&nbsp;&nbsp;&nbsp;&nbsp; &nbsp;\n&nbsp;2)<\/strong> + Barbar\u0119 Lintner \u2013 gregorianka 23<strong> <\/strong>\u2013 modl\u0105 si\u0119 rodzice<strong><\/strong><\/p>\n\n\n\n<p><strong>18.oo\n\u2013&nbsp; intencja zbiorowa nowennowa:<\/strong><\/p>\n\n\n\n<p><strong>&nbsp;1)<\/strong> ++ Miko\u0142aja w\n11 rocz. \u015bm. i Stefani\u0119 Szeptyckich oraz ++ ich rodzic\u00f3w <\/p>\n\n\n\n<p><strong>&nbsp;2)<\/strong> ++ m\u0119\u017ca J\u00f3zefa w 18 rocz. \u015bm. oraz dusze\nw czy\u015b\u0107cu cierpi\u0105ce \u2013 modli si\u0119 \u017cona z dzie\u0107mi i wnukami<\/p>\n\n\n\n<p><strong>&nbsp;3)<\/strong> + W\u0142adys\u0142aw\u0119\nGumienn\u0105 \u2013 modli si\u0119 syn Kazimierz z rodzin\u0105<\/p>\n\n\n\n<p><strong>&nbsp;4)<\/strong> + Joann\u0119\nSt\u0119pie\u0144 &#8211;\n30 dzie\u0144 od pogrzebu \u2013 intencja od uczestnik\u00f3w Mszy pogrzebowej<\/p>\n\n\n\n<p><strong><em>24.12. \u2013\nCZWARTEK <\/em><\/strong><em>&nbsp;<\/em><\/p>\n\n\n\n<p><strong>&nbsp; 7.oo \u2013<\/strong> &nbsp;<strong>1)<\/strong> <strong>+ Tomasza Ma\u017carskiego \u2013\ngregorianka 24 \u2013 modli si\u0119 \u017cona <\/strong>&nbsp;<\/p>\n\n\n\n<p><strong>&nbsp;&nbsp;&nbsp;&nbsp;&nbsp;&nbsp;&nbsp;&nbsp;&nbsp;&nbsp;&nbsp; &nbsp;\n&nbsp;2)<\/strong> + Barbar\u0119 Lintner \u2013 gregorianka 24<strong> <\/strong>\u2013 modl\u0105 si\u0119 rodzice<strong><\/strong><\/p>\n\n\n\n<p><strong>20.3o\n\u2013 <\/strong>&nbsp;<\/p>\n\n\n\n<p><strong>22.oo\n\u2013 1) <\/strong>+ m\u0119\u017ca Jana Gitlera, ++ rodzic\u00f3w: Genowef\u0119 i Lucjana\nZiernickich oraz rodze\u0144stwo:<\/p>\n\n\n\n<p>&nbsp;&nbsp;&nbsp;&nbsp;&nbsp;&nbsp;&nbsp;&nbsp;&nbsp;&nbsp;&nbsp;&nbsp;&nbsp;&nbsp;&nbsp;&nbsp;&nbsp; &nbsp;Mieczys\u0142aw\u0119, Wies\u0142aw\u0119, Mariana i Jerzego \u2013\nmodli si\u0119 rodzina<\/p>\n\n\n\n<p><strong>2)<\/strong> w 50 rocz. \u015blubu Ireny i Zygmunta Ciach\u00f3w dzi\u0119kczynna z pro\u015bb\u0105 o zdrowie,\ndary Ducha \u015awi\u0119tego, &nbsp;Bo\u017ce\nb\u0142ogos\u0142awie\u0144stwo, opiek\u0119 NMP i \u015bw. Patron\u00f3w na dalsze lata \u017cycia \u2013 modl\u0105 si\u0119\ndzieci i wnuki<\/p>\n\n\n\n<p><strong>24.oo\n\u2013 1) za Parafian<\/strong><\/p>\n\n\n\n<p><strong>&nbsp;&nbsp;&nbsp;&nbsp;&nbsp;&nbsp;&nbsp;&nbsp;&nbsp;&nbsp;&nbsp; &nbsp;\n2)<\/strong> ++ J\u00f3zef\u0119 Dro\u0144 w 18 rocz.\n\u015bm. i Adama z racji ziemskich imienin oraz W\u0142adys\u0142aw\u0119 <\/p>\n\n\n\n<p>&nbsp;&nbsp;&nbsp;&nbsp;&nbsp;&nbsp;&nbsp;&nbsp;&nbsp;&nbsp;&nbsp;&nbsp;&nbsp;&nbsp;&nbsp;&nbsp;&nbsp;&nbsp; Laszczy\u0144sk\u0105 w 5 rocz. \u015bm. \u2013\nmodl\u0105 si\u0119 c\u00f3rki i siostry<\/p>\n\n\n\n<p><strong><em>25.12.\n\u2013 PI\u0104TEK \u2013 BO\u017bE NARODZENIE<\/em><\/strong><\/p>\n\n\n\n<p><strong>&nbsp;&nbsp;9.3o \u2013 <\/strong>&nbsp;&nbsp;<\/p>\n\n\n\n<p><strong>11.oo\n\u2013 1) + Tomasza Ma\u017carskiego \u2013 gregorianka 25 \u2013 modli si\u0119 \u017cona<\/strong><\/p>\n\n\n\n<p><strong>&nbsp;&nbsp;&nbsp;&nbsp;&nbsp;&nbsp;&nbsp;&nbsp;&nbsp;&nbsp;&nbsp; &nbsp;\n2) <\/strong>++ syna Jana Mariasika w 4\nrocz. \u015bm. oraz&nbsp; Stanis\u0142awa, Jadwig\u0119, Bogus\u0142awa,\nCzes\u0142awa <\/p>\n\n\n\n<p>&nbsp;&nbsp;&nbsp;&nbsp;&nbsp;&nbsp;&nbsp;&nbsp;&nbsp;&nbsp;&nbsp;&nbsp;&nbsp;&nbsp;&nbsp;&nbsp;&nbsp; i ++ z rodziny\nPi\u0105tk\u00f3w i Wo\u0142owc\u00f3w \u2013 modli si\u0119 rodzina <\/p>\n\n\n\n<p><strong>12.3o\n\u2013 1) <\/strong>w 17 rocz. urodzin Dawida dzi\u0119kczynna\nza otrzymane \u0142aski z pro\u015bb\u0105 o zdrowie, dary Ducha <\/p>\n\n\n\n<p>&nbsp;&nbsp;&nbsp;&nbsp;&nbsp;&nbsp;&nbsp;&nbsp;&nbsp;&nbsp; &nbsp;\u015awi\u0119tego, &nbsp;Bo\u017ce b\u0142ogos\u0142awie\u0144stwo, opiek\u0119 NMP i wyb\u00f3r\ndobrej drogi \u017cyciowej \u2013 modl\u0105 si\u0119 rodzice<\/p>\n\n\n\n<p><strong>&nbsp;&nbsp;&nbsp;&nbsp;&nbsp;&nbsp;&nbsp;&nbsp;&nbsp;&nbsp;&nbsp; &nbsp;\n2)<\/strong> ++ Wies\u0142awa Cichut\u0119, Aleksandr\u0119 i W\u0142adys\u0142awa\nCichut\u00f3w oraz ++ z rodziny Ochap\u00f3w \u2013 modl\u0105 <\/p>\n\n\n\n<p>&nbsp;&nbsp;&nbsp;&nbsp;&nbsp;&nbsp;&nbsp;&nbsp;&nbsp;&nbsp;&nbsp;&nbsp;&nbsp;&nbsp;&nbsp;&nbsp;&nbsp; si\u0119 bracia: Przemys\u0142aw i\nTomasz, siostra Beata, rodzice i najbli\u017csza rodzina<\/p>\n\n\n\n<p><strong>18.oo\n\u2013<\/strong>\n+ Barbar\u0119 Lintner \u2013 gregorianka 25\u2013 modl\u0105 si\u0119 rodzice<\/p>\n\n\n\n<p><strong><em>26.12.\n\u2013 SOBOTA &#8211; \u015aWI\u0118TEGO SZCZEPANA<\/em><\/strong><\/p>\n\n\n\n<p><strong>&nbsp; 8.oo \u2013 1) + Tomasza Ma\u017carskiego \u2013 gregorianka\n26 \u2013 modli si\u0119 \u017cona<\/strong>&nbsp; <\/p>\n\n\n\n<p><strong>&nbsp;&nbsp;&nbsp;&nbsp;&nbsp;&nbsp;&nbsp; 2)<\/strong> ++ rodzic\u00f3w: J\u00f3zefa i Kazimier\u0119, Stanis\u0142awa i\nW\u0142adys\u0142aw\u0119 Szymczak\u00f3w, ++ dziadk\u00f3w: Stanis\u0142awa <\/p>\n\n\n\n<p>&nbsp;&nbsp; &nbsp;&nbsp;&nbsp;&nbsp;&nbsp;&nbsp;&nbsp;&nbsp;&nbsp;i Weronik\u0119 Jakubowicz\u00f3w oraz + Maryl\u0119\nSta\u0144czyk z domu Szymczak \u2013 modl\u0105 si\u0119 dzieci z rodzin\u0105<\/p>\n\n\n\n<p><strong>&nbsp; 9.3o \u2013 <\/strong>&nbsp;+\nBarbar\u0119 Lintner \u2013 gregorianka 26\u2013 modl\u0105 si\u0119 rodzice <\/p>\n\n\n\n<p><strong>11.oo\n\u2013 1) <\/strong>w 25 rocz. \u015blubu Liliany i\nJakuba \u017bebrowskich dzi\u0119kczynna za otrzymane \u0142aski z pro\u015bb\u0105\n<\/p>\n\n\n\n<p>&nbsp;&nbsp;&nbsp;&nbsp;&nbsp;&nbsp;&nbsp;&nbsp;&nbsp;&nbsp;&nbsp;&nbsp;&nbsp;&nbsp;&nbsp;&nbsp;&nbsp; o zdrowie, Bo\u017ce\nb\u0142ogos\u0142awie\u0144stwo, opiek\u0119 NMP na dalsze lata \u017cycia \u2013 modl\u0105 si\u0119 rodzice<\/p>\n\n\n\n<p><strong>&nbsp;&nbsp;&nbsp;&nbsp;&nbsp;&nbsp;&nbsp;&nbsp;&nbsp;&nbsp;&nbsp; &nbsp;\n2) <\/strong>&nbsp;w 50 rocz. \u015blubu Aliny i Tadeusza Buczy\u0144skich\ndzi\u0119kczynna za otrzymane \u0142aski z pro\u015bb\u0105 <\/p>\n\n\n\n<p>&nbsp;&nbsp;&nbsp;&nbsp;&nbsp;&nbsp;&nbsp;&nbsp;&nbsp;&nbsp;&nbsp;&nbsp;&nbsp;&nbsp;&nbsp;&nbsp;&nbsp; o zdrowie, Bo\u017ce\nb\u0142ogos\u0142awie\u0144stwo, opiek\u0119 NMP na dalsze lata \u017cycia \u2013 modl\u0105 si\u0119 dzieci i wnuki<\/p>\n\n\n\n<p><strong>12.3o\n\u2013 1) <\/strong>zaj. P. Ca\u0142a<\/p>\n\n\n\n<p><strong>&nbsp;&nbsp;&nbsp;&nbsp;&nbsp;&nbsp;&nbsp;&nbsp;&nbsp;&nbsp;&nbsp; &nbsp;\n2)<\/strong> w 50 rocz. urodzin Agnieszki dzi\u0119kczynna za\notrzymane \u0142aski z pro\u015bb\u0105 o zdrowie, Bo\u017ce <\/p>\n\n\n\n<p>&nbsp;&nbsp;&nbsp;&nbsp;&nbsp;&nbsp;&nbsp;&nbsp;&nbsp;&nbsp;&nbsp;&nbsp;&nbsp;&nbsp;&nbsp;&nbsp;&nbsp; b\u0142ogos\u0142awie\u0144stwo, opiek\u0119 NMP na\ndalsze lata \u017cycia \u2013 modli si\u0119 rodzina<\/p>\n\n\n\n<p><strong>18.oo\n\u2013<\/strong>\n&nbsp;+ m\u0119\u017ca J\u00f3zefa Lisa \u2013 modli si\u0119 zona z\ndzie\u0107mi<\/p>\n\n\n\n<p><strong><em>27.12.\n\u2013 NIEDZIELA&nbsp; <\/em><\/strong><\/p>\n\n\n\n<p><strong>&nbsp; 8.oo \u2013 1) <\/strong>&nbsp;dzi\u0119kczynna za otrzymane \u0142aski z pro\u015bb\u0105 o\nzdrowie, Bo\u017ce b\u0142ogos\u0142awie\u0144stwo, opiek\u0119 NMP <\/p>\n\n\n\n<p>&nbsp;&nbsp;&nbsp;&nbsp;&nbsp;&nbsp;&nbsp;&nbsp;&nbsp;&nbsp;&nbsp;&nbsp;&nbsp;&nbsp;&nbsp;&nbsp;&nbsp; dla rodziny \u2013 modli si\u0119\nJanina<\/p>\n\n\n\n<p><strong>&nbsp;&nbsp;&nbsp;&nbsp;&nbsp;&nbsp;&nbsp;&nbsp;&nbsp;&nbsp;&nbsp; &nbsp;\n2)<\/strong> + Helen\u0119 Kowalska w 30 dzie\u0144 od \u015bmierci \u2013 modli si\u0119\nrodzina<\/p>\n\n\n\n<p><strong>&nbsp; 9.3o \u2013 <\/strong>&nbsp;int. P. Szpularz <\/p>\n\n\n\n<p><strong>11.oo\n\u2013 1)<\/strong> <strong>+\nTomasza Ma\u017carskiego \u2013 gregorianka 27 \u2013 modli si\u0119 \u017cona <\/strong>&nbsp;<\/p>\n\n\n\n<p><strong>&nbsp;&nbsp;&nbsp;&nbsp;&nbsp;&nbsp;&nbsp;&nbsp;&nbsp;&nbsp;&nbsp; &nbsp;\n&nbsp;2)<\/strong> + Barbar\u0119 Lintner \u2013 gregorianka 27<strong> <\/strong>\u2013 modl\u0105 si\u0119 rodzice<strong>\n<\/strong>&nbsp;<\/p>\n\n\n\n<p>&nbsp;&nbsp;&nbsp;&nbsp;&nbsp;&nbsp;&nbsp;&nbsp;&nbsp;&nbsp;&nbsp; &nbsp; <strong>&nbsp;3)<\/strong> ++ rodzic\u00f3w: Jana i J\u00f3zef\u0119, te\u015bci\u00f3w:\nMagdalen\u0119 i Alojzego oraz m\u0119\u017ca Jana w 20 rocz. \u015bm. <\/p>\n\n\n\n<p><strong>12.3o\n\u2013 1)<\/strong> ++ rodzic\u00f3w: Mari\u0119 w 5 rocz. \u015bm.<strong> <\/strong>i Leona w 18 rocz. \u015bm. Bilewicz\u00f3w, ++ dziadk\u00f3w z obu stron <\/p>\n\n\n\n<p>&nbsp;&nbsp;&nbsp;&nbsp;&nbsp;&nbsp;&nbsp;&nbsp;&nbsp;&nbsp;&nbsp;&nbsp;&nbsp;&nbsp;&nbsp;&nbsp;&nbsp;&nbsp; oraz ++ z\nrodziny Bilewicz\u00f3w, Solickich, Grzelc\u00f3w, Radzimskich \u2013 modli si\u0119 rodzina<\/p>\n\n\n\n<p><strong>&nbsp;&nbsp;&nbsp;&nbsp;&nbsp;&nbsp;&nbsp;&nbsp;&nbsp;&nbsp;&nbsp; &nbsp;\n2)<\/strong> ++ rodzic\u00f3w: Mari\u0119 i Jana Cirog\u00f3w oraz ++ z rodziny\n\u2013 modli si\u0119 syn Micha\u0142 z rodzin\u0105<\/p>\n\n\n\n<p>&nbsp;&nbsp;&nbsp;&nbsp;&nbsp;&nbsp;&nbsp;&nbsp;&nbsp;&nbsp;&nbsp; &nbsp;<strong>&nbsp;3)<\/strong> ++ rodzic\u00f3w: Edwarda i Katarzyn\u0119<\/p>\n\n\n\n<p>&nbsp;&nbsp;&nbsp;&nbsp;&nbsp;&nbsp;&nbsp;&nbsp;&nbsp;&nbsp;&nbsp;&nbsp;&nbsp;&nbsp;&nbsp;&nbsp;&nbsp;&nbsp;&nbsp;&nbsp;&nbsp;&nbsp;&nbsp;&nbsp;&nbsp;&nbsp;&nbsp;&nbsp;&nbsp;&nbsp;&nbsp;&nbsp;&nbsp;&nbsp;&nbsp; <strong><em>Chrzest po Mszy: Ewa Maria\nPyra<\/em><\/strong><\/p>\n\n\n\n<p><strong>18.oo\n\u2013 &nbsp;1)<\/strong> dzi\u0119kczynna w intencji Panu Bogu wiadomej<strong>\n<\/strong>&nbsp;<\/p>\n\n\n\n<p><strong>&nbsp;&nbsp;&nbsp;&nbsp;&nbsp;&nbsp;&nbsp;&nbsp;&nbsp;&nbsp;&nbsp; &nbsp;\n&nbsp;2)<\/strong>\nw 8 rocz. urodzin Szymona dzi\u0119kczynna z pro\u015bb\u0105 o zdrowie, dary Ducha \u015awi\u0119tego, &nbsp;Bo\u017ce<\/p>\n\n\n\n<p>&nbsp;&nbsp;&nbsp;&nbsp;&nbsp;&nbsp;&nbsp;&nbsp;&nbsp;&nbsp;&nbsp;&nbsp;&nbsp;&nbsp;&nbsp;&nbsp;&nbsp; &nbsp;b\u0142ogos\u0142awie\u0144stwo, opiek\u0119 NMP \u2013 modl\u0105 si\u0119 rodzice<\/p>\n","protected":false},"excerpt":{"rendered":"<p>Sk\u0142adaj\u0105c Ofiar\u0119, kt\u00f3ra nam przypomina niezmierzon\u0105 mi\u0142o\u015b\u0107 Twojego Syna, pokornie prosimy Ci\u0119, Bo\u017ce, przyjmij intencje Twoich wiernych i spraw przez dzia\u0142anie Eucharystii, aby w naszych rodzinach wzrasta\u0142a prawdziwa wiara, \u015bwi\u0119to\u015b\u0107 \u017cycia, braterska mi\u0142o\u015b\u0107 i duch modlitwy. Niech Matka Naj\u015bwi\u0119tsza wyprosi \u0142aski, o kt\u00f3re modlili\u015bmy si\u0119 w tej Mszy \u015bw. dla&#8230; <a class=\"continue-reading-link\" href=\"http:\/\/parafia.scinawa.info\/index.php\/2020\/12\/21\/intencje-mszalne-20-12-27-12-2020\/\">Czytaj dalej <span class=\"meta-nav\">&rarr; <\/span><\/a><\/p>\n","protected":false},"author":2,"featured_media":0,"comment_status":"closed","ping_status":"closed","sticky":false,"template":"","format":"standard","meta":{"footnotes":""},"categories":[39],"tags":[],"class_list":["post-1589","post","type-post","status-publish","format-standard","hentry","category-intencje"],"_links":{"self":[{"href":"http:\/\/parafia.scinawa.info\/index.php\/wp-json\/wp\/v2\/posts\/1589","targetHints":{"allow":["GET"]}}],"collection":[{"href":"http:\/\/parafia.scinawa.info\/index.php\/wp-json\/wp\/v2\/posts"}],"about":[{"href":"http:\/\/parafia.scinawa.info\/index.php\/wp-json\/wp\/v2\/types\/post"}],"author":[{"embeddable":true,"href":"http:\/\/parafia.scinawa.info\/index.php\/wp-json\/wp\/v2\/users\/2"}],"replies":[{"embeddable":true,"href":"http:\/\/parafia.scinawa.info\/index.php\/wp-json\/wp\/v2\/comments?post=1589"}],"version-history":[{"count":1,"href":"http:\/\/parafia.scinawa.info\/index.php\/wp-json\/wp\/v2\/posts\/1589\/revisions"}],"predecessor-version":[{"id":1590,"href":"http:\/\/parafia.scinawa.info\/index.php\/wp-json\/wp\/v2\/posts\/1589\/revisions\/1590"}],"wp:attachment":[{"href":"http:\/\/parafia.scinawa.info\/index.php\/wp-json\/wp\/v2\/media?parent=1589"}],"wp:term":[{"taxonomy":"category","embeddable":true,"href":"http:\/\/parafia.scinawa.info\/index.php\/wp-json\/wp\/v2\/categories?post=1589"},{"taxonomy":"post_tag","embeddable":true,"href":"http:\/\/parafia.scinawa.info\/index.php\/wp-json\/wp\/v2\/tags?post=1589"}],"curies":[{"name":"wp","href":"https:\/\/api.w.org\/{rel}","templated":true}]}}