{"id":1591,"date":"2020-12-21T08:00:27","date_gmt":"2020-12-21T07:00:27","guid":{"rendered":"http:\/\/parafia.scinawa.info\/?p=1591"},"modified":"2020-12-21T08:00:27","modified_gmt":"2020-12-21T07:00:27","slug":"ogloszenia-duszpasterskie-4-niedziela-adwentu-20-12-2020","status":"publish","type":"post","link":"http:\/\/parafia.scinawa.info\/index.php\/2020\/12\/21\/ogloszenia-duszpasterskie-4-niedziela-adwentu-20-12-2020\/","title":{"rendered":"Og\u0142oszenia duszpasterskie    4 Niedziela Adwentu \u2013 20. 12. 2020"},"content":{"rendered":"\n<p><strong>1<\/strong><strong>.<\/strong> Dzi\u015b prze\u017cywamy\n<strong><em>4 Niedziel\u0119\nAdwentu<\/em><\/strong>. Msze\n\u015bw. wed\u0142ug porz\u0105dku niedzielnego.&nbsp; <\/p>\n\n\n\n<p><strong>2<\/strong><strong>. <\/strong>Codziennie\nspowied\u017a i adoracja Naj\u015bwi\u0119tszego Sakramentu o godz. <strong>17<sup>00<\/sup>.<\/strong><\/p>\n\n\n\n<p><strong>3<\/strong>.\nOd poniedzia\u0142ku do \u015brody Msze o <strong>7<sup>00<\/sup><\/strong> i <strong>18<sup>00<\/sup><\/strong> oraz\n&nbsp;w \u015brod\u0119 zako\u0144czenie rorat o godz. <strong>18<sup>00<\/sup>.<\/strong><\/p>\n\n\n\n<p><strong>4<\/strong><strong>. W poniedzia\u0142ek o&nbsp; 17<sup>30<\/sup> nabo\u017ce\u0144stwo do Bo\u017cego\nMi\u0142osierdzia. <\/strong>(Na stoliku pod ch\u00f3rem znajduj\u0105 si\u0119\nkartki, na kt\u00f3rych mo\u017cna wypisywa\u0107 pro\u015bby i podzi\u0119kowania, kt\u00f3re b\u0119dziemy\npoleca\u0107 Bo\u017cemu Mi\u0142osierdziu).<strong><\/strong><\/p>\n\n\n\n<p><strong>5.<\/strong><strong> <\/strong>W\n\u015brod\u0119 Nowenna do NMP Nieustaj\u0105cej Pomocy o godz. <strong>17<sup>30<\/sup><\/strong>.<\/p>\n\n\n\n<p><strong>6.<\/strong><strong><em>\nW czwartek Msza rano o <\/em><\/strong><strong>7<sup>00<\/sup><\/strong><strong><em>\n, a wieczorem zasiadamy do wieczerzy wigilijnej, a po niej Msze Pasterki w\nnaszej Parafii wed\u0142ug nast\u0119puj\u0105cego planu<\/em><\/strong>: <strong>20<sup>30<\/sup><\/strong><strong>, &nbsp;22<sup>00<\/sup> i 24<sup>00<\/sup> w \u015acinawie, a w R\u0119szowie\no 20<sup>30<\/sup>. &nbsp;<\/strong>Ofiary z tacy z pasterek przeznaczone s\u0105\nna \u201eFundusz Ochrony \u017bycia\u201d.<\/p>\n\n\n\n<p><strong>7<\/strong><strong>.<\/strong> <strong><em>W pi\u0105tek,\nczyli w Bo\u017ce Narodzenie<\/em><\/strong>&nbsp; porz\u0105dek\nMszy \u015bw. jest nast\u0119puj\u0105cy: <strong>9<sup>30<\/sup><\/strong>,\n<strong>11<sup>00<\/sup><\/strong>; <strong>12<sup>30 <\/sup><\/strong>i <strong>18<sup>00<\/sup><\/strong> w\n\u015acinawie,<strong> w R\u0119szowie o 9<sup>30<\/sup>.<\/strong><\/p>\n\n\n\n<p><strong>8<\/strong><strong>.<\/strong>\n<strong><em>W sobot\u0119, drugi dzie\u0144 \u015awi\u0105t, czyli w &nbsp;\u015bw. Szczepana,<\/em><\/strong> porz\u0105dek Mszy \u015bw. niedzielny: <strong>8<sup>00; <\/sup>9<sup>30<\/sup>,\n11<sup>00<\/sup><\/strong>; <strong>12<sup>30 <\/sup><\/strong>i <strong>18<sup>00<\/sup><\/strong>\nw \u015acinawie, <strong>9<sup>30<\/sup><\/strong> \u2013 w R\u0119szowie. W drugi dzie\u0144 \u015bwiat ofiary\ntradycyjnie zbierane s\u0105 na Uczelnie katolickie. Po\u015bwi\u0119cenie owsa. <\/p>\n\n\n\n<p><strong>9<\/strong><strong>. <\/strong>W przysz\u0142\u0105 niedziel\u0119 b\u0119dziemy prze\u017cywa\u0107 <strong><em>Niedziel\u0119 \u015awi\u0119tej Rodziny<\/em><\/strong>:\nJezusa, Maryi i J\u00f3zefa Msze \u015bw. wed\u0142ug\nporz\u0105dku niedzielnego. W tym dniu chcemy pami\u0119ta\u0107 w modlitwach o wszystkich\nrodzinach naszej parafii. <\/p>\n\n\n\n<p><strong>10<\/strong><strong>.<\/strong>\nKancelaria czynna codziennie po Mszy \u015bw. wieczornej z wyj\u0105tkiem niedziel,\nuroczysto\u015bci i \u015bwi\u0105t.<\/p>\n\n\n\n<p><strong>11<\/strong><strong>.<\/strong>\nDo nabycia jest prasa katolicka: Niedziela, Go\u015b\u0107 Niedzielny i R\u00f3\u017caniec. <\/p>\n\n\n\n<p><strong>12<\/strong><strong>.<\/strong>\nDzi\u0119kuj\u0119 wszystkim, kt\u00f3rzy w tym tygodniu sprz\u0105tali \u015bwi\u0105tyni\u0119 i przygotowali j\u0105\nna nasze spotkanie eucharystyczne.<\/p>\n\n\n\n<p><strong>13<\/strong><strong>.<\/strong>\nSerdeczne B\u00f3g zap\u0142a\u0107 za ofiary sk\u0142adane na remonty w naszej parafii. <\/p>\n\n\n\n<p><strong>14<\/strong><strong>.<\/strong>\nIntencje mszalne, obrazki \u2013 pami\u0105tki odprawionej Mszy \u015bw.<\/p>\n\n\n\n<p><strong>15<\/strong><strong>.<\/strong>\n\u015awiece wigilijne jako \u201eWigilijne Dzie\u0142o Pomocy Dzieciom\u201d. <strong>Ma\u0142a \u015bwieca 6 z\u0142, a du\u017ca 15 z\u0142<\/strong>, &nbsp;tak\u017ce kartki \u015bwi\u0105teczne, kalendarze parafialne.<\/p>\n\n\n\n<p><strong><em>\u017byczymy\nmi\u0142ego tygodnia i obfitych \u0142ask Bo\u017cych.<\/em><\/strong><strong><\/strong><\/p>\n","protected":false},"excerpt":{"rendered":"<p>1. Dzi\u015b prze\u017cywamy 4 Niedziel\u0119 Adwentu. Msze \u015bw. wed\u0142ug porz\u0105dku niedzielnego.&nbsp; 2. Codziennie spowied\u017a i adoracja Naj\u015bwi\u0119tszego Sakramentu o godz. 1700. 3. Od poniedzia\u0142ku do \u015brody Msze o 700 i 1800 oraz &nbsp;w \u015brod\u0119 zako\u0144czenie rorat o godz. 1800. 4. W poniedzia\u0142ek o&nbsp; 1730 nabo\u017ce\u0144stwo do Bo\u017cego Mi\u0142osierdzia. (Na stoliku&#8230; <a class=\"continue-reading-link\" href=\"http:\/\/parafia.scinawa.info\/index.php\/2020\/12\/21\/ogloszenia-duszpasterskie-4-niedziela-adwentu-20-12-2020\/\">Czytaj dalej <span class=\"meta-nav\">&rarr; <\/span><\/a><\/p>\n","protected":false},"author":2,"featured_media":0,"comment_status":"closed","ping_status":"closed","sticky":false,"template":"","format":"standard","meta":{"footnotes":""},"categories":[40],"tags":[],"class_list":["post-1591","post","type-post","status-publish","format-standard","hentry","category-ogloszenia-duszpasterskie"],"_links":{"self":[{"href":"http:\/\/parafia.scinawa.info\/index.php\/wp-json\/wp\/v2\/posts\/1591","targetHints":{"allow":["GET"]}}],"collection":[{"href":"http:\/\/parafia.scinawa.info\/index.php\/wp-json\/wp\/v2\/posts"}],"about":[{"href":"http:\/\/parafia.scinawa.info\/index.php\/wp-json\/wp\/v2\/types\/post"}],"author":[{"embeddable":true,"href":"http:\/\/parafia.scinawa.info\/index.php\/wp-json\/wp\/v2\/users\/2"}],"replies":[{"embeddable":true,"href":"http:\/\/parafia.scinawa.info\/index.php\/wp-json\/wp\/v2\/comments?post=1591"}],"version-history":[{"count":1,"href":"http:\/\/parafia.scinawa.info\/index.php\/wp-json\/wp\/v2\/posts\/1591\/revisions"}],"predecessor-version":[{"id":1592,"href":"http:\/\/parafia.scinawa.info\/index.php\/wp-json\/wp\/v2\/posts\/1591\/revisions\/1592"}],"wp:attachment":[{"href":"http:\/\/parafia.scinawa.info\/index.php\/wp-json\/wp\/v2\/media?parent=1591"}],"wp:term":[{"taxonomy":"category","embeddable":true,"href":"http:\/\/parafia.scinawa.info\/index.php\/wp-json\/wp\/v2\/categories?post=1591"},{"taxonomy":"post_tag","embeddable":true,"href":"http:\/\/parafia.scinawa.info\/index.php\/wp-json\/wp\/v2\/tags?post=1591"}],"curies":[{"name":"wp","href":"https:\/\/api.w.org\/{rel}","templated":true}]}}