{"id":1593,"date":"2020-12-24T14:23:31","date_gmt":"2020-12-24T13:23:31","guid":{"rendered":"http:\/\/parafia.scinawa.info\/?p=1593"},"modified":"2020-12-24T14:23:31","modified_gmt":"2020-12-24T13:23:31","slug":"zyczenia-swiateczne-i-noworoczne","status":"publish","type":"post","link":"http:\/\/parafia.scinawa.info\/index.php\/2020\/12\/24\/zyczenia-swiateczne-i-noworoczne\/","title":{"rendered":"\u017bYCZENIA \u015aWI\u0104TECZNE I NOWOROCZNE"},"content":{"rendered":"\n<p><strong><em>&nbsp;&nbsp;&nbsp;&nbsp;&nbsp;&nbsp;&nbsp;&nbsp; \u201eRadujcie&nbsp;si\u0119 zawsze w Panu;\njeszcze raz powtarzam: radujcie si\u0119! Niech b\u0119dzie znana wszystkim ludziom wasza\nwyrozumia\u0142a \u0142agodno\u015b\u0107: Pan jest blisko! O nic si\u0119 ju\u017c zbytnio nie troskajcie,\nale w ka\u017cdej sprawie wasze pro\u015bby przedstawiajcie Bogu w modlitwie i b\u0142aganiu z\ndzi\u0119kczynieniem! A pok\u00f3j Bo\u017cy, kt\u00f3ry przewy\u017csza wszelki umys\u0142, b\u0119dzie strzeg\u0142 waszych\nserc i my\u015bli w Chrystusie Jezusie\u201d (Flp 4,4-7)&nbsp;<\/em><\/strong><strong><\/strong><\/p>\n\n\n\n<p><strong>Drodzy\nParafianie,<\/strong><strong><\/strong><\/p>\n\n\n\n<p><strong>S\u0142owo\nsta\u0142o si\u0119 cia\u0142em i zamieszka\u0142o mi\u0119dzy nami! W ko\u0144cz\u0105cym si\u0119 roku 2020, w tym\nprzed\u0142u\u017caj\u0105cym si\u0119 czasie do\u015bwiadczenia pandemii, sk\u0142adam Wam najserdeczniejsze\n\u017cyczenia na \u015awi\u0119ta Narodzenia Pa\u0144skiego i na Nowy Rok Pa\u0144ski 2021.<\/strong><strong><\/strong><\/p>\n\n\n\n<p><strong>S\u0105\nto przede wszystkim \u017cyczenia g\u0142\u0119bokiej, autentycznej rado\u015bci. W sytuacji, gdy\nwcale nie jest nam do \u015bmiechu, gdy wok\u00f3\u0142 tyle niepewno\u015bci, l\u0119ku, zmartwie\u0144,\ncierpienia oraz \u017calu z powodu \u015bmierci bliskich os\u00f3b, przypominamy sobie\n\u017cyczenia rado\u015bci napisane do Filipian przez \u015bw. Paw\u0142a Aposto\u0142a. On pisa\u0142 te\ns\u0142owa w sytuacji \u017cyciowego lockdownu, unieruchomiony w wi\u0119zieniu, prze\u015bladowany\nza swoj\u0105 wiar\u0119, za Ewangeli\u0119 \u2013 Radosn\u0105 Nowin\u0119.<\/strong><\/p>\n\n\n\n<p><strong>&nbsp;Jaki\njest sekret jego rado\u015bci? \u201eRadujcie si\u0119 w Panu\u201d powtarza dwukrotnie w swoim\nli\u015bcie.<\/strong><strong> <\/strong><strong>To\nrado\u015b\u0107 kwalifikowana, czyli rado\u015b\u0107 pomimo trudno\u015bci, problem\u00f3w, cierpienia,\nniezadowolenia z aktualnej sytuacji, \u017cyciowych okoliczno\u015bci. To zatem rado\u015b\u0107\npolegaj\u0105ca na z\u0142o\u017ceniu ufno\u015bci&nbsp;w Bogu, kt\u00f3ry trzyma scenariusz dziej\u00f3w\nnaszych i \u015bwiata w swojej r\u0119ce, pomimo pi\u0119trz\u0105cych si\u0119 w \u017cyciu trudno\u015bci,\nproblem\u00f3w i naszej wobec nich bezradno\u015bci, \u017cyciowego przygn\u0119bienia.<\/strong><strong><\/strong><\/p>\n\n\n\n<p><strong>Niech\nNowonarodzony Chrystus, prawdziwy B\u00f3g i prawdziwy Cz\u0142owiek, kt\u00f3ry przyj\u0105\u0142 wszystkie\ns\u0142abo\u015bci, n\u0119dze, ograniczenia ludzkiej natury opr\u00f3cz grzechu, b\u0119dzie dla Was w\ntym trudnym czasie pandemii \u017ar\u00f3d\u0142em autentycznej rado\u015bci w Panu Bogu. Tylko ta\nrado\u015b\u0107 przynosi autentyczny pok\u00f3j serca i niewzruszon\u0105 nadziej\u0119 na dobr\u0105\nprzysz\u0142o\u015b\u0107 wype\u0142nion\u0105 nowymi perspektywami.<\/strong><strong><\/strong><\/p>\n\n\n\n<p><strong><em>\u017b<\/em><\/strong><strong>ycz\u0119 Wam i Waszym Bliskim cudu Narodzenia si\u0119\nChrystusa w Waszych sercach<\/strong><strong> <\/strong><strong>i\nB\u0142ogos\u0142awionego, wype\u0142nionego \u0142askami Bo\u017cymi Nowego Roku Pa\u0144skiego 2021 oraz\nduchowo prze\u0142amuj\u0119 si\u0119 op\u0142atkiem z Ka\u017cdym i Ka\u017cd\u0105 z Was.<\/strong><strong><\/strong><\/p>\n\n\n\n<p><strong>Duszpasterze<\/strong><\/p>\n\n\n\n<p><strong>ks. Andrzej P\u0142awiak&nbsp;<\/strong><\/p>\n\n\n\n<p><strong>ks. Tomasz Kliszcz<\/strong><strong><\/strong><\/p>\n","protected":false},"excerpt":{"rendered":"<p>&nbsp;&nbsp;&nbsp;&nbsp;&nbsp;&nbsp;&nbsp;&nbsp; \u201eRadujcie&nbsp;si\u0119 zawsze w Panu; jeszcze raz powtarzam: radujcie si\u0119! Niech b\u0119dzie znana wszystkim ludziom wasza wyrozumia\u0142a \u0142agodno\u015b\u0107: Pan jest blisko! O nic si\u0119 ju\u017c zbytnio nie troskajcie, ale w ka\u017cdej sprawie wasze pro\u015bby przedstawiajcie Bogu w modlitwie i b\u0142aganiu z dzi\u0119kczynieniem! A pok\u00f3j Bo\u017cy, kt\u00f3ry przewy\u017csza wszelki umys\u0142, b\u0119dzie&#8230; <a class=\"continue-reading-link\" href=\"http:\/\/parafia.scinawa.info\/index.php\/2020\/12\/24\/zyczenia-swiateczne-i-noworoczne\/\">Czytaj dalej <span class=\"meta-nav\">&rarr; <\/span><\/a><\/p>\n","protected":false},"author":2,"featured_media":0,"comment_status":"closed","ping_status":"closed","sticky":false,"template":"","format":"standard","meta":{"footnotes":""},"categories":[41],"tags":[],"class_list":["post-1593","post","type-post","status-publish","format-standard","hentry","category-komunikaty-duszpasterskie"],"_links":{"self":[{"href":"http:\/\/parafia.scinawa.info\/index.php\/wp-json\/wp\/v2\/posts\/1593","targetHints":{"allow":["GET"]}}],"collection":[{"href":"http:\/\/parafia.scinawa.info\/index.php\/wp-json\/wp\/v2\/posts"}],"about":[{"href":"http:\/\/parafia.scinawa.info\/index.php\/wp-json\/wp\/v2\/types\/post"}],"author":[{"embeddable":true,"href":"http:\/\/parafia.scinawa.info\/index.php\/wp-json\/wp\/v2\/users\/2"}],"replies":[{"embeddable":true,"href":"http:\/\/parafia.scinawa.info\/index.php\/wp-json\/wp\/v2\/comments?post=1593"}],"version-history":[{"count":1,"href":"http:\/\/parafia.scinawa.info\/index.php\/wp-json\/wp\/v2\/posts\/1593\/revisions"}],"predecessor-version":[{"id":1594,"href":"http:\/\/parafia.scinawa.info\/index.php\/wp-json\/wp\/v2\/posts\/1593\/revisions\/1594"}],"wp:attachment":[{"href":"http:\/\/parafia.scinawa.info\/index.php\/wp-json\/wp\/v2\/media?parent=1593"}],"wp:term":[{"taxonomy":"category","embeddable":true,"href":"http:\/\/parafia.scinawa.info\/index.php\/wp-json\/wp\/v2\/categories?post=1593"},{"taxonomy":"post_tag","embeddable":true,"href":"http:\/\/parafia.scinawa.info\/index.php\/wp-json\/wp\/v2\/tags?post=1593"}],"curies":[{"name":"wp","href":"https:\/\/api.w.org\/{rel}","templated":true}]}}